{"id":19376,"date":"2023-10-07T16:23:37","date_gmt":"2023-10-07T22:23:37","guid":{"rendered":"https:\/\/contextoanalisisperiodistico.com\/?p=19376"},"modified":"2023-10-07T16:24:18","modified_gmt":"2023-10-07T22:24:18","slug":"la-organizacion-es-el-camino-sostiene-nino-morales-al-enviar-mensaje-de-unidad-a-paisanos-istmenos","status":"publish","type":"post","link":"https:\/\/contextoanalisisperiodistico.com\/index.php\/2023\/10\/07\/la-organizacion-es-el-camino-sostiene-nino-morales-al-enviar-mensaje-de-unidad-a-paisanos-istmenos\/","title":{"rendered":"La organizaci\u00f3n es el camino, sostiene Nino Morales al enviar mensaje de unidad a paisanos Istme\u00f1os"},"content":{"rendered":"<div id=\"fb-root\"><\/div>\n\n<p>Mario Gir\u00f3n<\/p>\n\n\n\n<p>Mat\u00edas Romero Avenda\u00f1o, 7 de octubre de 2023.- Organizaci\u00f3n y paciencia, pidi\u00f3 Antonino Morales Toledo referente estatal de la 4T, en la Asamblea Informativa que encabez\u00f3 en municipios de la regi\u00f3n del Istmo, en donde acudi\u00f3 a invitaci\u00f3n de militantes del Movimiento de Regeneraci\u00f3n Nacional, (morena).<\/p>\n\n\n\n<p>Desde esta tierra ferrocarrilera que guarda un pasado de rieles que fue rescatado por el gobierno de la transformaci\u00f3n, el joven pol\u00edtico istme\u00f1o se\u00f1al\u00f3 que la organizaci\u00f3n implica el orden, lo que permitir\u00e1 llegar a un fin y que una vez logrado, ser\u00e1 el mismo pueblo el beneficiado con bienestar, como se ha avanzado en toda la Rep\u00fablica M\u00e9xicana, desde la llegada del Gobierno de M\u00e9xico de la mano del Presidente Licenciado Andr\u00e9s Manuel L\u00f3pez Obrador.<\/p>\n\n\n\n<p>\u00abEn las Asambleas Informativas el pueblo se organiza para luchar juntos. Sigamos con la Revoluci\u00f3n de Conciencias para que unidos llevemos ese mensaje de esperanza\u00bb, destac\u00f3 Morales Toledo.<\/p>\n\n\n\n<p>Nino Morales, junto con la doctora Laura Estrada Mauro, participaron en Asambleas Informativas en donde coincidieron en hablar sobre el camino de esperanza que debe continuar para consolidar proyectos estrat\u00e9gicos del movimiento.<\/p>\n\n\n\n<figure class=\"wp-block-image size-large\"><img fetchpriority=\"high\" decoding=\"async\" width=\"1024\" height=\"683\" src=\"https:\/\/contextoanalisisperiodistico.com\/wp-content\/uploads\/2023\/10\/img-20231007-wa00447068070972715640355-1024x683.jpg\" alt=\"\" class=\"wp-image-19380\" srcset=\"https:\/\/contextoanalisisperiodistico.com\/wp-content\/uploads\/2023\/10\/img-20231007-wa00447068070972715640355-1024x683.jpg 1024w, https:\/\/contextoanalisisperiodistico.com\/wp-content\/uploads\/2023\/10\/img-20231007-wa00447068070972715640355-300x200.jpg 300w, https:\/\/contextoanalisisperiodistico.com\/wp-content\/uploads\/2023\/10\/img-20231007-wa00447068070972715640355-768x512.jpg 768w, https:\/\/contextoanalisisperiodistico.com\/wp-content\/uploads\/2023\/10\/img-20231007-wa00447068070972715640355.jpg 1079w\" sizes=\"(max-width: 1024px) 100vw, 1024px\" \/><\/figure>\n\n\n\n<figure class=\"wp-block-image\"><img decoding=\"async\" width=\"1024\" height=\"683\" src=\"https:\/\/contextoanalisisperiodistico.com\/wp-content\/uploads\/2023\/10\/img-20231007-wa00423270209230035069824-1024x683.jpg\" alt=\"\" class=\"wp-image-19379\" srcset=\"https:\/\/contextoanalisisperiodistico.com\/wp-content\/uploads\/2023\/10\/img-20231007-wa00423270209230035069824-1024x683.jpg 1024w, https:\/\/contextoanalisisperiodistico.com\/wp-content\/uploads\/2023\/10\/img-20231007-wa00423270209230035069824-300x200.jpg 300w, https:\/\/contextoanalisisperiodistico.com\/wp-content\/uploads\/2023\/10\/img-20231007-wa00423270209230035069824-768x512.jpg 768w, https:\/\/contextoanalisisperiodistico.com\/wp-content\/uploads\/2023\/10\/img-20231007-wa00423270209230035069824.jpg 1079w\" sizes=\"(max-width: 1024px) 100vw, 1024px\" \/><\/figure>\n\n\n\n<figure class=\"wp-block-image\"><img decoding=\"async\" width=\"1024\" height=\"683\" src=\"https:\/\/contextoanalisisperiodistico.com\/wp-content\/uploads\/2023\/10\/img-20231007-wa00451596151175622955005-1024x683.jpg\" alt=\"\" class=\"wp-image-19378\" srcset=\"https:\/\/contextoanalisisperiodistico.com\/wp-content\/uploads\/2023\/10\/img-20231007-wa00451596151175622955005-1024x683.jpg 1024w, https:\/\/contextoanalisisperiodistico.com\/wp-content\/uploads\/2023\/10\/img-20231007-wa00451596151175622955005-300x200.jpg 300w, https:\/\/contextoanalisisperiodistico.com\/wp-content\/uploads\/2023\/10\/img-20231007-wa00451596151175622955005-768x512.jpg 768w, https:\/\/contextoanalisisperiodistico.com\/wp-content\/uploads\/2023\/10\/img-20231007-wa00451596151175622955005.jpg 1079w\" sizes=\"(max-width: 1024px) 100vw, 1024px\" \/><\/figure>\n","protected":false},"excerpt":{"rendered":"<p>Mario Gir\u00f3n Mat\u00edas Romero Avenda\u00f1o, 7 de octubre de 2023.- Organizaci\u00f3n y paciencia, pidi\u00f3 Antonino&#8230;<\/p>\n","protected":false},"author":4,"featured_media":19377,"comment_status":"closed","ping_status":"open","sticky":false,"template":"","format":"standard","meta":{"footnotes":""},"categories":[9],"tags":[],"jetpack_sharing_enabled":true,"featured_image_urls":{"full":["https:\/\/contextoanalisisperiodistico.com\/wp-content\/uploads\/2023\/10\/IMG-20231007-WA0043.jpg",1079,720,false],"thumbnail":["https:\/\/contextoanalisisperiodistico.com\/wp-content\/uploads\/2023\/10\/IMG-20231007-WA0043-150x150.jpg",150,150,true],"medium":["https:\/\/contextoanalisisperiodistico.com\/wp-content\/uploads\/2023\/10\/IMG-20231007-WA0043-300x200.jpg",300,200,true],"medium_large":["https:\/\/contextoanalisisperiodistico.com\/wp-content\/uploads\/2023\/10\/IMG-20231007-WA0043-768x512.jpg",640,427,true],"large":["https:\/\/contextoanalisisperiodistico.com\/wp-content\/uploads\/2023\/10\/IMG-20231007-WA0043-1024x683.jpg",640,427,true],"1536x1536":["https:\/\/contextoanalisisperiodistico.com\/wp-content\/uploads\/2023\/10\/IMG-20231007-WA0043.jpg",1079,720,false],"2048x2048":["https:\/\/contextoanalisisperiodistico.com\/wp-content\/uploads\/2023\/10\/IMG-20231007-WA0043.jpg",1079,720,false],"covernews-slider-full":["https:\/\/contextoanalisisperiodistico.com\/wp-content\/uploads\/2023\/10\/IMG-20231007-WA0043-1079x715.jpg",1079,715,true],"covernews-slider-center":["https:\/\/contextoanalisisperiodistico.com\/wp-content\/uploads\/2023\/10\/IMG-20231007-WA0043-800x500.jpg",800,500,true],"covernews-featured":["https:\/\/contextoanalisisperiodistico.com\/wp-content\/uploads\/2023\/10\/IMG-20231007-WA0043-1024x683.jpg",1024,683,true],"covernews-medium":["https:\/\/contextoanalisisperiodistico.com\/wp-content\/uploads\/2023\/10\/IMG-20231007-WA0043-540x340.jpg",540,340,true],"covernews-medium-square":["https:\/\/contextoanalisisperiodistico.com\/wp-content\/uploads\/2023\/10\/IMG-20231007-WA0043-400x250.jpg",400,250,true]},"author_info":{"display_name":"Mario Gir\u00f3n","author_link":"https:\/\/contextoanalisisperiodistico.com\/index.php\/author\/director\/"},"category_info":"<a href=\"https:\/\/contextoanalisisperiodistico.com\/index.php\/category\/politica\/\" rel=\"category tag\">Pol\u00edtica<\/a>","tag_info":"Pol\u00edtica","comment_count":"0","jetpack_featured_media_url":"https:\/\/contextoanalisisperiodistico.com\/wp-content\/uploads\/2023\/10\/IMG-20231007-WA0043.jpg","_links":{"self":[{"href":"https:\/\/contextoanalisisperiodistico.com\/index.php\/wp-json\/wp\/v2\/posts\/19376"}],"collection":[{"href":"https:\/\/contextoanalisisperiodistico.com\/index.php\/wp-json\/wp\/v2\/posts"}],"about":[{"href":"https:\/\/contextoanalisisperiodistico.com\/index.php\/wp-json\/wp\/v2\/types\/post"}],"author":[{"embeddable":true,"href":"https:\/\/contextoanalisisperiodistico.com\/index.php\/wp-json\/wp\/v2\/users\/4"}],"replies":[{"embeddable":true,"href":"https:\/\/contextoanalisisperiodistico.com\/index.php\/wp-json\/wp\/v2\/comments?post=19376"}],"version-history":[{"count":1,"href":"https:\/\/contextoanalisisperiodistico.com\/index.php\/wp-json\/wp\/v2\/posts\/19376\/revisions"}],"predecessor-version":[{"id":19381,"href":"https:\/\/contextoanalisisperiodistico.com\/index.php\/wp-json\/wp\/v2\/posts\/19376\/revisions\/19381"}],"wp:featuredmedia":[{"embeddable":true,"href":"https:\/\/contextoanalisisperiodistico.com\/index.php\/wp-json\/wp\/v2\/media\/19377"}],"wp:attachment":[{"href":"https:\/\/contextoanalisisperiodistico.com\/index.php\/wp-json\/wp\/v2\/media?parent=19376"}],"wp:term":[{"taxonomy":"category","embeddable":true,"href":"https:\/\/contextoanalisisperiodistico.com\/index.php\/wp-json\/wp\/v2\/categories?post=19376"},{"taxonomy":"post_tag","embeddable":true,"href":"https:\/\/contextoanalisisperiodistico.com\/index.php\/wp-json\/wp\/v2\/tags?post=19376"}],"curies":[{"name":"wp","href":"https:\/\/api.w.org\/{rel}","templated":true}]}}