{"id":19363,"date":"2023-10-07T11:17:04","date_gmt":"2023-10-07T17:17:04","guid":{"rendered":"https:\/\/contextoanalisisperiodistico.com\/?p=19363"},"modified":"2023-10-07T11:17:42","modified_gmt":"2023-10-07T17:17:42","slug":"santa-cruz-nundaco-transita-hacia-el-desarrollo-con-el-apoyo-del-gobierno-del-estado","status":"publish","type":"post","link":"https:\/\/contextoanalisisperiodistico.com\/index.php\/2023\/10\/07\/santa-cruz-nundaco-transita-hacia-el-desarrollo-con-el-apoyo-del-gobierno-del-estado\/","title":{"rendered":"<em>Santa Cruz Nundaco transita hacia el desarrollo con el apoyo del Gobierno del Estado<\/em>"},"content":{"rendered":"<div id=\"fb-root\"><\/div>\n\n<p>\u2022 El Gobernador Salom\u00f3n Jara Cruz precis\u00f3 que, en la b\u00fasqueda de mejores condiciones de vida de las familias de esta localidad, se invertir\u00e1n m\u00e1s de 26 millones de pesos<\/p>\n\n\n\n<p>Santa Cruz Nundaco Oax., 7 de octubre de 2023.- El Gobierno de Oaxaca a trav\u00e9s de la Direcci\u00f3n de Caminos Bienestar (Cabien), invertir\u00e1 20 millones de pesos en este municipio de la mixteca para dos proyectos de infraestructura carretera, as\u00ed lo dio a conocer el Gobernador Salom\u00f3n Jara Cruz, durante su gira de trabajo por este lugar, como parte de la estrategia Trabajo que Transforma Tu Municipio.<\/p>\n\n\n\n<p>En este lugar, ante las y los habitantes se dio a conocer que, de este monto, 10 millones de pesos se destinar\u00e1n para atender la carretera que conecta a varios municipios con Santa Luc\u00eda Monte Verde y 10 millones m\u00e1s para atender el camino que conecta este municipio con San Jos\u00e9 Yatandoyo, como parte del programa de Pavimentaci\u00f3n de Caminos a Agencias Municipales.<\/p>\n\n\n\n<p>Con la asistencia del presidente municipal de Santa Cruz Nundaco, Ignacio Asunci\u00f3n Garc\u00eda L\u00e1zaro, el Mandatario estatal expres\u00f3 que su gobierno basa su gesti\u00f3n en la honestidad, la sencillez y la austeridad, por lo que anunci\u00f3 inversiones en materia de vivienda, caminos, salud, seguridad y otros.<\/p>\n\n\n\n<p>\u201cNos da mucho gusto estar aqu\u00ed, una comunidad a la que hemos venido en varias ocasiones; aqu\u00ed estuvimos con el Presidente Andr\u00e9s Manuel L\u00f3pez Obrador en el 2009, cuando nos acompa\u00f1\u00f3 a recorrer los 570 municipios de Oaxaca\u201d, record\u00f3 Jara Cruz.<\/p>\n\n\n\n<p>En ese contexto, se dio a conocer que, a trav\u00e9s de la Direcci\u00f3n de Vivienda Bienestar se apoyar\u00e1 con 580 mil pesos para el mejoramiento de los hogares. En tanto, la Secretar\u00eda de Finanzas (Sefin) inform\u00f3 que hasta el mes de agosto se han depositado a este municipio 189 mil 404 pesos como parte del Fondo Compensatorio.<\/p>\n\n\n\n<p>Por su parte, el Sistema para el Desarrollo Integral de la Familia DIF Oaxaca beneficiar\u00e1 a 695 personas de 9 localidades con diversos programas alimentarios, con una inversi\u00f3n de un mill\u00f3n 789 mil pesos.<\/p>\n\n\n\n<p>A trav\u00e9s del Instituto Estatal de Educaci\u00f3n P\u00fablica de Oaxaca (IEEPO) se atender\u00e1n cuatro solicitudes para el equipamiento de escuelas del nivel b\u00e1sico, que representa una inversi\u00f3n aproximada de 200 mil pesos.<\/p>\n\n\n\n<p>En tanto, a trav\u00e9s del Instituto Oaxaque\u00f1o Constructor de Infraestructura Educativa (Iocied) se construir\u00e1 un techado en el plantel 216 del Instituto de Estudios de Bachillerato del Estado de Oaxaca (IEBO) por una cantidad de 3 millones 100 mil pesos.<\/p>\n\n\n\n<p>Cabe destacar que, en total el Gobierno Estatal invertir\u00e1 26 millones 87 mil 150 pesos para el desarrollo de esta localidad.<\/p>\n\n\n\n<p>-0-<\/p>\n\n\n\n<figure class=\"wp-block-image size-large\"><img fetchpriority=\"high\" decoding=\"async\" width=\"1024\" height=\"682\" src=\"https:\/\/contextoanalisisperiodistico.com\/wp-content\/uploads\/2023\/10\/img-20231007-wa00266303316873820249821-1024x682.jpg\" alt=\"\" class=\"wp-image-19366\" srcset=\"https:\/\/contextoanalisisperiodistico.com\/wp-content\/uploads\/2023\/10\/img-20231007-wa00266303316873820249821-1024x682.jpg 1024w, https:\/\/contextoanalisisperiodistico.com\/wp-content\/uploads\/2023\/10\/img-20231007-wa00266303316873820249821-300x200.jpg 300w, https:\/\/contextoanalisisperiodistico.com\/wp-content\/uploads\/2023\/10\/img-20231007-wa00266303316873820249821-768x512.jpg 768w, https:\/\/contextoanalisisperiodistico.com\/wp-content\/uploads\/2023\/10\/img-20231007-wa00266303316873820249821-1536x1023.jpg 1536w, https:\/\/contextoanalisisperiodistico.com\/wp-content\/uploads\/2023\/10\/img-20231007-wa00266303316873820249821.jpg 1600w\" sizes=\"(max-width: 1024px) 100vw, 1024px\" \/><\/figure>\n\n\n\n<figure class=\"wp-block-image\"><img decoding=\"async\" width=\"1024\" height=\"682\" src=\"https:\/\/contextoanalisisperiodistico.com\/wp-content\/uploads\/2023\/10\/img-20231007-wa00255625818877701129032-1024x682.jpg\" alt=\"\" class=\"wp-image-19365\" srcset=\"https:\/\/contextoanalisisperiodistico.com\/wp-content\/uploads\/2023\/10\/img-20231007-wa00255625818877701129032-1024x682.jpg 1024w, https:\/\/contextoanalisisperiodistico.com\/wp-content\/uploads\/2023\/10\/img-20231007-wa00255625818877701129032-300x200.jpg 300w, https:\/\/contextoanalisisperiodistico.com\/wp-content\/uploads\/2023\/10\/img-20231007-wa00255625818877701129032-768x512.jpg 768w, https:\/\/contextoanalisisperiodistico.com\/wp-content\/uploads\/2023\/10\/img-20231007-wa00255625818877701129032-1536x1023.jpg 1536w, https:\/\/contextoanalisisperiodistico.com\/wp-content\/uploads\/2023\/10\/img-20231007-wa00255625818877701129032.jpg 1600w\" sizes=\"(max-width: 1024px) 100vw, 1024px\" \/><\/figure>\n\n\n\n<figure class=\"wp-block-image\"><img decoding=\"async\" width=\"1024\" height=\"682\" src=\"https:\/\/contextoanalisisperiodistico.com\/wp-content\/uploads\/2023\/10\/img-20231007-wa00275133694757433166898-1024x682.jpg\" alt=\"\" class=\"wp-image-19367\" srcset=\"https:\/\/contextoanalisisperiodistico.com\/wp-content\/uploads\/2023\/10\/img-20231007-wa00275133694757433166898-1024x682.jpg 1024w, https:\/\/contextoanalisisperiodistico.com\/wp-content\/uploads\/2023\/10\/img-20231007-wa00275133694757433166898-300x200.jpg 300w, https:\/\/contextoanalisisperiodistico.com\/wp-content\/uploads\/2023\/10\/img-20231007-wa00275133694757433166898-768x512.jpg 768w, https:\/\/contextoanalisisperiodistico.com\/wp-content\/uploads\/2023\/10\/img-20231007-wa00275133694757433166898-1536x1023.jpg 1536w, https:\/\/contextoanalisisperiodistico.com\/wp-content\/uploads\/2023\/10\/img-20231007-wa00275133694757433166898.jpg 1600w\" sizes=\"(max-width: 1024px) 100vw, 1024px\" \/><\/figure>\n","protected":false},"excerpt":{"rendered":"<p>\u2022 El Gobernador Salom\u00f3n Jara Cruz precis\u00f3 que, en la b\u00fasqueda de mejores condiciones de&#8230;<\/p>\n","protected":false},"author":4,"featured_media":19364,"comment_status":"closed","ping_status":"open","sticky":false,"template":"","format":"standard","meta":{"footnotes":""},"categories":[9],"tags":[],"jetpack_sharing_enabled":true,"featured_image_urls":{"full":["https:\/\/contextoanalisisperiodistico.com\/wp-content\/uploads\/2023\/10\/IMG-20231007-WA0024.jpg",1600,1066,false],"thumbnail":["https:\/\/contextoanalisisperiodistico.com\/wp-content\/uploads\/2023\/10\/IMG-20231007-WA0024-150x150.jpg",150,150,true],"medium":["https:\/\/contextoanalisisperiodistico.com\/wp-content\/uploads\/2023\/10\/IMG-20231007-WA0024-300x200.jpg",300,200,true],"medium_large":["https:\/\/contextoanalisisperiodistico.com\/wp-content\/uploads\/2023\/10\/IMG-20231007-WA0024-768x512.jpg",640,427,true],"large":["https:\/\/contextoanalisisperiodistico.com\/wp-content\/uploads\/2023\/10\/IMG-20231007-WA0024-1024x682.jpg",640,426,true],"1536x1536":["https:\/\/contextoanalisisperiodistico.com\/wp-content\/uploads\/2023\/10\/IMG-20231007-WA0024-1536x1023.jpg",1536,1023,true],"2048x2048":["https:\/\/contextoanalisisperiodistico.com\/wp-content\/uploads\/2023\/10\/IMG-20231007-WA0024.jpg",1600,1066,false],"covernews-slider-full":["https:\/\/contextoanalisisperiodistico.com\/wp-content\/uploads\/2023\/10\/IMG-20231007-WA0024-1115x715.jpg",1115,715,true],"covernews-slider-center":["https:\/\/contextoanalisisperiodistico.com\/wp-content\/uploads\/2023\/10\/IMG-20231007-WA0024-800x500.jpg",800,500,true],"covernews-featured":["https:\/\/contextoanalisisperiodistico.com\/wp-content\/uploads\/2023\/10\/IMG-20231007-WA0024-1024x682.jpg",1024,682,true],"covernews-medium":["https:\/\/contextoanalisisperiodistico.com\/wp-content\/uploads\/2023\/10\/IMG-20231007-WA0024-540x340.jpg",540,340,true],"covernews-medium-square":["https:\/\/contextoanalisisperiodistico.com\/wp-content\/uploads\/2023\/10\/IMG-20231007-WA0024-400x250.jpg",400,250,true]},"author_info":{"display_name":"Mario Gir\u00f3n","author_link":"https:\/\/contextoanalisisperiodistico.com\/index.php\/author\/director\/"},"category_info":"<a href=\"https:\/\/contextoanalisisperiodistico.com\/index.php\/category\/politica\/\" rel=\"category tag\">Pol\u00edtica<\/a>","tag_info":"Pol\u00edtica","comment_count":"0","jetpack_featured_media_url":"https:\/\/contextoanalisisperiodistico.com\/wp-content\/uploads\/2023\/10\/IMG-20231007-WA0024.jpg","_links":{"self":[{"href":"https:\/\/contextoanalisisperiodistico.com\/index.php\/wp-json\/wp\/v2\/posts\/19363"}],"collection":[{"href":"https:\/\/contextoanalisisperiodistico.com\/index.php\/wp-json\/wp\/v2\/posts"}],"about":[{"href":"https:\/\/contextoanalisisperiodistico.com\/index.php\/wp-json\/wp\/v2\/types\/post"}],"author":[{"embeddable":true,"href":"https:\/\/contextoanalisisperiodistico.com\/index.php\/wp-json\/wp\/v2\/users\/4"}],"replies":[{"embeddable":true,"href":"https:\/\/contextoanalisisperiodistico.com\/index.php\/wp-json\/wp\/v2\/comments?post=19363"}],"version-history":[{"count":1,"href":"https:\/\/contextoanalisisperiodistico.com\/index.php\/wp-json\/wp\/v2\/posts\/19363\/revisions"}],"predecessor-version":[{"id":19368,"href":"https:\/\/contextoanalisisperiodistico.com\/index.php\/wp-json\/wp\/v2\/posts\/19363\/revisions\/19368"}],"wp:featuredmedia":[{"embeddable":true,"href":"https:\/\/contextoanalisisperiodistico.com\/index.php\/wp-json\/wp\/v2\/media\/19364"}],"wp:attachment":[{"href":"https:\/\/contextoanalisisperiodistico.com\/index.php\/wp-json\/wp\/v2\/media?parent=19363"}],"wp:term":[{"taxonomy":"category","embeddable":true,"href":"https:\/\/contextoanalisisperiodistico.com\/index.php\/wp-json\/wp\/v2\/categories?post=19363"},{"taxonomy":"post_tag","embeddable":true,"href":"https:\/\/contextoanalisisperiodistico.com\/index.php\/wp-json\/wp\/v2\/tags?post=19363"}],"curies":[{"name":"wp","href":"https:\/\/api.w.org\/{rel}","templated":true}]}}