{"id":19360,"date":"2023-10-07T10:39:02","date_gmt":"2023-10-07T16:39:02","guid":{"rendered":"https:\/\/contextoanalisisperiodistico.com\/?p=19360"},"modified":"2023-10-07T10:39:43","modified_gmt":"2023-10-07T16:39:43","slug":"permanece-despliegue-interinstitucional-para-detectar-afectaciones-tras-sismo-de-magnitud-6-0","status":"publish","type":"post","link":"https:\/\/contextoanalisisperiodistico.com\/index.php\/2023\/10\/07\/permanece-despliegue-interinstitucional-para-detectar-afectaciones-tras-sismo-de-magnitud-6-0\/","title":{"rendered":"Permanece despliegue interinstitucional para detectar afectaciones tras sismo de magnitud 6.0"},"content":{"rendered":"<div id=\"fb-root\"><\/div>\n\n<p>Oaxaca de Ju\u00e1rez, Oax. 7 de octubre de 2023.- La Coordinaci\u00f3n Estatal de Protecci\u00f3n Civil y Gesti\u00f3n de Riesgos (CEPCyGR) emite informaci\u00f3n actualizada referente a los da\u00f1os ocasionados por el sismo de magnitud 6.0 registrado la noche del viernes 6 de octubre, con epicentro en el municipio de Mat\u00edas Romero Avenda\u00f1o.<\/p>\n\n\n\n<p>Hasta el momento se tiene saldo blanco en las ocho regiones de la entidad y no se reporta la p\u00e9rdida de vidas humanas, ni personas lesionadas. \u00danicamente se registran algunos da\u00f1os materiales.<\/p>\n\n\n\n<p>Por instrucciones del Gobernador Salom\u00f3n Jara Cruz se realiz\u00f3 un despliegue interinstitucional en el que participan las dependencias del Gobierno del Estado, la Guardia Nacional (GN), la Secretar\u00eda de la Defensa Nacional (Sedena), as\u00ed como autoridades municipales para revisar posibles afectaciones.<\/p>\n\n\n\n<p>Como resultado de este despliegue se identific\u00f3 que: en la regi\u00f3n de la Sierra de Ju\u00e1rez, en el barrio La Plomosa, perteneciente al municipio de Santiago Xiacu\u00ed, en dos localidades de Guelatao de Ju\u00e1rez y en los municipios de San Juan Quiotepec, Abejones y San Pablo Macuiltianguis se encuentran sin energ\u00eda el\u00e9ctrica.<\/p>\n\n\n\n<p>Asimismo, dos viviendas resultaron afectadas en el municipio de San Pedro Yaneri; se reporta el colapso de un puente en Santiago Atitl\u00e1n y se presentan da\u00f1os en el templo de Santa Catarina Lachatao.<\/p>\n\n\n\n<p>En el municipio de Oaxaca de Ju\u00e1rez, la Direcci\u00f3n de Protecci\u00f3n Civil Municipal realiz\u00f3 el acordonamiento por desprendimiento de aplanado en un inmueble en mal estado, ubicado sobre la calle Col\u00f3n y Fiallo, en el Centro Hist\u00f3rico, al igual que en un inmueble ubicado en Avenida Independencia frente al jard\u00edn S\u00f3crates.<\/p>\n\n\n\n<p>Dicho personal realiz\u00f3 recorridos en el Palacio Municipal, la explanada de la Alameda de Le\u00f3n, el Z\u00f3calo y calles del primer cuadro de la ciudad, donde no se reportaron da\u00f1os.<\/p>\n\n\n\n<p>En el Hospital del ISSSTE, se registr\u00f3 el desprendimiento de plaf\u00f3n y personas con crisis nerviosa.<\/p>\n\n\n\n<p>Las dependencias de los gobiernos municipal, estatal y federal colaboran de manera conjunta para garantizar la seguridad de las familias oaxaque\u00f1as en caso de fen\u00f3menos perturbadores.<\/p>\n\n\n\n<p>-0-<\/p>\n","protected":false},"excerpt":{"rendered":"<p>Oaxaca de Ju\u00e1rez, Oax. 7 de octubre de 2023.- La Coordinaci\u00f3n Estatal de Protecci\u00f3n Civil&#8230;<\/p>\n","protected":false},"author":4,"featured_media":19361,"comment_status":"closed","ping_status":"open","sticky":false,"template":"","format":"standard","meta":{"footnotes":""},"categories":[9],"tags":[],"jetpack_sharing_enabled":true,"featured_image_urls":{"full":["https:\/\/contextoanalisisperiodistico.com\/wp-content\/uploads\/2023\/10\/IMG-20231007-WA0023.jpg",960,960,false],"thumbnail":["https:\/\/contextoanalisisperiodistico.com\/wp-content\/uploads\/2023\/10\/IMG-20231007-WA0023-150x150.jpg",150,150,true],"medium":["https:\/\/contextoanalisisperiodistico.com\/wp-content\/uploads\/2023\/10\/IMG-20231007-WA0023-300x300.jpg",300,300,true],"medium_large":["https:\/\/contextoanalisisperiodistico.com\/wp-content\/uploads\/2023\/10\/IMG-20231007-WA0023-768x768.jpg",640,640,true],"large":["https:\/\/contextoanalisisperiodistico.com\/wp-content\/uploads\/2023\/10\/IMG-20231007-WA0023.jpg",640,640,false],"1536x1536":["https:\/\/contextoanalisisperiodistico.com\/wp-content\/uploads\/2023\/10\/IMG-20231007-WA0023.jpg",960,960,false],"2048x2048":["https:\/\/contextoanalisisperiodistico.com\/wp-content\/uploads\/2023\/10\/IMG-20231007-WA0023.jpg",960,960,false],"covernews-slider-full":["https:\/\/contextoanalisisperiodistico.com\/wp-content\/uploads\/2023\/10\/IMG-20231007-WA0023-960x715.jpg",960,715,true],"covernews-slider-center":["https:\/\/contextoanalisisperiodistico.com\/wp-content\/uploads\/2023\/10\/IMG-20231007-WA0023-800x500.jpg",800,500,true],"covernews-featured":["https:\/\/contextoanalisisperiodistico.com\/wp-content\/uploads\/2023\/10\/IMG-20231007-WA0023.jpg",960,960,false],"covernews-medium":["https:\/\/contextoanalisisperiodistico.com\/wp-content\/uploads\/2023\/10\/IMG-20231007-WA0023-540x340.jpg",540,340,true],"covernews-medium-square":["https:\/\/contextoanalisisperiodistico.com\/wp-content\/uploads\/2023\/10\/IMG-20231007-WA0023-400x250.jpg",400,250,true]},"author_info":{"display_name":"Mario Gir\u00f3n","author_link":"https:\/\/contextoanalisisperiodistico.com\/index.php\/author\/director\/"},"category_info":"<a href=\"https:\/\/contextoanalisisperiodistico.com\/index.php\/category\/politica\/\" rel=\"category tag\">Pol\u00edtica<\/a>","tag_info":"Pol\u00edtica","comment_count":"0","jetpack_featured_media_url":"https:\/\/contextoanalisisperiodistico.com\/wp-content\/uploads\/2023\/10\/IMG-20231007-WA0023.jpg","_links":{"self":[{"href":"https:\/\/contextoanalisisperiodistico.com\/index.php\/wp-json\/wp\/v2\/posts\/19360"}],"collection":[{"href":"https:\/\/contextoanalisisperiodistico.com\/index.php\/wp-json\/wp\/v2\/posts"}],"about":[{"href":"https:\/\/contextoanalisisperiodistico.com\/index.php\/wp-json\/wp\/v2\/types\/post"}],"author":[{"embeddable":true,"href":"https:\/\/contextoanalisisperiodistico.com\/index.php\/wp-json\/wp\/v2\/users\/4"}],"replies":[{"embeddable":true,"href":"https:\/\/contextoanalisisperiodistico.com\/index.php\/wp-json\/wp\/v2\/comments?post=19360"}],"version-history":[{"count":1,"href":"https:\/\/contextoanalisisperiodistico.com\/index.php\/wp-json\/wp\/v2\/posts\/19360\/revisions"}],"predecessor-version":[{"id":19362,"href":"https:\/\/contextoanalisisperiodistico.com\/index.php\/wp-json\/wp\/v2\/posts\/19360\/revisions\/19362"}],"wp:featuredmedia":[{"embeddable":true,"href":"https:\/\/contextoanalisisperiodistico.com\/index.php\/wp-json\/wp\/v2\/media\/19361"}],"wp:attachment":[{"href":"https:\/\/contextoanalisisperiodistico.com\/index.php\/wp-json\/wp\/v2\/media?parent=19360"}],"wp:term":[{"taxonomy":"category","embeddable":true,"href":"https:\/\/contextoanalisisperiodistico.com\/index.php\/wp-json\/wp\/v2\/categories?post=19360"},{"taxonomy":"post_tag","embeddable":true,"href":"https:\/\/contextoanalisisperiodistico.com\/index.php\/wp-json\/wp\/v2\/tags?post=19360"}],"curies":[{"name":"wp","href":"https:\/\/api.w.org\/{rel}","templated":true}]}}