{"id":19359,"date":"2023-10-07T07:57:52","date_gmt":"2023-10-07T13:57:52","guid":{"rendered":"https:\/\/contextoanalisisperiodistico.com\/index.php\/2023\/10\/07\/sin-danos-que-lamentar-en-la-ciudad-por-sismo-de-anoche\/"},"modified":"2023-10-07T07:57:52","modified_gmt":"2023-10-07T13:57:52","slug":"sin-danos-que-lamentar-en-la-ciudad-por-sismo-de-anoche","status":"publish","type":"post","link":"https:\/\/contextoanalisisperiodistico.com\/index.php\/2023\/10\/07\/sin-danos-que-lamentar-en-la-ciudad-por-sismo-de-anoche\/","title":{"rendered":"Sin da\u00f1os que lamentar en la ciudad por sismo de anoche"},"content":{"rendered":"<div id=\"fb-root\"><\/div>\n\n<p><em>TARJETA INFORMATIVA<\/em><\/p>\n\n\n\n<p>Ante el sismo registrado anoche, el presidente municipal de Oaxaca de Ju\u00e1rez, Francisco Mart\u00ednez Neri gir\u00f3 instrucciones para que activara el protocolo correspondiente haciendo los recorridos de detecci\u00f3n de da\u00f1os, emitiendo las recomendaciones para la prevenci\u00f3n de riesgos, principalmente en lugares vulnerables, inmuebles catalogados y reportes por parte de C2 y C4.<\/p>\n\n\n\n<p>De acuerdo a los reportes emitidos por la Secretar\u00eda de Seguridad Ciudadana, Movilidad y Protecci\u00f3n Civil se informa que:<\/p>\n\n\n\n<ul>\n<li>Hospital Civil Aurelio Valdivieso se reporta sin da\u00f1o alguno.<\/li>\n<\/ul>\n\n\n\n<p>*Hospital del ISSSTE se reporta desprendimiento de plaf\u00f3n y personas con crisis nerviosa.<\/p>\n\n\n\n<p>*Hospital del Instituto Mexicano del Seguro Social sin da\u00f1o alguno.<\/p>\n\n\n\n<p>*Palacio Municipal sin novedad.<\/p>\n\n\n\n<p>*Explanada de la Alameda de le\u00f3n, Z\u00f3calo capitalino y calles del primer cuadro de la ciudad sin da\u00f1o alguno.<\/p>\n\n\n\n<p>*Inmuebles catalogados en mal estado:<\/p>\n\n\n\n<p>*En Independencia frente al jard\u00edn Socrates se acordona por desprendimiento de aplanado.<\/p>\n\n\n\n<p>*Inmueble de la calle Col\u00f3n y Fiallo se realiza acordonamiento por desprendimiento de aplanado.<\/p>\n\n\n\n<p>*Mercado 20 de Noviembre se reporta sin da\u00f1o, se asiste ya que hab\u00eda reporte de da\u00f1os.<\/p>\n\n\n\n<p>*Mercado Las Flores reportan da\u00f1os en aplanados.<\/p>\n\n\n\n<p>Asimismo se realiz\u00f3 un recorrido donde se revisaron viviendas particulares que presentaban da\u00f1os en aplanados y desprendimientos, para brindar recomendaciones.<\/p>\n\n\n\n<figure class=\"wp-block-image size-large\"><img fetchpriority=\"high\" decoding=\"async\" width=\"1024\" height=\"576\" src=\"https:\/\/contextoanalisisperiodistico.com\/wp-content\/uploads\/2023\/10\/img-20231007-wa00174800595972878800893-1024x576.jpg\" alt=\"\" class=\"wp-image-19357\" srcset=\"https:\/\/contextoanalisisperiodistico.com\/wp-content\/uploads\/2023\/10\/img-20231007-wa00174800595972878800893-1024x576.jpg 1024w, https:\/\/contextoanalisisperiodistico.com\/wp-content\/uploads\/2023\/10\/img-20231007-wa00174800595972878800893-300x169.jpg 300w, https:\/\/contextoanalisisperiodistico.com\/wp-content\/uploads\/2023\/10\/img-20231007-wa00174800595972878800893-768x432.jpg 768w, https:\/\/contextoanalisisperiodistico.com\/wp-content\/uploads\/2023\/10\/img-20231007-wa00174800595972878800893.jpg 1280w\" sizes=\"(max-width: 1024px) 100vw, 1024px\" \/><\/figure>\n\n\n\n<figure class=\"wp-block-image\"><img decoding=\"async\" width=\"1024\" height=\"768\" src=\"https:\/\/contextoanalisisperiodistico.com\/wp-content\/uploads\/2023\/10\/img-20231007-wa00161075890408211383965-1024x768.jpg\" alt=\"\" class=\"wp-image-19358\" srcset=\"https:\/\/contextoanalisisperiodistico.com\/wp-content\/uploads\/2023\/10\/img-20231007-wa00161075890408211383965-1024x768.jpg 1024w, https:\/\/contextoanalisisperiodistico.com\/wp-content\/uploads\/2023\/10\/img-20231007-wa00161075890408211383965-300x225.jpg 300w, https:\/\/contextoanalisisperiodistico.com\/wp-content\/uploads\/2023\/10\/img-20231007-wa00161075890408211383965-768x576.jpg 768w, https:\/\/contextoanalisisperiodistico.com\/wp-content\/uploads\/2023\/10\/img-20231007-wa00161075890408211383965-1536x1152.jpg 1536w, https:\/\/contextoanalisisperiodistico.com\/wp-content\/uploads\/2023\/10\/img-20231007-wa00161075890408211383965.jpg 1600w\" sizes=\"(max-width: 1024px) 100vw, 1024px\" \/><\/figure>\n","protected":false},"excerpt":{"rendered":"<p>TARJETA INFORMATIVA Ante el sismo registrado anoche, el presidente municipal de Oaxaca de Ju\u00e1rez, Francisco&#8230;<\/p>\n","protected":false},"author":4,"featured_media":19356,"comment_status":"","ping_status":"open","sticky":false,"template":"","format":"standard","meta":{"footnotes":""},"categories":[9],"tags":[],"jetpack_sharing_enabled":true,"featured_image_urls":{"full":["https:\/\/contextoanalisisperiodistico.com\/wp-content\/uploads\/2023\/10\/IMG-20231007-WA0015.jpg",1280,720,false],"thumbnail":["https:\/\/contextoanalisisperiodistico.com\/wp-content\/uploads\/2023\/10\/IMG-20231007-WA0015-150x150.jpg",150,150,true],"medium":["https:\/\/contextoanalisisperiodistico.com\/wp-content\/uploads\/2023\/10\/IMG-20231007-WA0015-300x169.jpg",300,169,true],"medium_large":["https:\/\/contextoanalisisperiodistico.com\/wp-content\/uploads\/2023\/10\/IMG-20231007-WA0015-768x432.jpg",640,360,true],"large":["https:\/\/contextoanalisisperiodistico.com\/wp-content\/uploads\/2023\/10\/IMG-20231007-WA0015-1024x576.jpg",640,360,true],"1536x1536":["https:\/\/contextoanalisisperiodistico.com\/wp-content\/uploads\/2023\/10\/IMG-20231007-WA0015.jpg",1280,720,false],"2048x2048":["https:\/\/contextoanalisisperiodistico.com\/wp-content\/uploads\/2023\/10\/IMG-20231007-WA0015.jpg",1280,720,false],"covernews-slider-full":["https:\/\/contextoanalisisperiodistico.com\/wp-content\/uploads\/2023\/10\/IMG-20231007-WA0015-1115x715.jpg",1115,715,true],"covernews-slider-center":["https:\/\/contextoanalisisperiodistico.com\/wp-content\/uploads\/2023\/10\/IMG-20231007-WA0015-800x500.jpg",800,500,true],"covernews-featured":["https:\/\/contextoanalisisperiodistico.com\/wp-content\/uploads\/2023\/10\/IMG-20231007-WA0015-1024x576.jpg",1024,576,true],"covernews-medium":["https:\/\/contextoanalisisperiodistico.com\/wp-content\/uploads\/2023\/10\/IMG-20231007-WA0015-540x340.jpg",540,340,true],"covernews-medium-square":["https:\/\/contextoanalisisperiodistico.com\/wp-content\/uploads\/2023\/10\/IMG-20231007-WA0015-400x250.jpg",400,250,true]},"author_info":{"display_name":"Mario Gir\u00f3n","author_link":"https:\/\/contextoanalisisperiodistico.com\/index.php\/author\/director\/"},"category_info":"<a href=\"https:\/\/contextoanalisisperiodistico.com\/index.php\/category\/politica\/\" rel=\"category tag\">Pol\u00edtica<\/a>","tag_info":"Pol\u00edtica","comment_count":"0","jetpack_featured_media_url":"https:\/\/contextoanalisisperiodistico.com\/wp-content\/uploads\/2023\/10\/IMG-20231007-WA0015.jpg","_links":{"self":[{"href":"https:\/\/contextoanalisisperiodistico.com\/index.php\/wp-json\/wp\/v2\/posts\/19359"}],"collection":[{"href":"https:\/\/contextoanalisisperiodistico.com\/index.php\/wp-json\/wp\/v2\/posts"}],"about":[{"href":"https:\/\/contextoanalisisperiodistico.com\/index.php\/wp-json\/wp\/v2\/types\/post"}],"author":[{"embeddable":true,"href":"https:\/\/contextoanalisisperiodistico.com\/index.php\/wp-json\/wp\/v2\/users\/4"}],"replies":[{"embeddable":true,"href":"https:\/\/contextoanalisisperiodistico.com\/index.php\/wp-json\/wp\/v2\/comments?post=19359"}],"version-history":[{"count":0,"href":"https:\/\/contextoanalisisperiodistico.com\/index.php\/wp-json\/wp\/v2\/posts\/19359\/revisions"}],"wp:featuredmedia":[{"embeddable":true,"href":"https:\/\/contextoanalisisperiodistico.com\/index.php\/wp-json\/wp\/v2\/media\/19356"}],"wp:attachment":[{"href":"https:\/\/contextoanalisisperiodistico.com\/index.php\/wp-json\/wp\/v2\/media?parent=19359"}],"wp:term":[{"taxonomy":"category","embeddable":true,"href":"https:\/\/contextoanalisisperiodistico.com\/index.php\/wp-json\/wp\/v2\/categories?post=19359"},{"taxonomy":"post_tag","embeddable":true,"href":"https:\/\/contextoanalisisperiodistico.com\/index.php\/wp-json\/wp\/v2\/tags?post=19359"}],"curies":[{"name":"wp","href":"https:\/\/api.w.org\/{rel}","templated":true}]}}