{"id":19339,"date":"2023-10-06T20:28:09","date_gmt":"2023-10-07T02:28:09","guid":{"rendered":"https:\/\/contextoanalisisperiodistico.com\/index.php\/2023\/10\/06\/ogaipo-e-info-nuevo-leon-organizan-taller-que-son-los-datos-personales-y-un-aviso-de-privacidad\/"},"modified":"2023-10-06T20:28:09","modified_gmt":"2023-10-07T02:28:09","slug":"ogaipo-e-info-nuevo-leon-organizan-taller-que-son-los-datos-personales-y-un-aviso-de-privacidad","status":"publish","type":"post","link":"https:\/\/contextoanalisisperiodistico.com\/index.php\/2023\/10\/06\/ogaipo-e-info-nuevo-leon-organizan-taller-que-son-los-datos-personales-y-un-aviso-de-privacidad\/","title":{"rendered":"OGAIPO e INFO Nuevo Le\u00f3n organizan taller \u00ab\u00bfQu\u00e9 son los datos personales y un aviso de privacidad?\u00bb"},"content":{"rendered":"<div id=\"fb-root\"><\/div>\n\n<p><a href=\"\">Oaxaca de Ju\u00e1rez, Oax., a 6 de octubre del 2023.- Esta ma\u00f1ana se llev\u00f3 a cabo el Taller \u201cQu\u00e9 son los Datos Personales y un Aviso de Privacidad\u201d, dirigido a integrantes del Consejo Regulador del Mezcal en Oaxaca, con el objetivo de brindar herramientas para que conozcan que son los datos personales y elaboren sus avisos de privacidad, para dar cumplimiento al principio de informaci\u00f3n.<\/a><\/p>\n\n\n\n<p>&nbsp;<\/p>\n\n\n\n<p>Este taller fue organizado por el \u00d3rgano Garante de Acceso a la Informaci\u00f3n P\u00fablica, Transparencia, Protecci\u00f3n de Datos Personales y Buen Gobierno del Estado de Oaxaca (OGAIPO) y el Instituto Estatal de Transparencia, Acceso a la Informaci\u00f3n y Protecci\u00f3n de Datos Personales del Estado de Nuevo Le\u00f3n (INFO NL).<\/p>\n\n\n\n<p>&nbsp;<\/p>\n\n\n\n<p>Lo imparti\u00f3 la Dra. Mar\u00eda de los \u00c1ngeles Guzm\u00e1n Garc\u00eda, Consejera del INFO NL, tuvo una duraci\u00f3n aproximada de dos horas, fue impartido a integrantes del Consejo Regulador del Mezcal, se abord\u00f3 la conceptualizaci\u00f3n e identificaci\u00f3n de los datos personales, as\u00ed como el ejercicio del derecho a la protecci\u00f3n de los datos personales a trav\u00e9s de los mecanismos ARCOP (Acceso, rectificaci\u00f3n, Cancelaci\u00f3n, Oposici\u00f3n y Portabilidad).<\/p>\n\n\n\n<p>&nbsp;<\/p>\n\n\n\n<p>Se trat\u00f3 de un ejercicio orientador, ya que se brindaron elementos y herramientas para que est\u00e9n en posibilidad de generar, revisar y mejorar sus avisos de privacidad, para ponerlos a disposici\u00f3n de las y los titulares; en el marco de lo establecido en la normatividad aplicable.<\/p>\n\n\n\n<p>&nbsp;<\/p>\n\n\n\n<p>Al final, la Jefa del Departamento de Protecci\u00f3n de Datos Personales y Archivo del OGAIPO, Mar\u00eda Magdalena P\u00e9rez Garc\u00eda le proporcion\u00f3 un Reconocimiento a la Ponente por compartir sus conocimientos y experiencia con las y los participantes del Taller. &nbsp;<\/p>\n","protected":false},"excerpt":{"rendered":"<p>Oaxaca de Ju\u00e1rez, Oax., a 6 de octubre del 2023.- Esta ma\u00f1ana se llev\u00f3 a&#8230;<\/p>\n","protected":false},"author":4,"featured_media":19338,"comment_status":"","ping_status":"open","sticky":false,"template":"","format":"standard","meta":{"footnotes":""},"categories":[3],"tags":[],"jetpack_sharing_enabled":true,"featured_image_urls":{"full":["https:\/\/contextoanalisisperiodistico.com\/wp-content\/uploads\/2023\/10\/IMG_8025-scaled.jpg",2560,1707,false],"thumbnail":["https:\/\/contextoanalisisperiodistico.com\/wp-content\/uploads\/2023\/10\/IMG_8025-150x150.jpg",150,150,true],"medium":["https:\/\/contextoanalisisperiodistico.com\/wp-content\/uploads\/2023\/10\/IMG_8025-300x200.jpg",300,200,true],"medium_large":["https:\/\/contextoanalisisperiodistico.com\/wp-content\/uploads\/2023\/10\/IMG_8025-768x512.jpg",640,427,true],"large":["https:\/\/contextoanalisisperiodistico.com\/wp-content\/uploads\/2023\/10\/IMG_8025-1024x683.jpg",640,427,true],"1536x1536":["https:\/\/contextoanalisisperiodistico.com\/wp-content\/uploads\/2023\/10\/IMG_8025-1536x1024.jpg",1536,1024,true],"2048x2048":["https:\/\/contextoanalisisperiodistico.com\/wp-content\/uploads\/2023\/10\/IMG_8025-2048x1365.jpg",2048,1365,true],"covernews-slider-full":["https:\/\/contextoanalisisperiodistico.com\/wp-content\/uploads\/2023\/10\/IMG_8025-1115x715.jpg",1115,715,true],"covernews-slider-center":["https:\/\/contextoanalisisperiodistico.com\/wp-content\/uploads\/2023\/10\/IMG_8025-800x500.jpg",800,500,true],"covernews-featured":["https:\/\/contextoanalisisperiodistico.com\/wp-content\/uploads\/2023\/10\/IMG_8025-1024x683.jpg",1024,683,true],"covernews-medium":["https:\/\/contextoanalisisperiodistico.com\/wp-content\/uploads\/2023\/10\/IMG_8025-540x340.jpg",540,340,true],"covernews-medium-square":["https:\/\/contextoanalisisperiodistico.com\/wp-content\/uploads\/2023\/10\/IMG_8025-400x250.jpg",400,250,true]},"author_info":{"display_name":"Mario Gir\u00f3n","author_link":"https:\/\/contextoanalisisperiodistico.com\/index.php\/author\/director\/"},"category_info":"<a href=\"https:\/\/contextoanalisisperiodistico.com\/index.php\/category\/ciudad\/\" rel=\"category tag\">Ciudad<\/a>","tag_info":"Ciudad","comment_count":"0","jetpack_featured_media_url":"https:\/\/contextoanalisisperiodistico.com\/wp-content\/uploads\/2023\/10\/IMG_8025-scaled.jpg","_links":{"self":[{"href":"https:\/\/contextoanalisisperiodistico.com\/index.php\/wp-json\/wp\/v2\/posts\/19339"}],"collection":[{"href":"https:\/\/contextoanalisisperiodistico.com\/index.php\/wp-json\/wp\/v2\/posts"}],"about":[{"href":"https:\/\/contextoanalisisperiodistico.com\/index.php\/wp-json\/wp\/v2\/types\/post"}],"author":[{"embeddable":true,"href":"https:\/\/contextoanalisisperiodistico.com\/index.php\/wp-json\/wp\/v2\/users\/4"}],"replies":[{"embeddable":true,"href":"https:\/\/contextoanalisisperiodistico.com\/index.php\/wp-json\/wp\/v2\/comments?post=19339"}],"version-history":[{"count":0,"href":"https:\/\/contextoanalisisperiodistico.com\/index.php\/wp-json\/wp\/v2\/posts\/19339\/revisions"}],"wp:featuredmedia":[{"embeddable":true,"href":"https:\/\/contextoanalisisperiodistico.com\/index.php\/wp-json\/wp\/v2\/media\/19338"}],"wp:attachment":[{"href":"https:\/\/contextoanalisisperiodistico.com\/index.php\/wp-json\/wp\/v2\/media?parent=19339"}],"wp:term":[{"taxonomy":"category","embeddable":true,"href":"https:\/\/contextoanalisisperiodistico.com\/index.php\/wp-json\/wp\/v2\/categories?post=19339"},{"taxonomy":"post_tag","embeddable":true,"href":"https:\/\/contextoanalisisperiodistico.com\/index.php\/wp-json\/wp\/v2\/tags?post=19339"}],"curies":[{"name":"wp","href":"https:\/\/api.w.org\/{rel}","templated":true}]}}