{"id":19327,"date":"2023-10-06T19:04:49","date_gmt":"2023-10-07T01:04:49","guid":{"rendered":"https:\/\/contextoanalisisperiodistico.com\/?p=19327"},"modified":"2023-10-06T19:05:30","modified_gmt":"2023-10-07T01:05:30","slug":"confirman-autoridades-16-migrantes-fallecidas-en-volcadura-de-autobus","status":"publish","type":"post","link":"https:\/\/contextoanalisisperiodistico.com\/index.php\/2023\/10\/06\/confirman-autoridades-16-migrantes-fallecidas-en-volcadura-de-autobus\/","title":{"rendered":"Confirman autoridades 16 migrantes fallecidas en  volcadura de autob\u00fas"},"content":{"rendered":"<div id=\"fb-root\"><\/div>\n\n<p>\u2022 En la atenci\u00f3n a las v\u00edctimas colaboran las secretar\u00edas de Gobierno, de Seguridad y Protecci\u00f3n Ciudadana, la Fiscal\u00eda General del Estado de Oaxaca, la Coordinaci\u00f3n Estatal de Protecci\u00f3n Civil y Gesti\u00f3n de Riesgos, la Guardia Nacional y Caminos y Puentes Federales<\/p>\n\n\n\n<p>Oaxaca de Ju\u00e1rez, Oax. 6 de octubre de 2023.- El Gobierno del Estado de Oaxaca inform\u00f3 que diversas dependencias federales y estatales colaboran en la atenci\u00f3n de las v\u00edctimas y personas lesionadas durante el accidente ocurrido en la autopista Cuacnopalan \u2013 Oaxaca.<\/p>\n\n\n\n<p>En tanto, la Fiscal\u00eda General del Estado de Oaxaca (FGEO) confirm\u00f3 que el saldo del siniestro al corte de las 15:00 horas de este 6 de octubre, son 16 personas fallecidas: 13 personas adultas y tres menores de edad, originarias de Venezuela y Hait\u00ed. Tambi\u00e9n resultaron 27 personas lesionadas: 9 menores y 18 personas adultas, todas ellas originarias de Venezuela, los cuales fueron trasladados al Hospital General de Tehuac\u00e1n, Puebla.<\/p>\n\n\n\n<p>El accidente ocurri\u00f3 en la supercarretera 135-D Oaxaca-M\u00e9xico donde volc\u00f3 el autob\u00fas de la l\u00ednea Eco Enlace con placas de circulaci\u00f3n 938RP5 y con 55 personas pasajeras a bordo.<\/p>\n\n\n\n<p>De acuerdo con los datos reportados por la Guardia Nacional, el veh\u00edculo sali\u00f3 a las 23:30 horas del 5 de octubre de San Sebasti\u00e1n Tutla y el accidente ocurri\u00f3 el 6 de octubre a las 05:00 horas en el kil\u00f3metro 88 de la mencionada supercarretera.<\/p>\n\n\n\n<p>Personas lesionadas trasladadas al Hospital General de Tehuac\u00e1n, Puebla<\/p>\n\n\n\n<ol>\n<li>Rodolfo Gonz\u00e1lez Gonz\u00e1lez, 26 a\u00f1os, Venezuela.<\/li>\n\n\n\n<li>C\u00e9sar Augusto Rengifo, 41 a\u00f1os, Venezuela.<\/li>\n\n\n\n<li>Henry D\u00edaz Mora 33 a\u00f1os, Venezuela.<\/li>\n\n\n\n<li>Alejandra Prada Moncada, 12 a\u00f1os, Venezuela.<\/li>\n\n\n\n<li>Antonella Prada Moncada,10 a\u00f1os, Venezuela.<\/li>\n\n\n\n<li>Josmar Prada Hern\u00e1ndez, 34 a\u00f1os, Venezuela.<\/li>\n\n\n\n<li>G\u00e9nesis Moncada Torres, 31 a\u00f1os, Venezuela.<\/li>\n\n\n\n<li>Miguel Yadiro Mendieta Grados, 11 a\u00f1os, Per\u00fa.<\/li>\n\n\n\n<li>Melissa Mej\u00eda Ruiz, 37 a\u00f1os, Venezuela.<\/li>\n\n\n\n<li>Jonathan Ram\u00edrez, 33 a\u00f1os, Venezuela.<\/li>\n\n\n\n<li>Milagros Josefina Gonz\u00e1lez, 46 a\u00f1os, Venezuela.<\/li>\n\n\n\n<li>Josmar Gil, 28 a\u00f1os, Venezuela.<\/li>\n\n\n\n<li>Alber Pereira Soto, 17 a\u00f1os, Venezuela.<\/li>\n\n\n\n<li>Edgar Figueroa, 12 a\u00f1os, Venezuela.<\/li>\n\n\n\n<li>Miguel Rojas Aular, 41 a\u00f1os, Venezuela.<\/li>\n\n\n\n<li>Neile Pantoja, 37 a\u00f1os, Venezuela.<\/li>\n\n\n\n<li>Frelysmar Soto Villanueva, 37 a\u00f1os, Venezuela.<\/li>\n\n\n\n<li>Wilkar Pereira D\u00edas, 3 a\u00f1os, Venezuela.<\/li>\n\n\n\n<li>Inisle Ochoa Delgado, 22 a\u00f1os, Venezuela.<\/li>\n\n\n\n<li>Piandi Ferre L\u00f3pez, 30 a\u00f1os, Venezuela.<\/li>\n\n\n\n<li>Stefani Guerrero, 21 a\u00f1os, Venezuela.<\/li>\n\n\n\n<li>Davismar Pantoja, 15 a\u00f1os, Venezuela.<\/li>\n\n\n\n<li>Joshua Pantoja, 3 a\u00f1os, Venezuela.<\/li>\n\n\n\n<li>Islauri Villasana, 31 a\u00f1os, Venezuela.<\/li>\n\n\n\n<li>Sof\u00eda Hern\u00e1ndez Eseguera, 10 a\u00f1os, Venezuela.<\/li>\n\n\n\n<li>Anthony Plada, 27 a\u00f1os, Venezuela.<\/li>\n\n\n\n<li>Esteban Eseguera, 26 a\u00f1os, Venezuela.<\/li>\n<\/ol>\n\n\n\n<p>Trabajan en la identificaci\u00f3n de las personas fallecidas<\/p>\n\n\n\n<p>Se inform\u00f3 que los cuerpos de las personas fallecidas fueron trasladados al Servicio M\u00e9dico Forense (Semefo) de la Fiscal\u00eda General del Estado de Oaxaca para su identificaci\u00f3n.<\/p>\n\n\n\n<p>En las tareas de atenci\u00f3n a las v\u00edctimas colaboran desde la madrugada la Secretar\u00eda de Gobierno (Sego) con la Coordinaci\u00f3n de Delegados de Paz Social; la Secretar\u00eda de Seguridad y Protecci\u00f3n Ciudadana (SSPC) con elementos de la Polic\u00eda Vial Estatal y de la Polic\u00eda Estatal; la Fiscal\u00eda General del Estado de Oaxaca con elementos de la Agencia Estatal de Investigaciones y del Servicio M\u00e9dico Forense.<\/p>\n\n\n\n<p>Adem\u00e1s, colabora personal de la Coordinaci\u00f3n Estatal de Protecci\u00f3n Civil y Gesti\u00f3n de Riesgos (CEPCyGR), Guardia Nacional y Caminos y Puentes Federales.<br \/>-0-<\/p>\n","protected":false},"excerpt":{"rendered":"<p>\u2022 En la atenci\u00f3n a las v\u00edctimas colaboran las secretar\u00edas de Gobierno, de Seguridad y&#8230;<\/p>\n","protected":false},"author":4,"featured_media":19328,"comment_status":"closed","ping_status":"open","sticky":false,"template":"","format":"standard","meta":{"footnotes":""},"categories":[9],"tags":[],"jetpack_sharing_enabled":true,"featured_image_urls":{"full":["https:\/\/contextoanalisisperiodistico.com\/wp-content\/uploads\/2023\/10\/IMG-20231006-WA0068.jpg",1080,1080,false],"thumbnail":["https:\/\/contextoanalisisperiodistico.com\/wp-content\/uploads\/2023\/10\/IMG-20231006-WA0068-150x150.jpg",150,150,true],"medium":["https:\/\/contextoanalisisperiodistico.com\/wp-content\/uploads\/2023\/10\/IMG-20231006-WA0068-300x300.jpg",300,300,true],"medium_large":["https:\/\/contextoanalisisperiodistico.com\/wp-content\/uploads\/2023\/10\/IMG-20231006-WA0068-768x768.jpg",640,640,true],"large":["https:\/\/contextoanalisisperiodistico.com\/wp-content\/uploads\/2023\/10\/IMG-20231006-WA0068-1024x1024.jpg",640,640,true],"1536x1536":["https:\/\/contextoanalisisperiodistico.com\/wp-content\/uploads\/2023\/10\/IMG-20231006-WA0068.jpg",1080,1080,false],"2048x2048":["https:\/\/contextoanalisisperiodistico.com\/wp-content\/uploads\/2023\/10\/IMG-20231006-WA0068.jpg",1080,1080,false],"covernews-slider-full":["https:\/\/contextoanalisisperiodistico.com\/wp-content\/uploads\/2023\/10\/IMG-20231006-WA0068-1080x715.jpg",1080,715,true],"covernews-slider-center":["https:\/\/contextoanalisisperiodistico.com\/wp-content\/uploads\/2023\/10\/IMG-20231006-WA0068-800x500.jpg",800,500,true],"covernews-featured":["https:\/\/contextoanalisisperiodistico.com\/wp-content\/uploads\/2023\/10\/IMG-20231006-WA0068-1024x1024.jpg",1024,1024,true],"covernews-medium":["https:\/\/contextoanalisisperiodistico.com\/wp-content\/uploads\/2023\/10\/IMG-20231006-WA0068-540x340.jpg",540,340,true],"covernews-medium-square":["https:\/\/contextoanalisisperiodistico.com\/wp-content\/uploads\/2023\/10\/IMG-20231006-WA0068-400x250.jpg",400,250,true]},"author_info":{"display_name":"Mario Gir\u00f3n","author_link":"https:\/\/contextoanalisisperiodistico.com\/index.php\/author\/director\/"},"category_info":"<a href=\"https:\/\/contextoanalisisperiodistico.com\/index.php\/category\/politica\/\" rel=\"category tag\">Pol\u00edtica<\/a>","tag_info":"Pol\u00edtica","comment_count":"0","jetpack_featured_media_url":"https:\/\/contextoanalisisperiodistico.com\/wp-content\/uploads\/2023\/10\/IMG-20231006-WA0068.jpg","_links":{"self":[{"href":"https:\/\/contextoanalisisperiodistico.com\/index.php\/wp-json\/wp\/v2\/posts\/19327"}],"collection":[{"href":"https:\/\/contextoanalisisperiodistico.com\/index.php\/wp-json\/wp\/v2\/posts"}],"about":[{"href":"https:\/\/contextoanalisisperiodistico.com\/index.php\/wp-json\/wp\/v2\/types\/post"}],"author":[{"embeddable":true,"href":"https:\/\/contextoanalisisperiodistico.com\/index.php\/wp-json\/wp\/v2\/users\/4"}],"replies":[{"embeddable":true,"href":"https:\/\/contextoanalisisperiodistico.com\/index.php\/wp-json\/wp\/v2\/comments?post=19327"}],"version-history":[{"count":1,"href":"https:\/\/contextoanalisisperiodistico.com\/index.php\/wp-json\/wp\/v2\/posts\/19327\/revisions"}],"predecessor-version":[{"id":19329,"href":"https:\/\/contextoanalisisperiodistico.com\/index.php\/wp-json\/wp\/v2\/posts\/19327\/revisions\/19329"}],"wp:featuredmedia":[{"embeddable":true,"href":"https:\/\/contextoanalisisperiodistico.com\/index.php\/wp-json\/wp\/v2\/media\/19328"}],"wp:attachment":[{"href":"https:\/\/contextoanalisisperiodistico.com\/index.php\/wp-json\/wp\/v2\/media?parent=19327"}],"wp:term":[{"taxonomy":"category","embeddable":true,"href":"https:\/\/contextoanalisisperiodistico.com\/index.php\/wp-json\/wp\/v2\/categories?post=19327"},{"taxonomy":"post_tag","embeddable":true,"href":"https:\/\/contextoanalisisperiodistico.com\/index.php\/wp-json\/wp\/v2\/tags?post=19327"}],"curies":[{"name":"wp","href":"https:\/\/api.w.org\/{rel}","templated":true}]}}