{"id":19289,"date":"2023-10-06T10:46:41","date_gmt":"2023-10-06T16:46:41","guid":{"rendered":"https:\/\/contextoanalisisperiodistico.com\/?p=19289"},"modified":"2023-10-06T10:47:26","modified_gmt":"2023-10-06T16:47:26","slug":"lamenta-gobernador-accidente-carretero-instruye-a-dependencias-brindar-apoyo-a-deudos-y-heridos","status":"publish","type":"post","link":"https:\/\/contextoanalisisperiodistico.com\/index.php\/2023\/10\/06\/lamenta-gobernador-accidente-carretero-instruye-a-dependencias-brindar-apoyo-a-deudos-y-heridos\/","title":{"rendered":"<em>Lamenta Gobernador accidente carretero; instruye a dependencias brindar apoyo a deudos y herid<\/em>o<em>s<\/em>"},"content":{"rendered":"<div id=\"fb-root\"><\/div>\n\n<ul>\n<li>El accidente ocurri\u00f3 durante la madrugada de este viernes, aproximadamente a las 4:30 horas, en el kil\u00f3metro 88 de la autopista Oaxaca-Cuacnopalan<\/li>\n<\/ul>\n\n\n\n<p>Oaxaca de Ju\u00e1rez, Oax. 6 de octubre de 2023.- El Gobernador del Estado Salom\u00f3n Jara Cruz lamenta profundamente el accidente ocurrido en la autopista Oaxaca-Cuacnopalan en el que personas migrantes fallecieron, por lo que gir\u00f3 instrucciones a las diferentes dependencias para brindar apoyo y atenci\u00f3n a las personas afectadas.<\/p>\n\n\n\n<p>En este sentido, la Coordinaci\u00f3n Estatal de Protecci\u00f3n Civil y Gesti\u00f3n de Riesgos (CEPCyGR) activ\u00f3 el protocolo de seguridad e intervino de manera inmediata ante la volcadura del autob\u00fas de la l\u00ednea Turismo Xoxo que transportaba a 55 personas migrantes de nacionalidad venezolana y haitiana.<\/p>\n\n\n\n<p>El accidente carretero ocurri\u00f3 durante la madrugada de este viernes, aproximadamente a las 4:30 horas, en el kil\u00f3metro 88 de la referida autopista, en la zona lim\u00edtrofe con el estado de Puebla.<\/p>\n\n\n\n<p>Datos preliminares informan que hasta el momento han fallecido 18 personas, 13 hombres, dos mujeres y tres menores de edad, en tanto que hay 27 personas heridas, las cuales han sido trasladadas a diferentes hospitales cercanos, en su mayor\u00eda a Tehuac\u00e1n, Puebla para recibir atenci\u00f3n m\u00e9dica especializada.<\/p>\n\n\n\n<p>La Fiscal\u00eda General del Estado de Oaxaca (FGEO) ser\u00e1 la encargada de integrar la carpeta de investigaci\u00f3n y agilizar el trabajo de identificaci\u00f3n de las personas fallecidas para la repatriaci\u00f3n e inhumaci\u00f3n de los cuerpos.<\/p>\n\n\n\n<p><\/p>\n","protected":false},"excerpt":{"rendered":"<p>Oaxaca de Ju\u00e1rez, Oax. 6 de octubre de 2023.- El Gobernador del Estado Salom\u00f3n Jara&#8230;<\/p>\n","protected":false},"author":4,"featured_media":19290,"comment_status":"closed","ping_status":"open","sticky":false,"template":"","format":"standard","meta":{"footnotes":""},"categories":[9],"tags":[],"jetpack_sharing_enabled":true,"featured_image_urls":{"full":["https:\/\/contextoanalisisperiodistico.com\/wp-content\/uploads\/2023\/10\/IMG-20231006-WA0021.jpg",400,400,false],"thumbnail":["https:\/\/contextoanalisisperiodistico.com\/wp-content\/uploads\/2023\/10\/IMG-20231006-WA0021-150x150.jpg",150,150,true],"medium":["https:\/\/contextoanalisisperiodistico.com\/wp-content\/uploads\/2023\/10\/IMG-20231006-WA0021-300x300.jpg",300,300,true],"medium_large":["https:\/\/contextoanalisisperiodistico.com\/wp-content\/uploads\/2023\/10\/IMG-20231006-WA0021.jpg",400,400,false],"large":["https:\/\/contextoanalisisperiodistico.com\/wp-content\/uploads\/2023\/10\/IMG-20231006-WA0021.jpg",400,400,false],"1536x1536":["https:\/\/contextoanalisisperiodistico.com\/wp-content\/uploads\/2023\/10\/IMG-20231006-WA0021.jpg",400,400,false],"2048x2048":["https:\/\/contextoanalisisperiodistico.com\/wp-content\/uploads\/2023\/10\/IMG-20231006-WA0021.jpg",400,400,false],"covernews-slider-full":["https:\/\/contextoanalisisperiodistico.com\/wp-content\/uploads\/2023\/10\/IMG-20231006-WA0021.jpg",400,400,false],"covernews-slider-center":["https:\/\/contextoanalisisperiodistico.com\/wp-content\/uploads\/2023\/10\/IMG-20231006-WA0021.jpg",400,400,false],"covernews-featured":["https:\/\/contextoanalisisperiodistico.com\/wp-content\/uploads\/2023\/10\/IMG-20231006-WA0021.jpg",400,400,false],"covernews-medium":["https:\/\/contextoanalisisperiodistico.com\/wp-content\/uploads\/2023\/10\/IMG-20231006-WA0021-400x340.jpg",400,340,true],"covernews-medium-square":["https:\/\/contextoanalisisperiodistico.com\/wp-content\/uploads\/2023\/10\/IMG-20231006-WA0021-400x250.jpg",400,250,true]},"author_info":{"display_name":"Mario Gir\u00f3n","author_link":"https:\/\/contextoanalisisperiodistico.com\/index.php\/author\/director\/"},"category_info":"<a href=\"https:\/\/contextoanalisisperiodistico.com\/index.php\/category\/politica\/\" rel=\"category tag\">Pol\u00edtica<\/a>","tag_info":"Pol\u00edtica","comment_count":"0","jetpack_featured_media_url":"https:\/\/contextoanalisisperiodistico.com\/wp-content\/uploads\/2023\/10\/IMG-20231006-WA0021.jpg","_links":{"self":[{"href":"https:\/\/contextoanalisisperiodistico.com\/index.php\/wp-json\/wp\/v2\/posts\/19289"}],"collection":[{"href":"https:\/\/contextoanalisisperiodistico.com\/index.php\/wp-json\/wp\/v2\/posts"}],"about":[{"href":"https:\/\/contextoanalisisperiodistico.com\/index.php\/wp-json\/wp\/v2\/types\/post"}],"author":[{"embeddable":true,"href":"https:\/\/contextoanalisisperiodistico.com\/index.php\/wp-json\/wp\/v2\/users\/4"}],"replies":[{"embeddable":true,"href":"https:\/\/contextoanalisisperiodistico.com\/index.php\/wp-json\/wp\/v2\/comments?post=19289"}],"version-history":[{"count":1,"href":"https:\/\/contextoanalisisperiodistico.com\/index.php\/wp-json\/wp\/v2\/posts\/19289\/revisions"}],"predecessor-version":[{"id":19291,"href":"https:\/\/contextoanalisisperiodistico.com\/index.php\/wp-json\/wp\/v2\/posts\/19289\/revisions\/19291"}],"wp:featuredmedia":[{"embeddable":true,"href":"https:\/\/contextoanalisisperiodistico.com\/index.php\/wp-json\/wp\/v2\/media\/19290"}],"wp:attachment":[{"href":"https:\/\/contextoanalisisperiodistico.com\/index.php\/wp-json\/wp\/v2\/media?parent=19289"}],"wp:term":[{"taxonomy":"category","embeddable":true,"href":"https:\/\/contextoanalisisperiodistico.com\/index.php\/wp-json\/wp\/v2\/categories?post=19289"},{"taxonomy":"post_tag","embeddable":true,"href":"https:\/\/contextoanalisisperiodistico.com\/index.php\/wp-json\/wp\/v2\/tags?post=19289"}],"curies":[{"name":"wp","href":"https:\/\/api.w.org\/{rel}","templated":true}]}}