{"id":19288,"date":"2023-10-06T08:12:56","date_gmt":"2023-10-06T14:12:56","guid":{"rendered":"https:\/\/contextoanalisisperiodistico.com\/index.php\/2023\/10\/06\/con-dignidad-decoro-y-honradez-asumira-eltrabajo-policia-municipal-capitalina-martinez-neri\/"},"modified":"2023-10-06T08:12:56","modified_gmt":"2023-10-06T14:12:56","slug":"con-dignidad-decoro-y-honradez-asumira-eltrabajo-policia-municipal-capitalina-martinez-neri","status":"publish","type":"post","link":"https:\/\/contextoanalisisperiodistico.com\/index.php\/2023\/10\/06\/con-dignidad-decoro-y-honradez-asumira-eltrabajo-policia-municipal-capitalina-martinez-neri\/","title":{"rendered":"Con dignidad, decoro y honradez asumir\u00e1 el<br>trabajo Polic\u00eda Municipal capitalina: Mart\u00ednez Neri\u00a0"},"content":{"rendered":"<div id=\"fb-root\"><\/div>\n\n<p>(*) As\u00ed lo reconoci\u00f3 ayer el Presidente Municipal capitalino, en la ceremonia c\u00edvica en la que el gobierno de Salom\u00f3n Jara, entreg\u00f3 uniformes t\u00e1cticos, no solo para dignificar el trabajo de los elementos, sino para seguir en marcha con el fortalecimiento de la seguridad publica tanto en la Verde Antequera como en la entidad<\/p>\n\n\n\n<p>Mario GIR\u00d3N<br \/>Al recibir del Gobierno del Estado 650 uniformes t\u00e1cticos, el presidente municipal, Francisco Mart\u00ednez Neri destac\u00f3 que realizar con dignidad, decoro y honradez el trabajo encomendado, se convierte en compromiso de la Polic\u00eda Municipal capitalina.<\/p>\n\n\n\n<p>Sucedi\u00f3 esta ma\u00f1ana, en la Plaza de la Danza, en donde el edil citadino, Mart\u00ednez Neri, reconoci\u00f3: \u201cno puede ser justificaci\u00f3n el no tener algunos satisfactores materiales para no realizar el mejor esfuerzo en la defensa de la ciudadan\u00eda\u201d.<\/p>\n\n\n\n<p>\u201cEl trabajo polic\u00edaco con dignidad, decoro y honradez, es y ser\u00e1 el compromiso de la Polic\u00eda Municipal, tambi\u00e9n, el compromiso del Presidente y en general del Ayuntamiento de la Verde Antequera.\u201d<\/p>\n\n\n\n<p>La entrega de uniformes t\u00e1cticos fue en presencia de Karina Bar\u00f3n G\u00f3mez, Secretaria Ejecutiva del Sistema Estatal de Seguridad P\u00fablica del Estado de Oaxaca; Bernarda Gonz\u00e1lez Rivas, presidenta honoraria del DIF Municipal capitalino; Jos\u00e9 Bernardo Rodr\u00edguez Alamilla, Fiscal General del Estado de Oaxaca, Claudia Tapia Nolasco, Regidora de Seguridad Ciudadana y Ra\u00fal \u00c1vila Ibarra, Secretario de Seguridad Ciudadana.&nbsp;<\/p>\n\n\n\n<p>El primer Concejal de Oaxaca de Ju\u00e1rez expres\u00f3:<\/p>\n\n\n\n<p><br>\u201cCon los poderes ejecutivos Estatal y Federal mantenemos relaciones necesarias para procurar, entre otras tantas cosas de la vida p\u00fablica, la seguridad y la paz en el territorio nacional. Hoy estamos ofreciendo una muestra de esa relaci\u00f3n, ese compromiso, en el caso concreto del Gobierno del Estado para con el municipio de Oaxaca de Ju\u00e1rez para el fortalecimiento de nuestra polic\u00eda, a partir de dotarle de los elementos necesarios para un aceptable desempe\u00f1o\u201d.<\/p>\n\n\n\n<p>\u201cY, este respaldo se agradece y reconoce. Quisiera que, desde el municipio, desde esta Plaza de la Danza, lleven un mensaje de agradecimiento por estas acciones al se\u00f1or gobernador Salom\u00f3n Jara. Y desde luego, ll\u00e9venle tambi\u00e9n el compromiso que nuestra polic\u00eda asume para realizar con dignidad con decoro, con honradez el trabajo que le ha sido encomendado\u201d.<\/p>\n\n\n\n<p>\u201cEse es nuestro compromiso y aun, en las condiciones tan dif\u00edciles que hay en el pa\u00eds, en el sentido de trabajar muy fuertemente por el fortalecimiento de las polic\u00edas, en las condiciones en las que se desarrolla el trabajo nuestro, tenemos el compromiso de redoblar el trabajo para mejorar las condiciones en que nos desempe\u00f1amos\u201d, concluy\u00f3 Edil capitalino:<\/p>\n\n\n\n<p>Otra acci\u00f3n m\u00e1s pro dignificaci\u00f3n policial y<br \/>as\u00ed garantizar paz y seguridad: Karina Bar\u00f3n<\/p>\n\n\n\n<p>En su mensaje, Karina Bar\u00f3n G\u00f3mez, Secretaria Ejecutiva del Sistema Estatal de Seguridad P\u00fablica del Estado de Oaxaca destac\u00f3 que se trata de una acci\u00f3n m\u00e1s de la pol\u00edtica de dignificaci\u00f3n policial que ha emprendido el gobierno de Salom\u00f3n Jara para mejorar las condiciones de nuestras y nuestros polic\u00edas en el desempe\u00f1o de sus labores.<\/p>\n\n\n\n<p>El Gobierno del ingeniero Salom\u00f3n Jara reconoce que quienes nos cuidan injustamente han estado en el abandono institucional por sexenios enteros. Hoy, este Gobierno del Estado reconoce como urgente y acto de justicia social trabajar para con ellas y ellos.<\/p>\n\n\n\n<p>Por lo que resalt\u00f3: \u201cquienes ponen literalmente el cuerpo para para garantizar paz y seguridad del pueblo de Oaxaca no pueden estar en el abandono, no pueden ser ignorados por los gobiernos, como sucedi\u00f3 en el pasado\u201d.<\/p>\n\n\n\n<p>Es por ello, a\u00f1adi\u00f3: \u201cdesde hace 10 meses que inici\u00f3 el gobierno de la primavera oaxaque\u00f1a hemos entablado y fortalecido la coordinaci\u00f3n entre niveles de gobierno para resolver, desde luego, los grandes retos del fortalecimiento de la seguridad publica en el estado de Oaxaca\u201d.<\/p>\n\n\n\n<p>Inform\u00f3: \u201cen apenas 10 meses de trabajo estatal, tenemos resultados, avances, fortaleciendo las instituciones de seguridad como no se hab\u00eda visto nunca. Est\u00e1n en funciones tambi\u00e9n, 212 patrullas nuevas destinadas a la polic\u00eda Estatal y Fiscal\u00eda General del Estado. 80 patrullas m\u00e1s ser\u00e1n destinadas a municipios este a\u00f1o. Llevamos 50 ya entregadas y nueve de ellas, fortalecen el trabajo en la zona metropolitana y Valles Centrales\u201d.<\/p>\n\n\n\n<p>En Oaxaca de Ju\u00e1rez, \u201cfirmamos convenio con el presidente Mart\u00ednez Neri para otorgar est\u00edmulos fiscales en la evaluaci\u00f3n de Control y Confianza de 109 polic\u00edas, gener\u00e1ndole un ahorro, a este municipio, de 620 mil pesos que ten\u00edan que pagar por los altos costos de este protocolo, entre otros importantes temas de ayuda al fortalecimiento de la seguridad publica en Oaxaca de Ju\u00e1rez\u201d, concluy\u00f3.<\/p>\n\n\n\n<p>Gobierno de Oaxaca con estrategia disminuye<br \/>niveles delictivos: Fiscal, Jos\u00e9 Rodr\u00edguez Alamilla<\/p>\n\n\n\n<p>En uso de la palabra, Jos\u00e9 Bernardo Rodr\u00edguez Alamilla, Fiscal General del Estado de Oaxaca, ofreci\u00f3: Esta probado que cualquier esfuerzo que se haga para disminuir los niveles delictivos en un territorio pasa por tres grandes estrategias:<\/p>\n\n\n\n<p>\u201cPrimero: tiene que ver con la existencia de una estrategia coordinada entre los diferentes niveles de gobierno, federal, estatal y municipal, con polic\u00edas hist\u00f3ricamente olvidados y con elementos que permitan, desde diversos \u00e1ngulos atender el fen\u00f3meno delictivo en la parte preventiva y correctiva; segundo elemento: tiene que ver con atender de manera directa a los diferentes cuerpos polic\u00edacos como nunca antes se les hab\u00eda tratado con procesos formativos, capacitaci\u00f3n y estrategias para poder atender el fen\u00f3meno delictivo. Tercer elemento y fundamental y no se tomaba en cuenta, tiene que ver con la dignificaci\u00f3n de las y los polic\u00edas. Generar mejores recursos para con ellos; salario digno y herramientas como las que esta ma\u00f1ana estamos otorgando, porque genera la idea de que existe una preocupaci\u00f3n por quien nos cuida y eso me parece fundamental porque adem\u00e1s de lanzar un mensaje estrat\u00e9gico, indica tambi\u00e9n que nos estamos preocupando en todos los sentidos por dotar de lo que necesitan para tareas de vigilancia y prevenci\u00f3n del delito\u201d.<\/p>\n\n\n\n<figure class=\"wp-block-video\"><video controls src=\"https:\/\/contextoanalisisperiodistico.com\/wp-content\/uploads\/2023\/10\/20231005_075225.mp4\"><\/video><\/figure>\n\n\n\n\n\n<figure class=\"wp-block-video\"><video controls src=\"https:\/\/contextoanalisisperiodistico.com\/wp-content\/uploads\/2023\/10\/20231005_075633.mp4\"><\/video><\/figure>\n\n\n\n<figure class=\"wp-block-video\"><video controls src=\"https:\/\/contextoanalisisperiodistico.com\/wp-content\/uploads\/2023\/10\/20231005_080349.mp4\"><\/video><\/figure>\n","protected":false},"excerpt":{"rendered":"<p>(*) As\u00ed lo reconoci\u00f3 ayer el Presidente Municipal capitalino, en la ceremonia c\u00edvica en la&#8230;<\/p>\n","protected":false},"author":4,"featured_media":19284,"comment_status":"","ping_status":"open","sticky":false,"template":"","format":"standard","meta":{"footnotes":""},"categories":[9],"tags":[],"jetpack_sharing_enabled":true,"featured_image_urls":{"full":["https:\/\/contextoanalisisperiodistico.com\/wp-content\/uploads\/2023\/10\/IMG-20231005-WA0042.jpg",1600,1069,false],"thumbnail":["https:\/\/contextoanalisisperiodistico.com\/wp-content\/uploads\/2023\/10\/IMG-20231005-WA0042-150x150.jpg",150,150,true],"medium":["https:\/\/contextoanalisisperiodistico.com\/wp-content\/uploads\/2023\/10\/IMG-20231005-WA0042-300x200.jpg",300,200,true],"medium_large":["https:\/\/contextoanalisisperiodistico.com\/wp-content\/uploads\/2023\/10\/IMG-20231005-WA0042-768x513.jpg",640,428,true],"large":["https:\/\/contextoanalisisperiodistico.com\/wp-content\/uploads\/2023\/10\/IMG-20231005-WA0042-1024x684.jpg",640,428,true],"1536x1536":["https:\/\/contextoanalisisperiodistico.com\/wp-content\/uploads\/2023\/10\/IMG-20231005-WA0042-1536x1026.jpg",1536,1026,true],"2048x2048":["https:\/\/contextoanalisisperiodistico.com\/wp-content\/uploads\/2023\/10\/IMG-20231005-WA0042.jpg",1600,1069,false],"covernews-slider-full":["https:\/\/contextoanalisisperiodistico.com\/wp-content\/uploads\/2023\/10\/IMG-20231005-WA0042-1115x715.jpg",1115,715,true],"covernews-slider-center":["https:\/\/contextoanalisisperiodistico.com\/wp-content\/uploads\/2023\/10\/IMG-20231005-WA0042-800x500.jpg",800,500,true],"covernews-featured":["https:\/\/contextoanalisisperiodistico.com\/wp-content\/uploads\/2023\/10\/IMG-20231005-WA0042-1024x684.jpg",1024,684,true],"covernews-medium":["https:\/\/contextoanalisisperiodistico.com\/wp-content\/uploads\/2023\/10\/IMG-20231005-WA0042-540x340.jpg",540,340,true],"covernews-medium-square":["https:\/\/contextoanalisisperiodistico.com\/wp-content\/uploads\/2023\/10\/IMG-20231005-WA0042-400x250.jpg",400,250,true]},"author_info":{"display_name":"Mario Gir\u00f3n","author_link":"https:\/\/contextoanalisisperiodistico.com\/index.php\/author\/director\/"},"category_info":"<a href=\"https:\/\/contextoanalisisperiodistico.com\/index.php\/category\/politica\/\" rel=\"category tag\">Pol\u00edtica<\/a>","tag_info":"Pol\u00edtica","comment_count":"0","jetpack_featured_media_url":"https:\/\/contextoanalisisperiodistico.com\/wp-content\/uploads\/2023\/10\/IMG-20231005-WA0042.jpg","_links":{"self":[{"href":"https:\/\/contextoanalisisperiodistico.com\/index.php\/wp-json\/wp\/v2\/posts\/19288"}],"collection":[{"href":"https:\/\/contextoanalisisperiodistico.com\/index.php\/wp-json\/wp\/v2\/posts"}],"about":[{"href":"https:\/\/contextoanalisisperiodistico.com\/index.php\/wp-json\/wp\/v2\/types\/post"}],"author":[{"embeddable":true,"href":"https:\/\/contextoanalisisperiodistico.com\/index.php\/wp-json\/wp\/v2\/users\/4"}],"replies":[{"embeddable":true,"href":"https:\/\/contextoanalisisperiodistico.com\/index.php\/wp-json\/wp\/v2\/comments?post=19288"}],"version-history":[{"count":0,"href":"https:\/\/contextoanalisisperiodistico.com\/index.php\/wp-json\/wp\/v2\/posts\/19288\/revisions"}],"wp:featuredmedia":[{"embeddable":true,"href":"https:\/\/contextoanalisisperiodistico.com\/index.php\/wp-json\/wp\/v2\/media\/19284"}],"wp:attachment":[{"href":"https:\/\/contextoanalisisperiodistico.com\/index.php\/wp-json\/wp\/v2\/media?parent=19288"}],"wp:term":[{"taxonomy":"category","embeddable":true,"href":"https:\/\/contextoanalisisperiodistico.com\/index.php\/wp-json\/wp\/v2\/categories?post=19288"},{"taxonomy":"post_tag","embeddable":true,"href":"https:\/\/contextoanalisisperiodistico.com\/index.php\/wp-json\/wp\/v2\/tags?post=19288"}],"curies":[{"name":"wp","href":"https:\/\/api.w.org\/{rel}","templated":true}]}}