{"id":19275,"date":"2023-10-05T22:11:13","date_gmt":"2023-10-06T04:11:13","guid":{"rendered":"https:\/\/contextoanalisisperiodistico.com\/index.php\/2023\/10\/05\/lo-que-dios-quiere-para-nosotros-y-lo-mas-grande-que-quiere-es-nuestra-salvacion-la-vida-eterna-rvo\/"},"modified":"2023-10-05T22:12:35","modified_gmt":"2023-10-06T04:12:35","slug":"lo-que-dios-quiere-para-nosotros-y-lo-mas-grande-que-quiere-es-nuestra-salvacion-la-vida-eterna-rvo","status":"publish","type":"post","link":"https:\/\/contextoanalisisperiodistico.com\/index.php\/2023\/10\/05\/lo-que-dios-quiere-para-nosotros-y-lo-mas-grande-que-quiere-es-nuestra-salvacion-la-vida-eterna-rvo\/","title":{"rendered":"\u00abLo que Dios quiere para nosotros y lo m\u00e1s grande que desea es nuestra salvaci\u00f3n, la vida eterna\u00bb: RVO"},"content":{"rendered":"<div id=\"fb-root\"><\/div>\n\n<p>&nbsp;<\/p>\n\n\n\n<ul>\n<li>Cat\u00f3licos celebran Eucarist\u00eda y Calenda en honor a la Sant\u00edsima Virgen del Rosario.<\/li>\n<\/ul>\n\n\n\n<p>Fraccionamiento \u201cEl Rosario\u201d, San Sebasti\u00e1n Tutla, Oax., 5 de Octubre.- \u201cEn nombre de la gracia de nuestro se\u00f1or Jesucristo el amor del padre y la comuni\u00f3n del esp\u00edritu santo est\u00e9 con todos ustedes\u201d. As\u00ed con esta oraci\u00f3n el Padre Ricardo V\u00e1squez Ojeda recib\u00eda a los feligreses a la celebraci\u00f3n Eucar\u00edstica en este d\u00eda de Calenda en honor a la Sant\u00edsima Virgen Mar\u00eda en su advocaci\u00f3n del Rosario, en continuidad con el programa de actividades con motivo de la Celebraci\u00f3n Religiosa de la Fiesta Patronal de Nuestra \u201cSe\u00f1ora del Rosario\u201d.<\/p>\n\n\n\n<p>Las y los feligreses, ni\u00f1os, j\u00f3venes, adultos y adultos mayores, asistieron con pleno respeto, devoci\u00f3n, agradecimiento y rendici\u00f3n de culto a esta celebraci\u00f3n, ataviados con vistosos trajes regionales y en cuya celebraci\u00f3n se pidi\u00f3 a Dios por todos los asistentes y sus familias, as\u00ed por quienes dan seguimiento a trav\u00e9s de las redes sociales para que nuestro Se\u00f1or les bendiga abundantemente.<\/p>\n\n\n\n<p>En la oraci\u00f3n, se pidi\u00f3 tambi\u00e9n por trabajadores del autotransporte y bendiga a sus familias; por nuestros enfermos para que Dios les d\u00e9 salud y por el eterno descanso de todos los fieles difuntos.<\/p>\n\n\n\n<p>El sacerdote Ricardo V\u00e1squez Ojeda se\u00f1al\u00f3 que la oraci\u00f3n que hoy se ha tomado para la Santa Misa es de la Virgen Mar\u00eda, Reyna de los Ap\u00f3stoles.<\/p>\n\n\n\n<p>En reflexi\u00f3n a la homil\u00eda de hoy. Agreg\u00f3 que: \u201cEl Evangelio nos habla de 72 disc\u00edpulos que Jes\u00fas env\u00edo a la misi\u00f3n. Sabemos que son 12 ap\u00f3stoles que estuvieron m\u00e1s cerca de \u00c9l, son los disc\u00edpulos continuadores para anunciar el reino de Dios, para predicar el Evangelio y continuar con la obra de Jes\u00fas en el mundo.<\/p>\n\n\n\n<p>Design\u00f3 a otros 72 disc\u00edpulos, lo menciona el Evangelio de San Lucas. Se podr\u00eda decir que los 12 representan a los ministros ordenados y los 72 que podr\u00edan representar a todos los laicos que tambi\u00e9n son enviados, no solamente los que hemos recibido el orden sacerdotal, sino tambi\u00e9n los que han recibido el bautismo como fieles de Dios y de Cristo.<\/p>\n\n\n\n<p>Todos estamos llamados todos a predicar el Evangelio, a unirnos en la misi\u00f3n de Cristo. La Iglesia es esencialmente misionera, todo lo que realiza la iglesia tiene que estar en funci\u00f3n de la misi\u00f3n que Cristo nos confi\u00f3 como bautizados y ministros para anunciar el plan y proyecto de Dios.<\/p>\n\n\n\n<p>Esta misi\u00f3n tiene un sentido trascendente, por ello, la predicaci\u00f3n es manifestar el amor de Dios, la gracia de Dios, todo lo que Dios quiere para nosotros y los m\u00e1s grande que quiere es nuestra salvaci\u00f3n, la vida eterna.<\/p>\n\n\n\n<p>\u201cCuando hablamos de la vida eterna y la salvaci\u00f3n, no implica desligarnos de las cosas del mundo, la misi\u00f3n tiene que llegar al coraz\u00f3n, por medio del Evangelio, cambiar el coraz\u00f3n de las personas para que de esa manera logremos cambiar el mundo, espiritual y temporales. El Evangelio tiene que marcar la vida social y en todos los aspectos del ser humano.<\/p>\n\n\n\n<p>El Evangelio es una buena noticia, eso quiere decir Evangelio, es Cristo, es el centro del Evangelio y nos anuncia en primer lugar el amor que Dios que nos tiene.<\/p>\n\n\n\n<p>El contenido del Evangelio es Dios mismo. Es un solo Dios pero no es una sola persona, en el Dios en el que creemos es un Dios trinitario, familiar y de comuni\u00f3n, es el Padre, Hijo y Esp\u00edritu Santo y por medio del Evangelio a todos se nos invita a participar de la vida \u00edntima de Dios para que lleguemos a esa comuni\u00f3n con la sant\u00edsima trinidad. Seamos parte de su familia, como bautizados fuimos sumergidos en la vida \u00edntima de&nbsp; Dios, por eso nos llamamos hijos y familia de Dios con una relaci\u00f3n constante y permanente con una comuni\u00f3n con \u00e9l a trav\u00e9s de la palabra y vida sacramental, seamos, llamaba, disc\u00edpulos y misioneros como lo hizo la Virgen Mar\u00eda, vivamos, conozcamos y difundamos nuestra fe, transmitamos el Evangelio y vivamos de acuerdo a la voluntad de Dios, seamos presencia viva de Cristo con nuestro testimonio\u201d, convocaba. \u201cT\u00fa tienes Se\u00f1or palabra de vida eterna\u201d.<\/p>\n\n\n\n<p>Al concluir esta celebraci\u00f3n religiosa los presentes se congregaron para la tradicional \u201cCalenda\u201d, en la que los habitantes e invitados mostraron su respeto y agradecimiento a trav\u00e9s de una ofrenda mediante el baile en su honor en la que todos compartieron su algarab\u00eda por esta festividad patronal.<\/p>\n\n\n\n<p>Ni\u00f1as, ni\u00f1os, j\u00f3venes y personas de todas las edades portando sus vestimentas tradicionales portaban tambi\u00e9n hermosas canastas florales, marmotas, monos de calenda, toritos, todos acompa\u00f1ados de la banda musical de la Virgen de la Soledad Betaza, quienes al concluir la celebraci\u00f3n religiosa, igualmente bailaron diversos sones y jarabes en el atrio parroquial de este lugar.<\/p>\n\n\n\n<p>\u00a1YA LLEGARON, YA EST\u00c1N INSTALADOS Y EN OPERACI\u00d3N LOS TRADICIONALES JUEGUITOS!<\/p>\n\n\n\n<p>\u201cDesde hace m\u00e1s de 45 a\u00f1os, pr\u00e1cticamente toda una vida, nuestra actividad ha sido llevar alegr\u00eda y sano esparcimiento entre las familias que celebran, de manera particular, sus festividades religiosas en distintas localidades o municipios\u201d, se\u00f1al\u00f3 do\u00f1a Hortencia Garc\u00eda Mart\u00ednez, representante de Atracciones Mora-Garc\u00eda, al agregar y unirse a esta magna celebraci\u00f3n religiosa.<\/p>\n\n\n\n<p>Esta vez, diversos juegos mec\u00e1nicos, fueron instalados en inmediaciones de la Parroquia de Nuestra Se\u00f1ora del Rosario, en el marco de su festividad patronal a celebrarse el pr\u00f3ximo 7 del presente y, para ello, no pod\u00edan faltar los tradicionales \u201cJueguitos\u201d, que son un complemento fundamental de este tipo de eventos que alegran tanto a ni\u00f1os, j\u00f3venes y adultos, al compartir entre muchas familias, no solamente las diversas celebraciones religiosas sino tambi\u00e9n un sano esparcimiento y diversi\u00f3n.<\/p>\n\n\n\n<p>Para do\u00f1a Hortencia, es un compromiso cumplir con esta responsabilidad social de llevar alegr\u00eda a propios y extra\u00f1os, pero tambi\u00e9n, ha dejado durante muchos a\u00f1os su respeto, amor y fe al compartir en m\u00faltiples ocasiones con aportes diversos, en corresponsabilidad y gratitud por el recibimiento que le dan las familias, vecinos y personas que comparten momentos de algarab\u00eda y fe.<\/p>\n\n\n\n<p>\u201cEl llevar alegr\u00eda a las familias y particularmente, a los ni\u00f1os es una dicha muy grande porque tambi\u00e9n se hace extensiva a los j\u00f3venes y a los padres de los ni\u00f1os\u201d.<\/p>\n\n\n\n<p>Para la familia Mora-Garc\u00eda, tambi\u00e9n les implica adecuarse, renovar, modernizar y dar mantenimiento constante a sus juegos mec\u00e1nicos, lo que les representa erogaci\u00f3n de recursos econ\u00f3micos. \u201cInvertimos parte de nuestros ingresos, tiempo, vida y de todo para ofrecer servicios de calidad, eficiencia y seguridad\u201d.<\/p>\n\n\n\n<p>\u201c\u00a1Aqu\u00ed, en el Fraccionamiento \u201cEl Rosario\u201d, ya est\u00e1 la Feria, ya est\u00e1n instalados los jueguitos!\u201d, ya est\u00e1n prestos para ofrecer sus servicios a trav\u00e9s de \u201cEl Remolino\u201d, \u201cLa T\u00f3mbola\u201d, \u201cEl Aro de vuelta entera\u201d, \u201cLas Tazas\u201d, \u201cCanoita chica\u201d, \u201cMotos\u201d, \u201cCaballitos\u201d, \u201cCarritos\u201d, \u201cLa Oruga\u201d, \u201cLos Carritos Chocones\u201d, \u201cLas Canicas\u201d, y la novedad \u201cEl T\u00e1gata\u201d as\u00ed como diversos puestos de vendimias para deleite de propios e invitados.<\/p>\n\n\n\n<p>\u201cNos sentimos orgullosos de darle alegr\u00eda a las ni\u00f1as, ni\u00f1os y p\u00fablico en general, de participar en este tipo de eventos religiosos y sin duda aqu\u00ed hemos venido participando desde hace m\u00e1s de 30 a\u00f1os lo que para nosotros es una tradici\u00f3n venir y tambi\u00e9n nos hemos sumado en el esfuerzo que realizan los cat\u00f3licos para cooperar en la medida de nuestras posibilidades porque lo hacemos de todo coraz\u00f3n, incluso, en una ocasi\u00f3n me toc\u00f3 ser madrina de la Sant\u00edsima Virgen del Rosario, adem\u00e1s de que hemos apadrinado en otros aspectos. Aqu\u00ed esperamos al p\u00fablico en general, vengan, aqu\u00ed se vive un ambiente de hermandad, alegr\u00eda y sobre todo de fe en nuestro Se\u00f1or\u201d. Conclu\u00eda. (Joel JAVIER)<\/p>\n\n\n\n<figure class=\"wp-block-image size-large\"><img fetchpriority=\"high\" decoding=\"async\" width=\"1024\" height=\"683\" src=\"https:\/\/contextoanalisisperiodistico.com\/wp-content\/uploads\/2023\/10\/img-20231005-wa01262107384373195005291-1024x683.jpg\" alt=\"\" class=\"wp-image-19270\" srcset=\"https:\/\/contextoanalisisperiodistico.com\/wp-content\/uploads\/2023\/10\/img-20231005-wa01262107384373195005291-1024x683.jpg 1024w, https:\/\/contextoanalisisperiodistico.com\/wp-content\/uploads\/2023\/10\/img-20231005-wa01262107384373195005291-300x200.jpg 300w, https:\/\/contextoanalisisperiodistico.com\/wp-content\/uploads\/2023\/10\/img-20231005-wa01262107384373195005291-768x512.jpg 768w, https:\/\/contextoanalisisperiodistico.com\/wp-content\/uploads\/2023\/10\/img-20231005-wa01262107384373195005291-1536x1024.jpg 1536w, https:\/\/contextoanalisisperiodistico.com\/wp-content\/uploads\/2023\/10\/img-20231005-wa01262107384373195005291.jpg 1599w\" sizes=\"(max-width: 1024px) 100vw, 1024px\" \/><\/figure>\n\n\n\n<figure class=\"wp-block-image\"><img decoding=\"async\" width=\"1024\" height=\"683\" src=\"https:\/\/contextoanalisisperiodistico.com\/wp-content\/uploads\/2023\/10\/img-20231005-wa01255645713462087611702-1024x683.jpg\" alt=\"\" class=\"wp-image-19272\" srcset=\"https:\/\/contextoanalisisperiodistico.com\/wp-content\/uploads\/2023\/10\/img-20231005-wa01255645713462087611702-1024x683.jpg 1024w, https:\/\/contextoanalisisperiodistico.com\/wp-content\/uploads\/2023\/10\/img-20231005-wa01255645713462087611702-300x200.jpg 300w, https:\/\/contextoanalisisperiodistico.com\/wp-content\/uploads\/2023\/10\/img-20231005-wa01255645713462087611702-768x512.jpg 768w, https:\/\/contextoanalisisperiodistico.com\/wp-content\/uploads\/2023\/10\/img-20231005-wa01255645713462087611702-1536x1024.jpg 1536w, https:\/\/contextoanalisisperiodistico.com\/wp-content\/uploads\/2023\/10\/img-20231005-wa01255645713462087611702.jpg 1599w\" sizes=\"(max-width: 1024px) 100vw, 1024px\" \/><\/figure>\n\n\n\n<figure class=\"wp-block-image\"><img decoding=\"async\" width=\"1024\" height=\"683\" src=\"https:\/\/contextoanalisisperiodistico.com\/wp-content\/uploads\/2023\/10\/img-20231005-wa01231694185652319355542-1024x683.jpg\" alt=\"\" class=\"wp-image-19273\" srcset=\"https:\/\/contextoanalisisperiodistico.com\/wp-content\/uploads\/2023\/10\/img-20231005-wa01231694185652319355542-1024x683.jpg 1024w, https:\/\/contextoanalisisperiodistico.com\/wp-content\/uploads\/2023\/10\/img-20231005-wa01231694185652319355542-300x200.jpg 300w, https:\/\/contextoanalisisperiodistico.com\/wp-content\/uploads\/2023\/10\/img-20231005-wa01231694185652319355542-768x512.jpg 768w, https:\/\/contextoanalisisperiodistico.com\/wp-content\/uploads\/2023\/10\/img-20231005-wa01231694185652319355542-1536x1024.jpg 1536w, https:\/\/contextoanalisisperiodistico.com\/wp-content\/uploads\/2023\/10\/img-20231005-wa01231694185652319355542.jpg 1599w\" sizes=\"(max-width: 1024px) 100vw, 1024px\" \/><\/figure>\n\n\n\n<figure class=\"wp-block-image\"><img loading=\"lazy\" decoding=\"async\" width=\"683\" height=\"1024\" src=\"https:\/\/contextoanalisisperiodistico.com\/wp-content\/uploads\/2023\/10\/img-20231005-wa01221025228099120758474-683x1024.jpg\" alt=\"\" class=\"wp-image-19271\" srcset=\"https:\/\/contextoanalisisperiodistico.com\/wp-content\/uploads\/2023\/10\/img-20231005-wa01221025228099120758474-683x1024.jpg 683w, https:\/\/contextoanalisisperiodistico.com\/wp-content\/uploads\/2023\/10\/img-20231005-wa01221025228099120758474-200x300.jpg 200w, https:\/\/contextoanalisisperiodistico.com\/wp-content\/uploads\/2023\/10\/img-20231005-wa01221025228099120758474-768x1152.jpg 768w, https:\/\/contextoanalisisperiodistico.com\/wp-content\/uploads\/2023\/10\/img-20231005-wa01221025228099120758474-1024x1536.jpg 1024w, https:\/\/contextoanalisisperiodistico.com\/wp-content\/uploads\/2023\/10\/img-20231005-wa01221025228099120758474.jpg 1066w\" sizes=\"(max-width: 683px) 100vw, 683px\" \/><\/figure>\n\n\n\n<figure class=\"wp-block-image\"><img loading=\"lazy\" decoding=\"async\" width=\"1024\" height=\"683\" src=\"https:\/\/contextoanalisisperiodistico.com\/wp-content\/uploads\/2023\/10\/img-20231005-wa01217480477282299422056-1024x683.jpg\" alt=\"\" class=\"wp-image-19274\" srcset=\"https:\/\/contextoanalisisperiodistico.com\/wp-content\/uploads\/2023\/10\/img-20231005-wa01217480477282299422056-1024x683.jpg 1024w, https:\/\/contextoanalisisperiodistico.com\/wp-content\/uploads\/2023\/10\/img-20231005-wa01217480477282299422056-300x200.jpg 300w, https:\/\/contextoanalisisperiodistico.com\/wp-content\/uploads\/2023\/10\/img-20231005-wa01217480477282299422056-768x512.jpg 768w, https:\/\/contextoanalisisperiodistico.com\/wp-content\/uploads\/2023\/10\/img-20231005-wa01217480477282299422056-1536x1024.jpg 1536w, https:\/\/contextoanalisisperiodistico.com\/wp-content\/uploads\/2023\/10\/img-20231005-wa01217480477282299422056.jpg 1599w\" sizes=\"(max-width: 1024px) 100vw, 1024px\" \/><\/figure>\n","protected":false},"excerpt":{"rendered":"<p>&nbsp; Fraccionamiento \u201cEl Rosario\u201d, San Sebasti\u00e1n Tutla, Oax., 5 de Octubre.- \u201cEn nombre de la&#8230;<\/p>\n","protected":false},"author":4,"featured_media":19269,"comment_status":"closed","ping_status":"open","sticky":false,"template":"","format":"standard","meta":{"footnotes":""},"categories":[7],"tags":[],"jetpack_sharing_enabled":true,"featured_image_urls":{"full":["https:\/\/contextoanalisisperiodistico.com\/wp-content\/uploads\/2023\/10\/IMG-20231005-WA0124.jpg",1599,1066,false],"thumbnail":["https:\/\/contextoanalisisperiodistico.com\/wp-content\/uploads\/2023\/10\/IMG-20231005-WA0124-150x150.jpg",150,150,true],"medium":["https:\/\/contextoanalisisperiodistico.com\/wp-content\/uploads\/2023\/10\/IMG-20231005-WA0124-300x200.jpg",300,200,true],"medium_large":["https:\/\/contextoanalisisperiodistico.com\/wp-content\/uploads\/2023\/10\/IMG-20231005-WA0124-768x512.jpg",640,427,true],"large":["https:\/\/contextoanalisisperiodistico.com\/wp-content\/uploads\/2023\/10\/IMG-20231005-WA0124-1024x683.jpg",640,427,true],"1536x1536":["https:\/\/contextoanalisisperiodistico.com\/wp-content\/uploads\/2023\/10\/IMG-20231005-WA0124-1536x1024.jpg",1536,1024,true],"2048x2048":["https:\/\/contextoanalisisperiodistico.com\/wp-content\/uploads\/2023\/10\/IMG-20231005-WA0124.jpg",1599,1066,false],"covernews-slider-full":["https:\/\/contextoanalisisperiodistico.com\/wp-content\/uploads\/2023\/10\/IMG-20231005-WA0124-1115x715.jpg",1115,715,true],"covernews-slider-center":["https:\/\/contextoanalisisperiodistico.com\/wp-content\/uploads\/2023\/10\/IMG-20231005-WA0124-800x500.jpg",800,500,true],"covernews-featured":["https:\/\/contextoanalisisperiodistico.com\/wp-content\/uploads\/2023\/10\/IMG-20231005-WA0124-1024x683.jpg",1024,683,true],"covernews-medium":["https:\/\/contextoanalisisperiodistico.com\/wp-content\/uploads\/2023\/10\/IMG-20231005-WA0124-540x340.jpg",540,340,true],"covernews-medium-square":["https:\/\/contextoanalisisperiodistico.com\/wp-content\/uploads\/2023\/10\/IMG-20231005-WA0124-400x250.jpg",400,250,true]},"author_info":{"display_name":"Mario Gir\u00f3n","author_link":"https:\/\/contextoanalisisperiodistico.com\/index.php\/author\/director\/"},"category_info":"<a href=\"https:\/\/contextoanalisisperiodistico.com\/index.php\/category\/municipios\/\" rel=\"category tag\">Municipios<\/a>","tag_info":"Municipios","comment_count":"0","jetpack_featured_media_url":"https:\/\/contextoanalisisperiodistico.com\/wp-content\/uploads\/2023\/10\/IMG-20231005-WA0124.jpg","_links":{"self":[{"href":"https:\/\/contextoanalisisperiodistico.com\/index.php\/wp-json\/wp\/v2\/posts\/19275"}],"collection":[{"href":"https:\/\/contextoanalisisperiodistico.com\/index.php\/wp-json\/wp\/v2\/posts"}],"about":[{"href":"https:\/\/contextoanalisisperiodistico.com\/index.php\/wp-json\/wp\/v2\/types\/post"}],"author":[{"embeddable":true,"href":"https:\/\/contextoanalisisperiodistico.com\/index.php\/wp-json\/wp\/v2\/users\/4"}],"replies":[{"embeddable":true,"href":"https:\/\/contextoanalisisperiodistico.com\/index.php\/wp-json\/wp\/v2\/comments?post=19275"}],"version-history":[{"count":1,"href":"https:\/\/contextoanalisisperiodistico.com\/index.php\/wp-json\/wp\/v2\/posts\/19275\/revisions"}],"predecessor-version":[{"id":19276,"href":"https:\/\/contextoanalisisperiodistico.com\/index.php\/wp-json\/wp\/v2\/posts\/19275\/revisions\/19276"}],"wp:featuredmedia":[{"embeddable":true,"href":"https:\/\/contextoanalisisperiodistico.com\/index.php\/wp-json\/wp\/v2\/media\/19269"}],"wp:attachment":[{"href":"https:\/\/contextoanalisisperiodistico.com\/index.php\/wp-json\/wp\/v2\/media?parent=19275"}],"wp:term":[{"taxonomy":"category","embeddable":true,"href":"https:\/\/contextoanalisisperiodistico.com\/index.php\/wp-json\/wp\/v2\/categories?post=19275"},{"taxonomy":"post_tag","embeddable":true,"href":"https:\/\/contextoanalisisperiodistico.com\/index.php\/wp-json\/wp\/v2\/tags?post=19275"}],"curies":[{"name":"wp","href":"https:\/\/api.w.org\/{rel}","templated":true}]}}