{"id":19249,"date":"2023-10-05T19:35:53","date_gmt":"2023-10-06T01:35:53","guid":{"rendered":"https:\/\/contextoanalisisperiodistico.com\/?p=19249"},"modified":"2023-10-05T19:36:19","modified_gmt":"2023-10-06T01:36:19","slug":"propone-reencontrarnos-con-nuestras-raices-nino-morales","status":"publish","type":"post","link":"https:\/\/contextoanalisisperiodistico.com\/index.php\/2023\/10\/05\/propone-reencontrarnos-con-nuestras-raices-nino-morales\/","title":{"rendered":"P<em>ropone <\/em>r<em>eencontrarnos con nuestras ra\u00edces<\/em><em> Nino Morales <\/em>"},"content":{"rendered":"<div id=\"fb-root\"><\/div>\n\n<p>*Antonino Morales acudi\u00f3 como invitado a la presentaci\u00f3n del libro \u00abAqu\u00ed naci\u00f3 y creci\u00f3 mi esp\u00edritu\u00bb, del artista mexicano-japones Shinzaburo Takeda<\/p>\n\n\n\n<p>*Oaxaca de Ju\u00e1rez, Oax.- 5 de octubre 2023.- * La cultura es la mayor grandeza de los pueblos porque nos da identidad y nos remonta a nuestras ra\u00edces, sostuvo el joven pol\u00edtico Antonino Morales Toledo, al acudir como invitado de la Universidad Aut\u00f3noma Benito Ju\u00e1rez de Oaxaca, a la presentaci\u00f3n del libro \u00abAqu\u00ed naci\u00f3 y creci\u00f3 mi esp\u00edritu\u00bb, del artista mexicano-japones Shinzaburo Takeda.<\/p>\n\n\n\n<p>Teniendo como escenario el majestuoso Teatro Macedonio Alcal\u00e1, acompa\u00f1ado de la doctora Laura Estrada, Nino Morales destac\u00f3 la importancia de reencontrarnos con nuestras ra\u00edces, para darle sentido a la vida y para que las nuevas generaciones se llenen de orgullo por la historia de nuestros pueblos y comunidades.<\/p>\n\n\n\n<p>El joven pol\u00edtico istme\u00f1o, se\u00f1al\u00f3 que la pasi\u00f3n por la cultura y el arte, nos lleva hacia una identidad que nunca debe perderse, pues ser\u00eda como olvidar nuestro pasado, \u00ablo que impedir\u00eda caminar seguro hacia el futuro\u00bb.<\/p>\n\n\n\n<p>Antonino Morales tambi\u00e9n indic\u00f3 que la pasi\u00f3n por la cultura y el arte permite volar a un pasado presente que deberemos revalorar por el sin fin de expresiones art\u00edsticas que guarda.<\/p>\n\n\n\n<p>\u00abLa cultura es un pilar fundamental en el desarrollo de nuestro hermoso estado, es por eso que aplaudo todos los esfuerzos que se realizan para la preservaci\u00f3n de la misma\u00bb, expres\u00f3.<\/p>\n\n\n\n<p>Antonino Morales, tambi\u00e9n aplaudi\u00f3 y reconoci\u00f3 en el maestro Takeda un amor infinito por Oaxaca, su gente, sus colores y su diversidad, \u00abes un ser humano extraordinario que forma escuelas y hace historia gracias a su pasi\u00f3n a la cultura\u00bb, finaliz\u00f3.<\/p>\n\n\n\n<figure class=\"wp-block-image size-large\"><img fetchpriority=\"high\" decoding=\"async\" width=\"1024\" height=\"683\" src=\"https:\/\/contextoanalisisperiodistico.com\/wp-content\/uploads\/2023\/10\/img-20231005-wa00928723695205097863197-1024x683.jpg\" alt=\"\" class=\"wp-image-19252\" srcset=\"https:\/\/contextoanalisisperiodistico.com\/wp-content\/uploads\/2023\/10\/img-20231005-wa00928723695205097863197-1024x683.jpg 1024w, https:\/\/contextoanalisisperiodistico.com\/wp-content\/uploads\/2023\/10\/img-20231005-wa00928723695205097863197-300x200.jpg 300w, https:\/\/contextoanalisisperiodistico.com\/wp-content\/uploads\/2023\/10\/img-20231005-wa00928723695205097863197-768x512.jpg 768w, https:\/\/contextoanalisisperiodistico.com\/wp-content\/uploads\/2023\/10\/img-20231005-wa00928723695205097863197.jpg 1079w\" sizes=\"(max-width: 1024px) 100vw, 1024px\" \/><\/figure>\n\n\n\n<figure class=\"wp-block-image\"><img decoding=\"async\" width=\"1024\" height=\"683\" src=\"https:\/\/contextoanalisisperiodistico.com\/wp-content\/uploads\/2023\/10\/img-20231005-wa00918756594536238785674-1024x683.jpg\" alt=\"\" class=\"wp-image-19253\" srcset=\"https:\/\/contextoanalisisperiodistico.com\/wp-content\/uploads\/2023\/10\/img-20231005-wa00918756594536238785674-1024x683.jpg 1024w, https:\/\/contextoanalisisperiodistico.com\/wp-content\/uploads\/2023\/10\/img-20231005-wa00918756594536238785674-300x200.jpg 300w, https:\/\/contextoanalisisperiodistico.com\/wp-content\/uploads\/2023\/10\/img-20231005-wa00918756594536238785674-768x512.jpg 768w, https:\/\/contextoanalisisperiodistico.com\/wp-content\/uploads\/2023\/10\/img-20231005-wa00918756594536238785674.jpg 1079w\" sizes=\"(max-width: 1024px) 100vw, 1024px\" \/><\/figure>\n","protected":false},"excerpt":{"rendered":"<p>*Antonino Morales acudi\u00f3 como invitado a la presentaci\u00f3n del libro \u00abAqu\u00ed naci\u00f3 y creci\u00f3 mi&#8230;<\/p>\n","protected":false},"author":4,"featured_media":19251,"comment_status":"closed","ping_status":"open","sticky":false,"template":"","format":"standard","meta":{"footnotes":""},"categories":[9],"tags":[],"jetpack_sharing_enabled":true,"featured_image_urls":{"full":["https:\/\/contextoanalisisperiodistico.com\/wp-content\/uploads\/2023\/10\/IMG-20231005-WA0093-1.jpg",1079,720,false],"thumbnail":["https:\/\/contextoanalisisperiodistico.com\/wp-content\/uploads\/2023\/10\/IMG-20231005-WA0093-1-150x150.jpg",150,150,true],"medium":["https:\/\/contextoanalisisperiodistico.com\/wp-content\/uploads\/2023\/10\/IMG-20231005-WA0093-1-300x200.jpg",300,200,true],"medium_large":["https:\/\/contextoanalisisperiodistico.com\/wp-content\/uploads\/2023\/10\/IMG-20231005-WA0093-1-768x512.jpg",640,427,true],"large":["https:\/\/contextoanalisisperiodistico.com\/wp-content\/uploads\/2023\/10\/IMG-20231005-WA0093-1-1024x683.jpg",640,427,true],"1536x1536":["https:\/\/contextoanalisisperiodistico.com\/wp-content\/uploads\/2023\/10\/IMG-20231005-WA0093-1.jpg",1079,720,false],"2048x2048":["https:\/\/contextoanalisisperiodistico.com\/wp-content\/uploads\/2023\/10\/IMG-20231005-WA0093-1.jpg",1079,720,false],"covernews-slider-full":["https:\/\/contextoanalisisperiodistico.com\/wp-content\/uploads\/2023\/10\/IMG-20231005-WA0093-1-1079x715.jpg",1079,715,true],"covernews-slider-center":["https:\/\/contextoanalisisperiodistico.com\/wp-content\/uploads\/2023\/10\/IMG-20231005-WA0093-1-800x500.jpg",800,500,true],"covernews-featured":["https:\/\/contextoanalisisperiodistico.com\/wp-content\/uploads\/2023\/10\/IMG-20231005-WA0093-1-1024x683.jpg",1024,683,true],"covernews-medium":["https:\/\/contextoanalisisperiodistico.com\/wp-content\/uploads\/2023\/10\/IMG-20231005-WA0093-1-540x340.jpg",540,340,true],"covernews-medium-square":["https:\/\/contextoanalisisperiodistico.com\/wp-content\/uploads\/2023\/10\/IMG-20231005-WA0093-1-400x250.jpg",400,250,true]},"author_info":{"display_name":"Mario Gir\u00f3n","author_link":"https:\/\/contextoanalisisperiodistico.com\/index.php\/author\/director\/"},"category_info":"<a href=\"https:\/\/contextoanalisisperiodistico.com\/index.php\/category\/politica\/\" rel=\"category tag\">Pol\u00edtica<\/a>","tag_info":"Pol\u00edtica","comment_count":"0","jetpack_featured_media_url":"https:\/\/contextoanalisisperiodistico.com\/wp-content\/uploads\/2023\/10\/IMG-20231005-WA0093-1.jpg","_links":{"self":[{"href":"https:\/\/contextoanalisisperiodistico.com\/index.php\/wp-json\/wp\/v2\/posts\/19249"}],"collection":[{"href":"https:\/\/contextoanalisisperiodistico.com\/index.php\/wp-json\/wp\/v2\/posts"}],"about":[{"href":"https:\/\/contextoanalisisperiodistico.com\/index.php\/wp-json\/wp\/v2\/types\/post"}],"author":[{"embeddable":true,"href":"https:\/\/contextoanalisisperiodistico.com\/index.php\/wp-json\/wp\/v2\/users\/4"}],"replies":[{"embeddable":true,"href":"https:\/\/contextoanalisisperiodistico.com\/index.php\/wp-json\/wp\/v2\/comments?post=19249"}],"version-history":[{"count":2,"href":"https:\/\/contextoanalisisperiodistico.com\/index.php\/wp-json\/wp\/v2\/posts\/19249\/revisions"}],"predecessor-version":[{"id":19254,"href":"https:\/\/contextoanalisisperiodistico.com\/index.php\/wp-json\/wp\/v2\/posts\/19249\/revisions\/19254"}],"wp:featuredmedia":[{"embeddable":true,"href":"https:\/\/contextoanalisisperiodistico.com\/index.php\/wp-json\/wp\/v2\/media\/19251"}],"wp:attachment":[{"href":"https:\/\/contextoanalisisperiodistico.com\/index.php\/wp-json\/wp\/v2\/media?parent=19249"}],"wp:term":[{"taxonomy":"category","embeddable":true,"href":"https:\/\/contextoanalisisperiodistico.com\/index.php\/wp-json\/wp\/v2\/categories?post=19249"},{"taxonomy":"post_tag","embeddable":true,"href":"https:\/\/contextoanalisisperiodistico.com\/index.php\/wp-json\/wp\/v2\/tags?post=19249"}],"curies":[{"name":"wp","href":"https:\/\/api.w.org\/{rel}","templated":true}]}}