{"id":19217,"date":"2023-10-05T14:30:13","date_gmt":"2023-10-05T20:30:13","guid":{"rendered":"https:\/\/contextoanalisisperiodistico.com\/?p=19217"},"modified":"2023-10-05T14:30:56","modified_gmt":"2023-10-05T20:30:56","slug":"trabaja-sspc-para-garantizar-la-paz-con-justicia-en-oaxaca","status":"publish","type":"post","link":"https:\/\/contextoanalisisperiodistico.com\/index.php\/2023\/10\/05\/trabaja-sspc-para-garantizar-la-paz-con-justicia-en-oaxaca\/","title":{"rendered":"Trabaja SSPC para garantizar la paz con justicia en Oaxaca"},"content":{"rendered":"<div id=\"fb-root\"><\/div>\n\n<p>\u2022 Despliega acciones estrat\u00e9gicas de manera constante y permanente en las ocho regiones de la entidad<\/p>\n\n\n\n<p>Oaxaca de Ju\u00e1rez, Oax. 5 de octubre de 2023.- Titulares de las instituciones que integran el Gabinete de Seguridad del Gobierno de Oaxaca informaron las acciones implementadas en seguimiento al Programa para el Fortalecimiento de la Estrategia de Seguridad.<\/p>\n\n\n\n<p>Durante la conferencia de prensa semanal, el secretario de Gobierno, Jes\u00fas Romero L\u00f3pez reiter\u00f3 el compromiso de construir un Nuevo Pacto Social de Paz y Justicia, con el trabajo y compromiso de todo el aparato de gobierno, pero principalmente de la Secretar\u00eda de Seguridad y Protecci\u00f3n Ciudadana (SSPC) y del Secretariado Ejecutivo del Sistema Estatal de Seguridad P\u00fablica (SESESP).<\/p>\n\n\n\n<p>Junto al delegado de la Secretar\u00eda de Gobernaci\u00f3n (Segob) en Oaxaca, Jos\u00e9 Carlos Fuentes Ordaz, el encargado de la pol\u00edtica interna dio a conocer que de manera coordinada con autoridades municipales e instituciones corresponsables se contin\u00faa brindando atenci\u00f3n al flujo migratorio en la entidad, en seguimiento a la pol\u00edtica humanitaria instruida por el Gobernador Salom\u00f3n Jara Cruz.<\/p>\n\n\n\n<p>En su oportunidad, el titular de la SSPC, Iv\u00e1n Garc\u00eda \u00c1lvarez expres\u00f3 que del 27 de septiembre al 3 de octubre se llevaron a cabo 636 acciones estrat\u00e9gicas consistentes en 407 recorridos de seguridad y vigilancia, as\u00ed como 229 operativos entre los que se encuentran: Zonas y Cuadrantes, Coordinado, Fortalecimiento, Control Migratorio, Interinstitucional, Alto Impacto Intermunicipal, Conjunta, Tarea Local y Refuerzo Mixteca.<\/p>\n\n\n\n<p>Durante dichos despliegues -dijo- se aseguraron a 109 personas por faltas administrativas y la presunci\u00f3n de delitos del Fuero Com\u00fan y Federal; 146 veh\u00edculos de los cuales, 21 contaban con reporte de robo; 65 dosis de presuntas drogas como cristal, coca\u00edna y marihuana; al igual que 9 armas de fuego, 89 municiones y seis cargadores. Trascendi\u00f3 tambi\u00e9n el aseguramiento de 600 huevos de tortuga.<\/p>\n\n\n\n<p>El subsecretario de Prevenci\u00f3n y Reinserci\u00f3n Social, Roberto Claudio Castillo Ram\u00edrez inform\u00f3 lo correspondiente al Sistema Penitenciario Estatal, en el que, dijo, se llevaron a cabo 94 revisiones y 14 decomisos durante los que se retiraron 150 sustancias y objetos prohibidos.<\/p>\n\n\n\n<p>Asimismo, de acuerdo al Modelo Integral de Reinserci\u00f3n Social, tres mil 501 Personas Privadas de Libertad (PPL) participaron en actividades laborales, mil 551 en actividades deportivas, mil 355 recibieron consultas en materia de salud y 542 se encuentran inscritas en diferentes niveles educativos.<\/p>\n\n\n\n<p>La SSPC atiende las causas que originan el delito para garantizar la paz con justicia en Oaxaca, mediante acciones estrat\u00e9gicas implementadas de manera constante y permanente en las ocho regiones de la entidad.<\/p>\n\n\n\n<p>-0-<\/p>\n\n\n\n<figure class=\"wp-block-image size-large\"><img fetchpriority=\"high\" decoding=\"async\" width=\"1024\" height=\"682\" src=\"https:\/\/contextoanalisisperiodistico.com\/wp-content\/uploads\/2023\/10\/img-20231005-wa00554763991676996872805-1024x682.jpg\" alt=\"\" class=\"wp-image-19219\" srcset=\"https:\/\/contextoanalisisperiodistico.com\/wp-content\/uploads\/2023\/10\/img-20231005-wa00554763991676996872805-1024x682.jpg 1024w, https:\/\/contextoanalisisperiodistico.com\/wp-content\/uploads\/2023\/10\/img-20231005-wa00554763991676996872805-300x200.jpg 300w, https:\/\/contextoanalisisperiodistico.com\/wp-content\/uploads\/2023\/10\/img-20231005-wa00554763991676996872805-768x512.jpg 768w, https:\/\/contextoanalisisperiodistico.com\/wp-content\/uploads\/2023\/10\/img-20231005-wa00554763991676996872805-1536x1023.jpg 1536w, https:\/\/contextoanalisisperiodistico.com\/wp-content\/uploads\/2023\/10\/img-20231005-wa00554763991676996872805.jpg 1600w\" sizes=\"(max-width: 1024px) 100vw, 1024px\" \/><\/figure>\n","protected":false},"excerpt":{"rendered":"<p>\u2022 Despliega acciones estrat\u00e9gicas de manera constante y permanente en las ocho regiones de la&#8230;<\/p>\n","protected":false},"author":4,"featured_media":19218,"comment_status":"closed","ping_status":"open","sticky":false,"template":"","format":"standard","meta":{"footnotes":""},"categories":[9],"tags":[],"jetpack_sharing_enabled":true,"featured_image_urls":{"full":["https:\/\/contextoanalisisperiodistico.com\/wp-content\/uploads\/2023\/10\/IMG-20231005-WA0057.jpg",1600,1066,false],"thumbnail":["https:\/\/contextoanalisisperiodistico.com\/wp-content\/uploads\/2023\/10\/IMG-20231005-WA0057-150x150.jpg",150,150,true],"medium":["https:\/\/contextoanalisisperiodistico.com\/wp-content\/uploads\/2023\/10\/IMG-20231005-WA0057-300x200.jpg",300,200,true],"medium_large":["https:\/\/contextoanalisisperiodistico.com\/wp-content\/uploads\/2023\/10\/IMG-20231005-WA0057-768x512.jpg",640,427,true],"large":["https:\/\/contextoanalisisperiodistico.com\/wp-content\/uploads\/2023\/10\/IMG-20231005-WA0057-1024x682.jpg",640,426,true],"1536x1536":["https:\/\/contextoanalisisperiodistico.com\/wp-content\/uploads\/2023\/10\/IMG-20231005-WA0057-1536x1023.jpg",1536,1023,true],"2048x2048":["https:\/\/contextoanalisisperiodistico.com\/wp-content\/uploads\/2023\/10\/IMG-20231005-WA0057.jpg",1600,1066,false],"covernews-slider-full":["https:\/\/contextoanalisisperiodistico.com\/wp-content\/uploads\/2023\/10\/IMG-20231005-WA0057-1115x715.jpg",1115,715,true],"covernews-slider-center":["https:\/\/contextoanalisisperiodistico.com\/wp-content\/uploads\/2023\/10\/IMG-20231005-WA0057-800x500.jpg",800,500,true],"covernews-featured":["https:\/\/contextoanalisisperiodistico.com\/wp-content\/uploads\/2023\/10\/IMG-20231005-WA0057-1024x682.jpg",1024,682,true],"covernews-medium":["https:\/\/contextoanalisisperiodistico.com\/wp-content\/uploads\/2023\/10\/IMG-20231005-WA0057-540x340.jpg",540,340,true],"covernews-medium-square":["https:\/\/contextoanalisisperiodistico.com\/wp-content\/uploads\/2023\/10\/IMG-20231005-WA0057-400x250.jpg",400,250,true]},"author_info":{"display_name":"Mario Gir\u00f3n","author_link":"https:\/\/contextoanalisisperiodistico.com\/index.php\/author\/director\/"},"category_info":"<a href=\"https:\/\/contextoanalisisperiodistico.com\/index.php\/category\/politica\/\" rel=\"category tag\">Pol\u00edtica<\/a>","tag_info":"Pol\u00edtica","comment_count":"0","jetpack_featured_media_url":"https:\/\/contextoanalisisperiodistico.com\/wp-content\/uploads\/2023\/10\/IMG-20231005-WA0057.jpg","_links":{"self":[{"href":"https:\/\/contextoanalisisperiodistico.com\/index.php\/wp-json\/wp\/v2\/posts\/19217"}],"collection":[{"href":"https:\/\/contextoanalisisperiodistico.com\/index.php\/wp-json\/wp\/v2\/posts"}],"about":[{"href":"https:\/\/contextoanalisisperiodistico.com\/index.php\/wp-json\/wp\/v2\/types\/post"}],"author":[{"embeddable":true,"href":"https:\/\/contextoanalisisperiodistico.com\/index.php\/wp-json\/wp\/v2\/users\/4"}],"replies":[{"embeddable":true,"href":"https:\/\/contextoanalisisperiodistico.com\/index.php\/wp-json\/wp\/v2\/comments?post=19217"}],"version-history":[{"count":1,"href":"https:\/\/contextoanalisisperiodistico.com\/index.php\/wp-json\/wp\/v2\/posts\/19217\/revisions"}],"predecessor-version":[{"id":19220,"href":"https:\/\/contextoanalisisperiodistico.com\/index.php\/wp-json\/wp\/v2\/posts\/19217\/revisions\/19220"}],"wp:featuredmedia":[{"embeddable":true,"href":"https:\/\/contextoanalisisperiodistico.com\/index.php\/wp-json\/wp\/v2\/media\/19218"}],"wp:attachment":[{"href":"https:\/\/contextoanalisisperiodistico.com\/index.php\/wp-json\/wp\/v2\/media?parent=19217"}],"wp:term":[{"taxonomy":"category","embeddable":true,"href":"https:\/\/contextoanalisisperiodistico.com\/index.php\/wp-json\/wp\/v2\/categories?post=19217"},{"taxonomy":"post_tag","embeddable":true,"href":"https:\/\/contextoanalisisperiodistico.com\/index.php\/wp-json\/wp\/v2\/tags?post=19217"}],"curies":[{"name":"wp","href":"https:\/\/api.w.org\/{rel}","templated":true}]}}