{"id":19199,"date":"2023-10-05T12:50:28","date_gmt":"2023-10-05T18:50:28","guid":{"rendered":"https:\/\/contextoanalisisperiodistico.com\/?p=19199"},"modified":"2023-10-05T12:51:37","modified_gmt":"2023-10-05T18:51:37","slug":"se-fortalece-la-policia-municipal-con-la-entrega-de-650-uniformes-tacticos","status":"publish","type":"post","link":"https:\/\/contextoanalisisperiodistico.com\/index.php\/2023\/10\/05\/se-fortalece-la-policia-municipal-con-la-entrega-de-650-uniformes-tacticos\/","title":{"rendered":"Se fortalece la Polic\u00eda Municipal con la entrega de 650 uniformes t\u00e1cticos"},"content":{"rendered":"<div id=\"fb-root\"><\/div>\n\n<p>*Gobierno municipal y estatal suman esfuerzos para mejorar la seguridad p\u00fablica.<\/p>\n\n\n\n<p>Oaxaca de Ju\u00e1rez, Oax., a 05 de octubre de 2023.- Con el firme objetivo de fortalecer y dignificar la labor de la Polic\u00eda Municipal de Oaxaca de Ju\u00e1rez, el presidente municipal, Francisco Mart\u00ednez Neri, recibi\u00f3 659 uniformes t\u00e1cticos por parte del Secretariado Ejecutivo del Sistema Estatal de Seguridad P\u00fablica de Oaxaca, presidido por Karina Bar\u00f3n Ortiz.<\/p>\n\n\n\n<p>Estos uniformes completos incluyen playeras tipo\u00bb Polo\u00bb, pantalones, cinturones y botas t\u00e1cticas, con los que se proyecta dignidad y confiabilidad ante la ciudadan\u00eda, adem\u00e1s de proporcionar las herramientas necesarias para que las polic\u00edas y los polic\u00edas realicen su labor en mejores condiciones.<\/p>\n\n\n\n<p>En su intervenci\u00f3n, el edil capitalino, Francisco Mart\u00ednez Neri, agradeci\u00f3 la cooperaci\u00f3n y el compromiso del gobierno del estado en esta iniciativa, misma que contribuir\u00e1 a fortalecer la seguridad en la ciudad. Asimismo, expres\u00f3 su compromiso de continuar trabajando para que la polic\u00eda municipal realice su labor con dignidad, decoro y honradez, en beneficio de la ciudadan\u00eda oaxaque\u00f1a.<\/p>\n\n\n\n<p>Por su parte, la secretaria Ejecutiva del Sistema Estatal de Seguridad P\u00fablica, Karina Bar\u00f3n Ortiz, destac\u00f3 la importancia de esta entrega y la enmarc\u00f3 en la pol\u00edtica de dignificaci\u00f3n policial emprendida por el Gobierno del Estado. Resalt\u00f3 la necesidad de mejorar las condiciones de trabajo de las y los polic\u00edas, quienes diariamente se exponen para mantener la paz y seguridad de la poblaci\u00f3n.<\/p>\n\n\n\n<p>El evento cont\u00f3 con la participaci\u00f3n del fiscal General del Estado de Oaxaca, Jos\u00e9 Bernardo Rodr\u00edguez Alamilla, la presidenta Honoraria del DIF Municipal, Bernarda Gonz\u00e1lez Rivas, la regidora de Seguridad Ciudadana, Movilidad, Agencias y Colonias, Claudia Tapia Nolasco, la secretaria T\u00e9cnica Regional de las Mesas de Paz, Roc\u00edo L\u00f3pez, y el secretario de Seguridad Ciudadana, Movilidad y Protecci\u00f3n Civil, Ra\u00fal \u00c1vila Ibarra. <\/p>\n\n\n\n<p>\u2077En este sentido, todas y todos se unen en una estrategia integral que busca fortalecer la seguridad p\u00fablica desde diferentes \u00e1ngulos, incluyendo inversiones en tecnolog\u00eda, capacitaci\u00f3n y, como este caso, la provisi\u00f3n de uniformes adecuados.<\/p>\n\n\n\n<p><br>Con este tipo de acciones, el gobierno municipal y estatal trabajan en coordinaci\u00f3n para responder a la leg\u00edtima demanda ciudadana de preservar la paz en la ciudad.<\/p>\n\n\n\n<figure class=\"wp-block-image size-large\"><img fetchpriority=\"high\" decoding=\"async\" width=\"1024\" height=\"684\" src=\"https:\/\/contextoanalisisperiodistico.com\/wp-content\/uploads\/2023\/10\/img-20231005-wa00436896258252188142373-1024x684.jpg\" alt=\"\" class=\"wp-image-19204\" srcset=\"https:\/\/contextoanalisisperiodistico.com\/wp-content\/uploads\/2023\/10\/img-20231005-wa00436896258252188142373-1024x684.jpg 1024w, https:\/\/contextoanalisisperiodistico.com\/wp-content\/uploads\/2023\/10\/img-20231005-wa00436896258252188142373-300x200.jpg 300w, https:\/\/contextoanalisisperiodistico.com\/wp-content\/uploads\/2023\/10\/img-20231005-wa00436896258252188142373-768x513.jpg 768w, https:\/\/contextoanalisisperiodistico.com\/wp-content\/uploads\/2023\/10\/img-20231005-wa00436896258252188142373-1536x1026.jpg 1536w, https:\/\/contextoanalisisperiodistico.com\/wp-content\/uploads\/2023\/10\/img-20231005-wa00436896258252188142373.jpg 1600w\" sizes=\"(max-width: 1024px) 100vw, 1024px\" \/><\/figure>\n\n\n\n<figure class=\"wp-block-image\"><img decoding=\"async\" width=\"1024\" height=\"684\" src=\"https:\/\/contextoanalisisperiodistico.com\/wp-content\/uploads\/2023\/10\/img-20231005-wa00425464793095929674874-1024x684.jpg\" alt=\"\" class=\"wp-image-19201\" srcset=\"https:\/\/contextoanalisisperiodistico.com\/wp-content\/uploads\/2023\/10\/img-20231005-wa00425464793095929674874-1024x684.jpg 1024w, https:\/\/contextoanalisisperiodistico.com\/wp-content\/uploads\/2023\/10\/img-20231005-wa00425464793095929674874-300x200.jpg 300w, https:\/\/contextoanalisisperiodistico.com\/wp-content\/uploads\/2023\/10\/img-20231005-wa00425464793095929674874-768x513.jpg 768w, https:\/\/contextoanalisisperiodistico.com\/wp-content\/uploads\/2023\/10\/img-20231005-wa00425464793095929674874-1536x1026.jpg 1536w, https:\/\/contextoanalisisperiodistico.com\/wp-content\/uploads\/2023\/10\/img-20231005-wa00425464793095929674874.jpg 1600w\" sizes=\"(max-width: 1024px) 100vw, 1024px\" \/><\/figure>\n\n\n\n<figure class=\"wp-block-image\"><img decoding=\"async\" width=\"1024\" height=\"684\" src=\"https:\/\/contextoanalisisperiodistico.com\/wp-content\/uploads\/2023\/10\/img-20231005-wa00459007291425640762227-1024x684.jpg\" alt=\"\" class=\"wp-image-19203\" srcset=\"https:\/\/contextoanalisisperiodistico.com\/wp-content\/uploads\/2023\/10\/img-20231005-wa00459007291425640762227-1024x684.jpg 1024w, https:\/\/contextoanalisisperiodistico.com\/wp-content\/uploads\/2023\/10\/img-20231005-wa00459007291425640762227-300x200.jpg 300w, https:\/\/contextoanalisisperiodistico.com\/wp-content\/uploads\/2023\/10\/img-20231005-wa00459007291425640762227-768x513.jpg 768w, https:\/\/contextoanalisisperiodistico.com\/wp-content\/uploads\/2023\/10\/img-20231005-wa00459007291425640762227-1536x1026.jpg 1536w, https:\/\/contextoanalisisperiodistico.com\/wp-content\/uploads\/2023\/10\/img-20231005-wa00459007291425640762227.jpg 1600w\" sizes=\"(max-width: 1024px) 100vw, 1024px\" \/><\/figure>\n\n\n\n<figure class=\"wp-block-image\"><img loading=\"lazy\" decoding=\"async\" width=\"1024\" height=\"684\" src=\"https:\/\/contextoanalisisperiodistico.com\/wp-content\/uploads\/2023\/10\/img-20231005-wa00415953927665511329744-1024x684.jpg\" alt=\"\" class=\"wp-image-19202\" srcset=\"https:\/\/contextoanalisisperiodistico.com\/wp-content\/uploads\/2023\/10\/img-20231005-wa00415953927665511329744-1024x684.jpg 1024w, https:\/\/contextoanalisisperiodistico.com\/wp-content\/uploads\/2023\/10\/img-20231005-wa00415953927665511329744-300x200.jpg 300w, https:\/\/contextoanalisisperiodistico.com\/wp-content\/uploads\/2023\/10\/img-20231005-wa00415953927665511329744-768x513.jpg 768w, https:\/\/contextoanalisisperiodistico.com\/wp-content\/uploads\/2023\/10\/img-20231005-wa00415953927665511329744-1536x1026.jpg 1536w, https:\/\/contextoanalisisperiodistico.com\/wp-content\/uploads\/2023\/10\/img-20231005-wa00415953927665511329744.jpg 1600w\" sizes=\"(max-width: 1024px) 100vw, 1024px\" \/><\/figure>\n","protected":false},"excerpt":{"rendered":"<p>*Gobierno municipal y estatal suman esfuerzos para mejorar la seguridad p\u00fablica. Oaxaca de Ju\u00e1rez, Oax.,&#8230;<\/p>\n","protected":false},"author":4,"featured_media":19200,"comment_status":"closed","ping_status":"open","sticky":false,"template":"","format":"standard","meta":{"footnotes":""},"categories":[9],"tags":[],"jetpack_sharing_enabled":true,"featured_image_urls":{"full":["https:\/\/contextoanalisisperiodistico.com\/wp-content\/uploads\/2023\/10\/IMG-20231005-WA0044.jpg",1600,1069,false],"thumbnail":["https:\/\/contextoanalisisperiodistico.com\/wp-content\/uploads\/2023\/10\/IMG-20231005-WA0044-150x150.jpg",150,150,true],"medium":["https:\/\/contextoanalisisperiodistico.com\/wp-content\/uploads\/2023\/10\/IMG-20231005-WA0044-300x200.jpg",300,200,true],"medium_large":["https:\/\/contextoanalisisperiodistico.com\/wp-content\/uploads\/2023\/10\/IMG-20231005-WA0044-768x513.jpg",640,428,true],"large":["https:\/\/contextoanalisisperiodistico.com\/wp-content\/uploads\/2023\/10\/IMG-20231005-WA0044-1024x684.jpg",640,428,true],"1536x1536":["https:\/\/contextoanalisisperiodistico.com\/wp-content\/uploads\/2023\/10\/IMG-20231005-WA0044-1536x1026.jpg",1536,1026,true],"2048x2048":["https:\/\/contextoanalisisperiodistico.com\/wp-content\/uploads\/2023\/10\/IMG-20231005-WA0044.jpg",1600,1069,false],"covernews-slider-full":["https:\/\/contextoanalisisperiodistico.com\/wp-content\/uploads\/2023\/10\/IMG-20231005-WA0044-1115x715.jpg",1115,715,true],"covernews-slider-center":["https:\/\/contextoanalisisperiodistico.com\/wp-content\/uploads\/2023\/10\/IMG-20231005-WA0044-800x500.jpg",800,500,true],"covernews-featured":["https:\/\/contextoanalisisperiodistico.com\/wp-content\/uploads\/2023\/10\/IMG-20231005-WA0044-1024x684.jpg",1024,684,true],"covernews-medium":["https:\/\/contextoanalisisperiodistico.com\/wp-content\/uploads\/2023\/10\/IMG-20231005-WA0044-540x340.jpg",540,340,true],"covernews-medium-square":["https:\/\/contextoanalisisperiodistico.com\/wp-content\/uploads\/2023\/10\/IMG-20231005-WA0044-400x250.jpg",400,250,true]},"author_info":{"display_name":"Mario Gir\u00f3n","author_link":"https:\/\/contextoanalisisperiodistico.com\/index.php\/author\/director\/"},"category_info":"<a href=\"https:\/\/contextoanalisisperiodistico.com\/index.php\/category\/politica\/\" rel=\"category tag\">Pol\u00edtica<\/a>","tag_info":"Pol\u00edtica","comment_count":"0","jetpack_featured_media_url":"https:\/\/contextoanalisisperiodistico.com\/wp-content\/uploads\/2023\/10\/IMG-20231005-WA0044.jpg","_links":{"self":[{"href":"https:\/\/contextoanalisisperiodistico.com\/index.php\/wp-json\/wp\/v2\/posts\/19199"}],"collection":[{"href":"https:\/\/contextoanalisisperiodistico.com\/index.php\/wp-json\/wp\/v2\/posts"}],"about":[{"href":"https:\/\/contextoanalisisperiodistico.com\/index.php\/wp-json\/wp\/v2\/types\/post"}],"author":[{"embeddable":true,"href":"https:\/\/contextoanalisisperiodistico.com\/index.php\/wp-json\/wp\/v2\/users\/4"}],"replies":[{"embeddable":true,"href":"https:\/\/contextoanalisisperiodistico.com\/index.php\/wp-json\/wp\/v2\/comments?post=19199"}],"version-history":[{"count":1,"href":"https:\/\/contextoanalisisperiodistico.com\/index.php\/wp-json\/wp\/v2\/posts\/19199\/revisions"}],"predecessor-version":[{"id":19205,"href":"https:\/\/contextoanalisisperiodistico.com\/index.php\/wp-json\/wp\/v2\/posts\/19199\/revisions\/19205"}],"wp:featuredmedia":[{"embeddable":true,"href":"https:\/\/contextoanalisisperiodistico.com\/index.php\/wp-json\/wp\/v2\/media\/19200"}],"wp:attachment":[{"href":"https:\/\/contextoanalisisperiodistico.com\/index.php\/wp-json\/wp\/v2\/media?parent=19199"}],"wp:term":[{"taxonomy":"category","embeddable":true,"href":"https:\/\/contextoanalisisperiodistico.com\/index.php\/wp-json\/wp\/v2\/categories?post=19199"},{"taxonomy":"post_tag","embeddable":true,"href":"https:\/\/contextoanalisisperiodistico.com\/index.php\/wp-json\/wp\/v2\/tags?post=19199"}],"curies":[{"name":"wp","href":"https:\/\/api.w.org\/{rel}","templated":true}]}}