{"id":19191,"date":"2023-10-04T20:33:16","date_gmt":"2023-10-05T02:33:16","guid":{"rendered":"https:\/\/contextoanalisisperiodistico.com\/?p=19191"},"modified":"2023-10-04T20:34:33","modified_gmt":"2023-10-05T02:34:33","slug":"entablan-agencias-de-naciones-unidas-dialogo-con-gobierno-de-oaxaca","status":"publish","type":"post","link":"https:\/\/contextoanalisisperiodistico.com\/index.php\/2023\/10\/04\/entablan-agencias-de-naciones-unidas-dialogo-con-gobierno-de-oaxaca\/","title":{"rendered":"Entablan Agencias de Naciones Unidas di\u00e1logo con Gobierno de Oaxaca"},"content":{"rendered":"<div id=\"fb-root\"><\/div>\n\n<p>\u2022 Reconocen esfuerzos del gobierno de Salom\u00f3n Jara, para atender el fen\u00f3meno migratorio <\/p>\n\n\n\n<p>\u2022 La Coordinaci\u00f3n para la Atenci\u00f3n de los Derechos Humanos recalc\u00f3 el compromiso del Gobierno de Oaxaca por brindar protecci\u00f3n y acompa\u00f1amiento a las personas en contextos de movilidad humana<\/p>\n\n\n\n<p>Oaxaca de Ju\u00e1rez, Oax., 4 de octubre de 2023.- En reuni\u00f3n encabezada por la Coordinaci\u00f3n para la Atenci\u00f3n de los Derechos Humanos del Gobierno de Oaxaca (CADH), representantes de la Oficina del Alto Comisionado de la Organizaci\u00f3n de las Naciones Unidas (ONU) en M\u00e9xico y la Agencia de la ONU para los Refugiados (ACNUR), reconocieron el trabajo y la apertura institucional que lleva a cabo la administraci\u00f3n estatal para atender el tema migratorio y los casos de desplazamiento forzado interno.<\/p>\n\n\n\n<p>A trav\u00e9s de experiencias y acciones en materia de derechos humanos, en la reuni\u00f3n de trabajo encabezada por la titular de la CADH, Flor Estela Morales Hern\u00e1ndez, se abord\u00f3 la atenci\u00f3n que se brinda a personas en tr\u00e1nsito en los Centros de Movilidad Migratoria (CMM).<\/p>\n\n\n\n<p>La funcionaria resalt\u00f3 la iniciativa que conjunta esfuerzos de los tres niveles de gobierno y visibiliza el compromiso del Gobierno Estatal, encabezado por Salom\u00f3n Jara Cruz para dar atenci\u00f3n a estos temas.<\/p>\n\n\n\n<p>Asimismo, inform\u00f3 que se solicitar\u00e1 de manera formal una reuni\u00f3n con la responsable del tema de movilidad humana de la ACNUR, para compartir experiencias y, con ayuda de la Agencia, generar buenas pr\u00e1cticas de atenci\u00f3n.<\/p>\n\n\n\n<p>Con la participaci\u00f3n del oficial de Derechos Humanos de ONU-DH, Andrea Cerami, y la asociada principal de Protecci\u00f3n de la ACNUR, Carolina Reyes Rosi\u00f1ol, en el encuentro se recalc\u00f3 el compromiso de la administraci\u00f3n estatal por brindar protecci\u00f3n y acompa\u00f1amiento a las personas en contextos de movilidad humana, que por diversos motivos se han visto en la necesidad de salir de sus pa\u00edses.<\/p>\n\n\n\n<p>Las y los representantes de las instancias reconocieron el empe\u00f1o del Gobierno del Estado por cambiar la narrativa en la atenci\u00f3n integral de la agenda en materia de derechos humanos.<\/p>\n\n\n\n<p>Por \u00faltimo, la titular de la CADH se comprometi\u00f3 a compartir informaci\u00f3n sobre el funcionamiento de los CMM. Adem\u00e1s, expres\u00f3 la necesidad de acompa\u00f1amiento t\u00e9cnico de la Oficina del Alto Comisionado en M\u00e9xico, para fortalecer las estrategias y acciones del Gobierno de Oaxaca.<br \/>-0-<\/p>\n","protected":false},"excerpt":{"rendered":"<p>\u2022 Reconocen esfuerzos del gobierno de Salom\u00f3n Jara, para atender el fen\u00f3meno migratorio \u2022 La&#8230;<\/p>\n","protected":false},"author":4,"featured_media":19192,"comment_status":"closed","ping_status":"open","sticky":false,"template":"","format":"standard","meta":{"footnotes":""},"categories":[9],"tags":[],"jetpack_sharing_enabled":true,"featured_image_urls":{"full":["https:\/\/contextoanalisisperiodistico.com\/wp-content\/uploads\/2023\/10\/IMG-20231004-WA0111.jpg",1024,768,false],"thumbnail":["https:\/\/contextoanalisisperiodistico.com\/wp-content\/uploads\/2023\/10\/IMG-20231004-WA0111-150x150.jpg",150,150,true],"medium":["https:\/\/contextoanalisisperiodistico.com\/wp-content\/uploads\/2023\/10\/IMG-20231004-WA0111-300x225.jpg",300,225,true],"medium_large":["https:\/\/contextoanalisisperiodistico.com\/wp-content\/uploads\/2023\/10\/IMG-20231004-WA0111-768x576.jpg",640,480,true],"large":["https:\/\/contextoanalisisperiodistico.com\/wp-content\/uploads\/2023\/10\/IMG-20231004-WA0111.jpg",640,480,false],"1536x1536":["https:\/\/contextoanalisisperiodistico.com\/wp-content\/uploads\/2023\/10\/IMG-20231004-WA0111.jpg",1024,768,false],"2048x2048":["https:\/\/contextoanalisisperiodistico.com\/wp-content\/uploads\/2023\/10\/IMG-20231004-WA0111.jpg",1024,768,false],"covernews-slider-full":["https:\/\/contextoanalisisperiodistico.com\/wp-content\/uploads\/2023\/10\/IMG-20231004-WA0111-1024x715.jpg",1024,715,true],"covernews-slider-center":["https:\/\/contextoanalisisperiodistico.com\/wp-content\/uploads\/2023\/10\/IMG-20231004-WA0111-800x500.jpg",800,500,true],"covernews-featured":["https:\/\/contextoanalisisperiodistico.com\/wp-content\/uploads\/2023\/10\/IMG-20231004-WA0111.jpg",1024,768,false],"covernews-medium":["https:\/\/contextoanalisisperiodistico.com\/wp-content\/uploads\/2023\/10\/IMG-20231004-WA0111-540x340.jpg",540,340,true],"covernews-medium-square":["https:\/\/contextoanalisisperiodistico.com\/wp-content\/uploads\/2023\/10\/IMG-20231004-WA0111-400x250.jpg",400,250,true]},"author_info":{"display_name":"Mario Gir\u00f3n","author_link":"https:\/\/contextoanalisisperiodistico.com\/index.php\/author\/director\/"},"category_info":"<a href=\"https:\/\/contextoanalisisperiodistico.com\/index.php\/category\/politica\/\" rel=\"category tag\">Pol\u00edtica<\/a>","tag_info":"Pol\u00edtica","comment_count":"0","jetpack_featured_media_url":"https:\/\/contextoanalisisperiodistico.com\/wp-content\/uploads\/2023\/10\/IMG-20231004-WA0111.jpg","_links":{"self":[{"href":"https:\/\/contextoanalisisperiodistico.com\/index.php\/wp-json\/wp\/v2\/posts\/19191"}],"collection":[{"href":"https:\/\/contextoanalisisperiodistico.com\/index.php\/wp-json\/wp\/v2\/posts"}],"about":[{"href":"https:\/\/contextoanalisisperiodistico.com\/index.php\/wp-json\/wp\/v2\/types\/post"}],"author":[{"embeddable":true,"href":"https:\/\/contextoanalisisperiodistico.com\/index.php\/wp-json\/wp\/v2\/users\/4"}],"replies":[{"embeddable":true,"href":"https:\/\/contextoanalisisperiodistico.com\/index.php\/wp-json\/wp\/v2\/comments?post=19191"}],"version-history":[{"count":1,"href":"https:\/\/contextoanalisisperiodistico.com\/index.php\/wp-json\/wp\/v2\/posts\/19191\/revisions"}],"predecessor-version":[{"id":19193,"href":"https:\/\/contextoanalisisperiodistico.com\/index.php\/wp-json\/wp\/v2\/posts\/19191\/revisions\/19193"}],"wp:featuredmedia":[{"embeddable":true,"href":"https:\/\/contextoanalisisperiodistico.com\/index.php\/wp-json\/wp\/v2\/media\/19192"}],"wp:attachment":[{"href":"https:\/\/contextoanalisisperiodistico.com\/index.php\/wp-json\/wp\/v2\/media?parent=19191"}],"wp:term":[{"taxonomy":"category","embeddable":true,"href":"https:\/\/contextoanalisisperiodistico.com\/index.php\/wp-json\/wp\/v2\/categories?post=19191"},{"taxonomy":"post_tag","embeddable":true,"href":"https:\/\/contextoanalisisperiodistico.com\/index.php\/wp-json\/wp\/v2\/tags?post=19191"}],"curies":[{"name":"wp","href":"https:\/\/api.w.org\/{rel}","templated":true}]}}