{"id":19175,"date":"2023-10-04T20:20:13","date_gmt":"2023-10-05T02:20:13","guid":{"rendered":"https:\/\/contextoanalisisperiodistico.com\/?p=19175"},"modified":"2023-10-04T20:20:40","modified_gmt":"2023-10-05T02:20:40","slug":"con-intervencion-de-la-sego-tras-22-meses-de-bloqueo-liberan-el-camino-hacia-santiago-textitlan","status":"publish","type":"post","link":"https:\/\/contextoanalisisperiodistico.com\/index.php\/2023\/10\/04\/con-intervencion-de-la-sego-tras-22-meses-de-bloqueo-liberan-el-camino-hacia-santiago-textitlan\/","title":{"rendered":"Con intervenci\u00f3n de la Sego, tras 22 meses de bloqueo liberan el camino hacia Santiago Textitl\u00e1n"},"content":{"rendered":"<div id=\"fb-root\"><\/div>\n\n<p>\u2022 San Pedro el Alto y Santiago Textitl\u00e1n acuerdan entablar mesas de di\u00e1logo<\/p>\n\n\n\n<p>Oaxaca de Ju\u00e1rez, Oax., 4 de octubre de 2023.- Luego de la intervenci\u00f3n de la Junta de Conciliaci\u00f3n Agraria de la Secretar\u00eda de Gobierno (Sego), fue retirado el bloqueo que manten\u00edan habitantes de San Pedro el Alto en el paraje denominado la Cofrad\u00eda, desde el mes de noviembre del 2021, el cual afectaba a la comunidad de Santiago Textitl\u00e1n.<\/p>\n\n\n\n<p>Con la convicci\u00f3n de que el di\u00e1logo es la mejor herramienta para la resoluci\u00f3n de los problemas y diferencias, el secretario de Gobierno Jes\u00fas Romero L\u00f3pez explic\u00f3 que, a trav\u00e9s de diversas acciones de atenci\u00f3n realizadas desde el inicio de la administraci\u00f3n del Gobernador Salom\u00f3n Jara Cruz, se logr\u00f3 el acuerdo para que ambas partes sentaran las bases para la reapertura y liberaci\u00f3n del camino.<\/p>\n\n\n\n<p>Con el levantamiento de este bloqueo, a partir del pr\u00f3ximo 15 de octubre se iniciar\u00e1n mesas de di\u00e1logo con el fin de atender la problem\u00e1tica social que persiste, y ambas partes acordaron establecer horarios de paso y un plan de vigilancia.<\/p>\n\n\n\n<p>Impulsando la pol\u00edtica de privilegiar el di\u00e1logo abierto y respetuoso, este acuerdo beneficia a m\u00e1s de 21 mil habitantes de los municipios de Santiago Textitl\u00e1n, Santiago Amoltepec y San Mateo Yucutindoo, quienes habitualmente transitan ese camino para realizar sus actividades cotidianas.<\/p>\n\n\n\n<p>Bajo el eje Paz Territorial, del programa estatal Paz con Justicia y Bienestar para el Pueblo de Oaxaca, la Secretar\u00eda de Gobierno trabaja para fortalecer la estabilidad, tranquilidad y concordia entre los pueblos y comunidades de Oaxaca.<\/p>\n\n\n\n<p>-0-<\/p>\n\n\n\n<figure class=\"wp-block-image size-large\"><img fetchpriority=\"high\" decoding=\"async\" width=\"1024\" height=\"768\" src=\"https:\/\/contextoanalisisperiodistico.com\/wp-content\/uploads\/2023\/10\/img-20231004-wa00886362915021638550654-1024x768.jpg\" alt=\"\" class=\"wp-image-19178\" srcset=\"https:\/\/contextoanalisisperiodistico.com\/wp-content\/uploads\/2023\/10\/img-20231004-wa00886362915021638550654-1024x768.jpg 1024w, https:\/\/contextoanalisisperiodistico.com\/wp-content\/uploads\/2023\/10\/img-20231004-wa00886362915021638550654-300x225.jpg 300w, https:\/\/contextoanalisisperiodistico.com\/wp-content\/uploads\/2023\/10\/img-20231004-wa00886362915021638550654-768x576.jpg 768w, https:\/\/contextoanalisisperiodistico.com\/wp-content\/uploads\/2023\/10\/img-20231004-wa00886362915021638550654.jpg 1152w\" sizes=\"(max-width: 1024px) 100vw, 1024px\" \/><\/figure>\n","protected":false},"excerpt":{"rendered":"<p>\u2022 San Pedro el Alto y Santiago Textitl\u00e1n acuerdan entablar mesas de di\u00e1logo Oaxaca de&#8230;<\/p>\n","protected":false},"author":4,"featured_media":19177,"comment_status":"closed","ping_status":"open","sticky":false,"template":"","format":"standard","meta":{"footnotes":""},"categories":[9],"tags":[],"jetpack_sharing_enabled":true,"featured_image_urls":{"full":["https:\/\/contextoanalisisperiodistico.com\/wp-content\/uploads\/2023\/10\/IMG-20231004-WA0087.jpg",1152,864,false],"thumbnail":["https:\/\/contextoanalisisperiodistico.com\/wp-content\/uploads\/2023\/10\/IMG-20231004-WA0087-150x150.jpg",150,150,true],"medium":["https:\/\/contextoanalisisperiodistico.com\/wp-content\/uploads\/2023\/10\/IMG-20231004-WA0087-300x225.jpg",300,225,true],"medium_large":["https:\/\/contextoanalisisperiodistico.com\/wp-content\/uploads\/2023\/10\/IMG-20231004-WA0087-768x576.jpg",640,480,true],"large":["https:\/\/contextoanalisisperiodistico.com\/wp-content\/uploads\/2023\/10\/IMG-20231004-WA0087-1024x768.jpg",640,480,true],"1536x1536":["https:\/\/contextoanalisisperiodistico.com\/wp-content\/uploads\/2023\/10\/IMG-20231004-WA0087.jpg",1152,864,false],"2048x2048":["https:\/\/contextoanalisisperiodistico.com\/wp-content\/uploads\/2023\/10\/IMG-20231004-WA0087.jpg",1152,864,false],"covernews-slider-full":["https:\/\/contextoanalisisperiodistico.com\/wp-content\/uploads\/2023\/10\/IMG-20231004-WA0087-1115x715.jpg",1115,715,true],"covernews-slider-center":["https:\/\/contextoanalisisperiodistico.com\/wp-content\/uploads\/2023\/10\/IMG-20231004-WA0087-800x500.jpg",800,500,true],"covernews-featured":["https:\/\/contextoanalisisperiodistico.com\/wp-content\/uploads\/2023\/10\/IMG-20231004-WA0087-1024x768.jpg",1024,768,true],"covernews-medium":["https:\/\/contextoanalisisperiodistico.com\/wp-content\/uploads\/2023\/10\/IMG-20231004-WA0087-540x340.jpg",540,340,true],"covernews-medium-square":["https:\/\/contextoanalisisperiodistico.com\/wp-content\/uploads\/2023\/10\/IMG-20231004-WA0087-400x250.jpg",400,250,true]},"author_info":{"display_name":"Mario Gir\u00f3n","author_link":"https:\/\/contextoanalisisperiodistico.com\/index.php\/author\/director\/"},"category_info":"<a href=\"https:\/\/contextoanalisisperiodistico.com\/index.php\/category\/politica\/\" rel=\"category tag\">Pol\u00edtica<\/a>","tag_info":"Pol\u00edtica","comment_count":"0","jetpack_featured_media_url":"https:\/\/contextoanalisisperiodistico.com\/wp-content\/uploads\/2023\/10\/IMG-20231004-WA0087.jpg","_links":{"self":[{"href":"https:\/\/contextoanalisisperiodistico.com\/index.php\/wp-json\/wp\/v2\/posts\/19175"}],"collection":[{"href":"https:\/\/contextoanalisisperiodistico.com\/index.php\/wp-json\/wp\/v2\/posts"}],"about":[{"href":"https:\/\/contextoanalisisperiodistico.com\/index.php\/wp-json\/wp\/v2\/types\/post"}],"author":[{"embeddable":true,"href":"https:\/\/contextoanalisisperiodistico.com\/index.php\/wp-json\/wp\/v2\/users\/4"}],"replies":[{"embeddable":true,"href":"https:\/\/contextoanalisisperiodistico.com\/index.php\/wp-json\/wp\/v2\/comments?post=19175"}],"version-history":[{"count":2,"href":"https:\/\/contextoanalisisperiodistico.com\/index.php\/wp-json\/wp\/v2\/posts\/19175\/revisions"}],"predecessor-version":[{"id":19179,"href":"https:\/\/contextoanalisisperiodistico.com\/index.php\/wp-json\/wp\/v2\/posts\/19175\/revisions\/19179"}],"wp:featuredmedia":[{"embeddable":true,"href":"https:\/\/contextoanalisisperiodistico.com\/index.php\/wp-json\/wp\/v2\/media\/19177"}],"wp:attachment":[{"href":"https:\/\/contextoanalisisperiodistico.com\/index.php\/wp-json\/wp\/v2\/media?parent=19175"}],"wp:term":[{"taxonomy":"category","embeddable":true,"href":"https:\/\/contextoanalisisperiodistico.com\/index.php\/wp-json\/wp\/v2\/categories?post=19175"},{"taxonomy":"post_tag","embeddable":true,"href":"https:\/\/contextoanalisisperiodistico.com\/index.php\/wp-json\/wp\/v2\/tags?post=19175"}],"curies":[{"name":"wp","href":"https:\/\/api.w.org\/{rel}","templated":true}]}}