{"id":19153,"date":"2023-10-04T15:49:59","date_gmt":"2023-10-04T21:49:59","guid":{"rendered":"https:\/\/contextoanalisisperiodistico.com\/?p=19153"},"modified":"2023-10-04T15:50:45","modified_gmt":"2023-10-04T21:50:45","slug":"oaxaca-sede-del-xiii-congreso-nacional-de-virologia-2023","status":"publish","type":"post","link":"https:\/\/contextoanalisisperiodistico.com\/index.php\/2023\/10\/04\/oaxaca-sede-del-xiii-congreso-nacional-de-virologia-2023\/","title":{"rendered":"Oaxaca, sede del XIII Congreso Nacional de Virolog\u00eda 2023"},"content":{"rendered":"<div id=\"fb-root\"><\/div>\n\n<p>\u2022 Participar\u00e1n especialistas nacionales y del extranjero; se realizar\u00e1 del 5 al 7 de octubre<\/p>\n\n\n\n<p>San Bartolo Coyotepec, Oax. 4 octubre de 2023- El Consejo Estatal para la Prevenci\u00f3n y Control del Sida (Coesida) inform\u00f3 que Oaxaca ser\u00e1 sede del XIII Congreso Nacional de Virolog\u00eda que se llevar\u00e1 a cabo del 5 al 7 de octubre con la participaci\u00f3n de especialistas nacionales y extranjeros.<\/p>\n\n\n\n<p>Este encuentro organizado por la Sociedad Mexicana de Virolog\u00eda (SMV) reunir\u00e1 a representantes de dependencias de gobierno, profesionales de laboratorio y personas investigadoras.<\/p>\n\n\n\n<p>La coordinadora de Investigaci\u00f3n y Ense\u00f1anza del Coesida Yuko Nakamura L\u00f3pez expuso que este Congreso Nacional es organizado por el Instituto Polit\u00e9cnico Nacional (IPN), la Universidad Nacional Aut\u00f3noma de M\u00e9xico (UNAM), el Instituto Nacional de Enfermedades Respiratorias (INER), el Instituto Mexicano del Seguro Social (IMSS) y el Coesida-Centro Ambulatorio para la Prevenci\u00f3n y Atenci\u00f3n del Sida e Infecciones de Transmisi\u00f3n Sexual (CAPASITS) como organizador anfitri\u00f3n.<\/p>\n\n\n\n<p>La tambi\u00e9n coordinadora de este encuentro se\u00f1al\u00f3 que la Sociedad Mexicana de Virolog\u00eda seleccion\u00f3 a Oaxaca como sede de este Congreso Nacional, ya que cuenta con una riqueza cultural y logr\u00f3 una estrategia de reactivaci\u00f3n econ\u00f3mica pos pandemia.<\/p>\n\n\n\n<p>Expuso que entre los objetivos del Congreso se encuentra la actualizaci\u00f3n de la comunidad de qu\u00edmicos en t\u00e9cnicas de PCR (Reacci\u00f3n de Polimerasa en Cadena por sus siglas en ingl\u00e9s) a trav\u00e9s de la plataforma QIAcuity basada en nanoplaca, la cual se visualiza como el futuro en la biolog\u00eda molecular para la investigaci\u00f3n y el diagn\u00f3stico.<\/p>\n\n\n\n<p>Con ello se pretende que los procesos de laboratorio por PCR sean de f\u00e1cil aplicaci\u00f3n y an\u00e1lisis, con t\u00e9cnica mejorada y cuyos resultados cuenten con alto porcentaje de seguridad, en beneficio de las personas usuarias que requieren de este estudio.<\/p>\n\n\n\n<p>-0-<\/p>\n","protected":false},"excerpt":{"rendered":"<p>\u2022 Participar\u00e1n especialistas nacionales y del extranjero; se realizar\u00e1 del 5 al 7 de octubre&#8230;<\/p>\n","protected":false},"author":4,"featured_media":19154,"comment_status":"closed","ping_status":"open","sticky":false,"template":"","format":"standard","meta":{"footnotes":""},"categories":[92],"tags":[],"jetpack_sharing_enabled":true,"featured_image_urls":{"full":["https:\/\/contextoanalisisperiodistico.com\/wp-content\/uploads\/2023\/10\/IMG-20231004-WA0078.jpg",720,1143,false],"thumbnail":["https:\/\/contextoanalisisperiodistico.com\/wp-content\/uploads\/2023\/10\/IMG-20231004-WA0078-150x150.jpg",150,150,true],"medium":["https:\/\/contextoanalisisperiodistico.com\/wp-content\/uploads\/2023\/10\/IMG-20231004-WA0078-189x300.jpg",189,300,true],"medium_large":["https:\/\/contextoanalisisperiodistico.com\/wp-content\/uploads\/2023\/10\/IMG-20231004-WA0078.jpg",640,1016,false],"large":["https:\/\/contextoanalisisperiodistico.com\/wp-content\/uploads\/2023\/10\/IMG-20231004-WA0078-645x1024.jpg",640,1016,true],"1536x1536":["https:\/\/contextoanalisisperiodistico.com\/wp-content\/uploads\/2023\/10\/IMG-20231004-WA0078.jpg",720,1143,false],"2048x2048":["https:\/\/contextoanalisisperiodistico.com\/wp-content\/uploads\/2023\/10\/IMG-20231004-WA0078.jpg",720,1143,false],"covernews-slider-full":["https:\/\/contextoanalisisperiodistico.com\/wp-content\/uploads\/2023\/10\/IMG-20231004-WA0078-720x715.jpg",720,715,true],"covernews-slider-center":["https:\/\/contextoanalisisperiodistico.com\/wp-content\/uploads\/2023\/10\/IMG-20231004-WA0078-720x500.jpg",720,500,true],"covernews-featured":["https:\/\/contextoanalisisperiodistico.com\/wp-content\/uploads\/2023\/10\/IMG-20231004-WA0078.jpg",720,1143,false],"covernews-medium":["https:\/\/contextoanalisisperiodistico.com\/wp-content\/uploads\/2023\/10\/IMG-20231004-WA0078-540x340.jpg",540,340,true],"covernews-medium-square":["https:\/\/contextoanalisisperiodistico.com\/wp-content\/uploads\/2023\/10\/IMG-20231004-WA0078-400x250.jpg",400,250,true]},"author_info":{"display_name":"Mario Gir\u00f3n","author_link":"https:\/\/contextoanalisisperiodistico.com\/index.php\/author\/director\/"},"category_info":"<a href=\"https:\/\/contextoanalisisperiodistico.com\/index.php\/category\/salud\/\" rel=\"category tag\">Salud<\/a>","tag_info":"Salud","comment_count":"0","jetpack_featured_media_url":"https:\/\/contextoanalisisperiodistico.com\/wp-content\/uploads\/2023\/10\/IMG-20231004-WA0078.jpg","_links":{"self":[{"href":"https:\/\/contextoanalisisperiodistico.com\/index.php\/wp-json\/wp\/v2\/posts\/19153"}],"collection":[{"href":"https:\/\/contextoanalisisperiodistico.com\/index.php\/wp-json\/wp\/v2\/posts"}],"about":[{"href":"https:\/\/contextoanalisisperiodistico.com\/index.php\/wp-json\/wp\/v2\/types\/post"}],"author":[{"embeddable":true,"href":"https:\/\/contextoanalisisperiodistico.com\/index.php\/wp-json\/wp\/v2\/users\/4"}],"replies":[{"embeddable":true,"href":"https:\/\/contextoanalisisperiodistico.com\/index.php\/wp-json\/wp\/v2\/comments?post=19153"}],"version-history":[{"count":1,"href":"https:\/\/contextoanalisisperiodistico.com\/index.php\/wp-json\/wp\/v2\/posts\/19153\/revisions"}],"predecessor-version":[{"id":19155,"href":"https:\/\/contextoanalisisperiodistico.com\/index.php\/wp-json\/wp\/v2\/posts\/19153\/revisions\/19155"}],"wp:featuredmedia":[{"embeddable":true,"href":"https:\/\/contextoanalisisperiodistico.com\/index.php\/wp-json\/wp\/v2\/media\/19154"}],"wp:attachment":[{"href":"https:\/\/contextoanalisisperiodistico.com\/index.php\/wp-json\/wp\/v2\/media?parent=19153"}],"wp:term":[{"taxonomy":"category","embeddable":true,"href":"https:\/\/contextoanalisisperiodistico.com\/index.php\/wp-json\/wp\/v2\/categories?post=19153"},{"taxonomy":"post_tag","embeddable":true,"href":"https:\/\/contextoanalisisperiodistico.com\/index.php\/wp-json\/wp\/v2\/tags?post=19153"}],"curies":[{"name":"wp","href":"https:\/\/api.w.org\/{rel}","templated":true}]}}