{"id":19112,"date":"2023-10-03T17:42:20","date_gmt":"2023-10-03T23:42:20","guid":{"rendered":"https:\/\/contextoanalisisperiodistico.com\/?p=19112"},"modified":"2023-10-03T17:43:55","modified_gmt":"2023-10-03T23:43:55","slug":"pan-se-pronuncia-por-la-destitucion-de-la-rectora-de-la-utvco-tania-lopez","status":"publish","type":"post","link":"https:\/\/contextoanalisisperiodistico.com\/index.php\/2023\/10\/03\/pan-se-pronuncia-por-la-destitucion-de-la-rectora-de-la-utvco-tania-lopez\/","title":{"rendered":"PAN se pronuncia por destituci\u00f3n de rectora de la UTVCO, Tania L\u00f3pez"},"content":{"rendered":"<div id=\"fb-root\"><\/div>\n\n<p>\u25cf Se trata de una Rectora incapaz y carente de perfil acad\u00e9mico<\/p>\n\n\n\n<p>*Desde su llegada van 64 docentes despedidos de forma injustificada<\/p>\n\n\n\n<p><br \/>*PAN teme por la integridad de la comunidad universitaria luego de los signos de agresi\u00f3n mostrados por la funcionaria que se hace acompa\u00f1ar de \u201cporros\u201d y gente armada<br \/>&nbsp;<br \/>La presidenta estatal del Partido Acci\u00f3n Nacional, Perla Woolrich Fern\u00e1ndez se pronunci\u00f3 por la destituci\u00f3n de la rectora Tania L\u00f3pez L\u00f3pez, al no contar con el perfil ni con la capacidad para el cargo que ostenta y la abierta confrontaci\u00f3n con la comunidad universitaria.<\/p>\n\n\n\n<figure class=\"wp-block-image size-large\"><img fetchpriority=\"high\" decoding=\"async\" width=\"1024\" height=\"768\" src=\"https:\/\/contextoanalisisperiodistico.com\/wp-content\/uploads\/2023\/10\/img-20231003-wa00634124613741066169541.jpg\" alt=\"\" class=\"wp-image-19114\" srcset=\"https:\/\/contextoanalisisperiodistico.com\/wp-content\/uploads\/2023\/10\/img-20231003-wa00634124613741066169541.jpg 1024w, https:\/\/contextoanalisisperiodistico.com\/wp-content\/uploads\/2023\/10\/img-20231003-wa00634124613741066169541-300x225.jpg 300w, https:\/\/contextoanalisisperiodistico.com\/wp-content\/uploads\/2023\/10\/img-20231003-wa00634124613741066169541-768x576.jpg 768w\" sizes=\"(max-width: 1024px) 100vw, 1024px\" \/><\/figure>\n\n\n\n<figure class=\"wp-block-image\"><img decoding=\"async\" width=\"300\" height=\"225\" src=\"https:\/\/contextoanalisisperiodistico.com\/wp-content\/uploads\/2023\/10\/img-20231003-wa00662491867433174909034-300x225.jpg\" alt=\"\" class=\"wp-image-19115\" srcset=\"https:\/\/contextoanalisisperiodistico.com\/wp-content\/uploads\/2023\/10\/img-20231003-wa00662491867433174909034-300x225.jpg 300w, https:\/\/contextoanalisisperiodistico.com\/wp-content\/uploads\/2023\/10\/img-20231003-wa00662491867433174909034-768x576.jpg 768w, https:\/\/contextoanalisisperiodistico.com\/wp-content\/uploads\/2023\/10\/img-20231003-wa00662491867433174909034.jpg 1024w\" sizes=\"(max-width: 300px) 100vw, 300px\" \/><\/figure>\n\n\n\n<p>La jurista expuso que la UTVCO naci\u00f3 como un organismo p\u00fablico descentralizado, \u201cpero tal parece que este gobierno morenista intenta suplir al cuerpo docente y administrativo sin tener los requisitos necesarios para brindar la ense\u00f1anza de calidad a la que estaban acostumbrados tanto el alumnado como los padres de familia, a fin de rellenar esos espacios con gente allegados a ella, sin perfiles acad\u00e9micos, el \u00fanico requisito es ser morenista\u201d.<br \/>&nbsp;<br \/>Acompa\u00f1ada del director jur\u00eddico del Comit\u00e9 Directivo Estatal, Edgar Jim\u00e9nez Garc\u00eda y del secretario de Asuntos de Pueblos Ind\u00edgenas y padre de una de las estudiantes de esta instituci\u00f3n, Sotero Santiago, la ex contralora puntualiz\u00f3 que el marco legal que rige a esa instituci\u00f3n exige que el rector o rectora cuente con una carrera profesional a fin a las \u00e1reas de conocimiento que se imparten, \u201csin embargo al ostentarse como odont\u00f3loga, carece del perfil, porque en la instituci\u00f3n no se imparte ninguna profesi\u00f3n similar\u201d.<br \/>&nbsp;<br \/>En la conferencia semanal \u201cLa Hora del PAN y el caf\u00e9 con Perla Woolrich\u201d, el secretario Sotero Santiago dijo que prevalece temor por la integridad de la comunidad universitaria que se ha manifestado en contra de las arbitrariedades de la referida funcionaria, luego de que increment\u00f3 los despidos injustificados al sumar actualmente a 64 profesores que s\u00ed contaba con el perfil necesario para estar al frente de las aulas.<br \/>&nbsp;<br \/>\u201cHay temor de padres de familia, de docentes y en general del alumnado porque la rectora ha mostrado signos de violencia, pues ha hecho uso de porros y ha enviado personas armadas que han intentado agredir, amedrentar y violentar a quienes solamente exigen sus derechos, por un lado, los estudiantes a tener educaci\u00f3n de calidad, por otro lado, quienes exigen soluci\u00f3n al tema laboral y adicionalmente tambi\u00e9n a quienes tienen derecho de formar un sindicato, como lo establecen las leyes en el pa\u00eds\u201d.<br \/>&nbsp;<br \/>La dirigente panista puntualiz\u00f3 que Acci\u00f3n Nacional siguiendo sus principios de bien com\u00fan, solidaridad, subsidiariedad y dignidad de la persona humana, atender\u00e1n, escuchar\u00e1n y orientar\u00e1n a todos los sectores de la sociedad que enfrenten injusticias desde el poder, por lo que abre sus puertas para \u201carropar\u201d y apoyar las causas ciudadanas, en el marco de la ley.<\/p>\n","protected":false},"excerpt":{"rendered":"<p>\u25cf Se trata de una Rectora incapaz y carente de perfil acad\u00e9mico *Desde su llegada&#8230;<\/p>\n","protected":false},"author":4,"featured_media":19113,"comment_status":"closed","ping_status":"open","sticky":false,"template":"","format":"standard","meta":{"footnotes":""},"categories":[9],"tags":[],"jetpack_sharing_enabled":true,"featured_image_urls":{"full":["https:\/\/contextoanalisisperiodistico.com\/wp-content\/uploads\/2023\/10\/IMG-20231003-WA0065.jpg",1024,768,false],"thumbnail":["https:\/\/contextoanalisisperiodistico.com\/wp-content\/uploads\/2023\/10\/IMG-20231003-WA0065-150x150.jpg",150,150,true],"medium":["https:\/\/contextoanalisisperiodistico.com\/wp-content\/uploads\/2023\/10\/IMG-20231003-WA0065-300x225.jpg",300,225,true],"medium_large":["https:\/\/contextoanalisisperiodistico.com\/wp-content\/uploads\/2023\/10\/IMG-20231003-WA0065-768x576.jpg",640,480,true],"large":["https:\/\/contextoanalisisperiodistico.com\/wp-content\/uploads\/2023\/10\/IMG-20231003-WA0065.jpg",640,480,false],"1536x1536":["https:\/\/contextoanalisisperiodistico.com\/wp-content\/uploads\/2023\/10\/IMG-20231003-WA0065.jpg",1024,768,false],"2048x2048":["https:\/\/contextoanalisisperiodistico.com\/wp-content\/uploads\/2023\/10\/IMG-20231003-WA0065.jpg",1024,768,false],"covernews-slider-full":["https:\/\/contextoanalisisperiodistico.com\/wp-content\/uploads\/2023\/10\/IMG-20231003-WA0065-1024x715.jpg",1024,715,true],"covernews-slider-center":["https:\/\/contextoanalisisperiodistico.com\/wp-content\/uploads\/2023\/10\/IMG-20231003-WA0065-800x500.jpg",800,500,true],"covernews-featured":["https:\/\/contextoanalisisperiodistico.com\/wp-content\/uploads\/2023\/10\/IMG-20231003-WA0065.jpg",1024,768,false],"covernews-medium":["https:\/\/contextoanalisisperiodistico.com\/wp-content\/uploads\/2023\/10\/IMG-20231003-WA0065-540x340.jpg",540,340,true],"covernews-medium-square":["https:\/\/contextoanalisisperiodistico.com\/wp-content\/uploads\/2023\/10\/IMG-20231003-WA0065-400x250.jpg",400,250,true]},"author_info":{"display_name":"Mario Gir\u00f3n","author_link":"https:\/\/contextoanalisisperiodistico.com\/index.php\/author\/director\/"},"category_info":"<a href=\"https:\/\/contextoanalisisperiodistico.com\/index.php\/category\/politica\/\" rel=\"category tag\">Pol\u00edtica<\/a>","tag_info":"Pol\u00edtica","comment_count":"0","jetpack_featured_media_url":"https:\/\/contextoanalisisperiodistico.com\/wp-content\/uploads\/2023\/10\/IMG-20231003-WA0065.jpg","_links":{"self":[{"href":"https:\/\/contextoanalisisperiodistico.com\/index.php\/wp-json\/wp\/v2\/posts\/19112"}],"collection":[{"href":"https:\/\/contextoanalisisperiodistico.com\/index.php\/wp-json\/wp\/v2\/posts"}],"about":[{"href":"https:\/\/contextoanalisisperiodistico.com\/index.php\/wp-json\/wp\/v2\/types\/post"}],"author":[{"embeddable":true,"href":"https:\/\/contextoanalisisperiodistico.com\/index.php\/wp-json\/wp\/v2\/users\/4"}],"replies":[{"embeddable":true,"href":"https:\/\/contextoanalisisperiodistico.com\/index.php\/wp-json\/wp\/v2\/comments?post=19112"}],"version-history":[{"count":3,"href":"https:\/\/contextoanalisisperiodistico.com\/index.php\/wp-json\/wp\/v2\/posts\/19112\/revisions"}],"predecessor-version":[{"id":19118,"href":"https:\/\/contextoanalisisperiodistico.com\/index.php\/wp-json\/wp\/v2\/posts\/19112\/revisions\/19118"}],"wp:featuredmedia":[{"embeddable":true,"href":"https:\/\/contextoanalisisperiodistico.com\/index.php\/wp-json\/wp\/v2\/media\/19113"}],"wp:attachment":[{"href":"https:\/\/contextoanalisisperiodistico.com\/index.php\/wp-json\/wp\/v2\/media?parent=19112"}],"wp:term":[{"taxonomy":"category","embeddable":true,"href":"https:\/\/contextoanalisisperiodistico.com\/index.php\/wp-json\/wp\/v2\/categories?post=19112"},{"taxonomy":"post_tag","embeddable":true,"href":"https:\/\/contextoanalisisperiodistico.com\/index.php\/wp-json\/wp\/v2\/tags?post=19112"}],"curies":[{"name":"wp","href":"https:\/\/api.w.org\/{rel}","templated":true}]}}