{"id":19097,"date":"2023-10-03T14:49:16","date_gmt":"2023-10-03T20:49:16","guid":{"rendered":"https:\/\/contextoanalisisperiodistico.com\/?p=19097"},"modified":"2023-10-03T14:51:41","modified_gmt":"2023-10-03T20:51:41","slug":"busca-oaxaca-avanzar-hacia-una-sociedad-igualitaria-mediante-presupuestos-con-perspectiva-de-genero","status":"publish","type":"post","link":"https:\/\/contextoanalisisperiodistico.com\/index.php\/2023\/10\/03\/busca-oaxaca-avanzar-hacia-una-sociedad-igualitaria-mediante-presupuestos-con-perspectiva-de-genero\/","title":{"rendered":"Busca Oaxaca avanzar hacia una sociedad igualitaria mediante presupuestos con perspectiva de g\u00e9nero"},"content":{"rendered":"<div id=\"fb-root\"><\/div>\n\n<p>\u2022 La Secretar\u00eda de las Mujeres inaugur\u00f3 el Seminario en Presupuestos, Seguimiento y Monitoreo orientado a quienes desempe\u00f1an funciones relacionadas con el an\u00e1lisis, programaci\u00f3n y rendici\u00f3n de cuentas<\/p>\n\n\n\n<p>Oaxaca de Ju\u00e1rez, Oax. 03 de octubre de 2023. Con el objetivo de avanzar hacia una sociedad igualitaria mediante presupuestos con perspectiva de g\u00e9nero, la Secretar\u00eda de las Mujeres (SM) inaugur\u00f3 el Seminario en Presupuestos, Seguimiento y Monitoreo.<\/p>\n\n\n\n<p>Esta capacitaci\u00f3n, orientada al personal de la administraci\u00f3n p\u00fablica del estado de Oaxaca que desempe\u00f1a funciones relacionadas con el an\u00e1lisis, programaci\u00f3n y rendici\u00f3n de cuentas, busca fortalecer sus habilidades en la planificaci\u00f3n de presupuestos y pol\u00edticas p\u00fablicas con perspectiva de igualdad de g\u00e9nero.<\/p>\n\n\n\n<p>La titular de la SM, Elisa Zepeda Lagunas afirm\u00f3 que el objetivo de las pol\u00edticas, programas y presupuestos con perspectiva de g\u00e9nero es contribuir a la erradicaci\u00f3n de todas las formas de discriminaci\u00f3n, desigualdad y violencia contra las mujeres en raz\u00f3n de g\u00e9nero.<\/p>\n\n\n\n<p>Asegur\u00f3 que por ello es importante promover procesos formativos como este seminario, para fortalecer las acciones que coadyuven a acortar las desigualdades que existen entre mujeres y hombres y con ello saldar la deuda hist\u00f3rica que se tiene con las mujeres.<\/p>\n\n\n\n<p>Asimismo, la funcionaria estatal agradeci\u00f3 la colaboraci\u00f3n de la Subsecretar\u00eda de Egresos, Contabilidad y Tesorer\u00eda de la Secretar\u00eda de Finanzas de Oaxaca para realizar este encuentro, as\u00ed como al grupo de especialistas en la materia quienes se encargan del desarrollo del mismo.<\/p>\n\n\n\n<p>Posteriormente se realiz\u00f3 la conferencia Lo b\u00e1sico de los presupuestos con enfoque de g\u00e9nero, a cargo de Luc\u00eda Clarissa P\u00e9rez Fragoso, consultora en Econom\u00eda Feminista, quien se\u00f1al\u00f3 que los presupuestos con perspectiva de g\u00e9nero est\u00e1n orientados a la transformaci\u00f3n de la organizaci\u00f3n social hacia una sociedad igualitaria.<\/p>\n\n\n\n<p>Asimismo, explic\u00f3 que los presupuestos p\u00fablicos con enfoque de g\u00e9nero son herramientas para integrar en pol\u00edticas, programas y presupuestos los esfuerzos gubernamentales y as\u00ed erradicar las desigualdades entre mujeres y hombres, adem\u00e1s de promover la igualdad de g\u00e9nero.<\/p>\n\n\n\n<p>Cabe destacar que el Seminario tendr\u00e1 una duraci\u00f3n de 80 horas, dividido en 12 sesiones y abordar\u00e1 las tem\u00e1ticas: Desigualdades, discriminaciones y violencias basadas en el g\u00e9nero; Los presupuestos sensibles a las desigualdades; Los Presupuestos con perspectiva de igualdad de g\u00e9nero y el Marco normativo vigente, entre otros.<\/p>\n\n\n\n<p>En la inauguraci\u00f3n se cont\u00f3 con la participaci\u00f3n de la subsecretaria de Promoci\u00f3n, Participaci\u00f3n y Equidad de G\u00e9nero, Gabriela Salom\u00e9 Loaeza Santos; la subsecretaria de Egresos, Contabilidad y Tesorer\u00eda, Andrea Acevedo Merl\u00edn, y la directora de Presupuesto, Evangelina Alc\u00e1zar Hern\u00e1ndez.<\/p>\n\n\n\n<p>-0-<\/p>\n\n\n\n<figure class=\"wp-block-image size-large\"><img fetchpriority=\"high\" decoding=\"async\" width=\"1024\" height=\"640\" src=\"https:\/\/contextoanalisisperiodistico.com\/wp-content\/uploads\/2023\/10\/img-20231003-wa00453778059488967452958-1024x640.jpg\" alt=\"\" class=\"wp-image-19101\" srcset=\"https:\/\/contextoanalisisperiodistico.com\/wp-content\/uploads\/2023\/10\/img-20231003-wa00453778059488967452958-1024x640.jpg 1024w, https:\/\/contextoanalisisperiodistico.com\/wp-content\/uploads\/2023\/10\/img-20231003-wa00453778059488967452958-300x188.jpg 300w, https:\/\/contextoanalisisperiodistico.com\/wp-content\/uploads\/2023\/10\/img-20231003-wa00453778059488967452958-768x480.jpg 768w, https:\/\/contextoanalisisperiodistico.com\/wp-content\/uploads\/2023\/10\/img-20231003-wa00453778059488967452958-1536x960.jpg 1536w, https:\/\/contextoanalisisperiodistico.com\/wp-content\/uploads\/2023\/10\/img-20231003-wa00453778059488967452958-800x500.jpg 800w, https:\/\/contextoanalisisperiodistico.com\/wp-content\/uploads\/2023\/10\/img-20231003-wa00453778059488967452958-400x250.jpg 400w, https:\/\/contextoanalisisperiodistico.com\/wp-content\/uploads\/2023\/10\/img-20231003-wa00453778059488967452958.jpg 1600w\" sizes=\"(max-width: 1024px) 100vw, 1024px\" \/><\/figure>\n\n\n\n<figure class=\"wp-block-image\"><img decoding=\"async\" width=\"1024\" height=\"640\" src=\"https:\/\/contextoanalisisperiodistico.com\/wp-content\/uploads\/2023\/10\/img-20231003-wa00432277237386695656792-1024x640.jpg\" alt=\"\" class=\"wp-image-19099\" srcset=\"https:\/\/contextoanalisisperiodistico.com\/wp-content\/uploads\/2023\/10\/img-20231003-wa00432277237386695656792-1024x640.jpg 1024w, https:\/\/contextoanalisisperiodistico.com\/wp-content\/uploads\/2023\/10\/img-20231003-wa00432277237386695656792-300x188.jpg 300w, https:\/\/contextoanalisisperiodistico.com\/wp-content\/uploads\/2023\/10\/img-20231003-wa00432277237386695656792-768x480.jpg 768w, https:\/\/contextoanalisisperiodistico.com\/wp-content\/uploads\/2023\/10\/img-20231003-wa00432277237386695656792-1536x960.jpg 1536w, https:\/\/contextoanalisisperiodistico.com\/wp-content\/uploads\/2023\/10\/img-20231003-wa00432277237386695656792-800x500.jpg 800w, https:\/\/contextoanalisisperiodistico.com\/wp-content\/uploads\/2023\/10\/img-20231003-wa00432277237386695656792-400x250.jpg 400w, https:\/\/contextoanalisisperiodistico.com\/wp-content\/uploads\/2023\/10\/img-20231003-wa00432277237386695656792.jpg 1600w\" sizes=\"(max-width: 1024px) 100vw, 1024px\" \/><\/figure>\n\n\n\n<figure class=\"wp-block-image\"><img decoding=\"async\" width=\"1024\" height=\"640\" src=\"https:\/\/contextoanalisisperiodistico.com\/wp-content\/uploads\/2023\/10\/img-20231003-wa00444547151709183426927-1024x640.jpg\" alt=\"\" class=\"wp-image-19100\" srcset=\"https:\/\/contextoanalisisperiodistico.com\/wp-content\/uploads\/2023\/10\/img-20231003-wa00444547151709183426927-1024x640.jpg 1024w, https:\/\/contextoanalisisperiodistico.com\/wp-content\/uploads\/2023\/10\/img-20231003-wa00444547151709183426927-300x188.jpg 300w, https:\/\/contextoanalisisperiodistico.com\/wp-content\/uploads\/2023\/10\/img-20231003-wa00444547151709183426927-768x480.jpg 768w, https:\/\/contextoanalisisperiodistico.com\/wp-content\/uploads\/2023\/10\/img-20231003-wa00444547151709183426927-1536x960.jpg 1536w, https:\/\/contextoanalisisperiodistico.com\/wp-content\/uploads\/2023\/10\/img-20231003-wa00444547151709183426927-800x500.jpg 800w, https:\/\/contextoanalisisperiodistico.com\/wp-content\/uploads\/2023\/10\/img-20231003-wa00444547151709183426927-400x250.jpg 400w, https:\/\/contextoanalisisperiodistico.com\/wp-content\/uploads\/2023\/10\/img-20231003-wa00444547151709183426927.jpg 1600w\" sizes=\"(max-width: 1024px) 100vw, 1024px\" \/><\/figure>\n","protected":false},"excerpt":{"rendered":"<p>\u2022 La Secretar\u00eda de las Mujeres inaugur\u00f3 el Seminario en Presupuestos, Seguimiento y Monitoreo orientado&#8230;<\/p>\n","protected":false},"author":4,"featured_media":19098,"comment_status":"closed","ping_status":"open","sticky":false,"template":"","format":"standard","meta":{"footnotes":""},"categories":[9],"tags":[],"jetpack_sharing_enabled":true,"featured_image_urls":{"full":["https:\/\/contextoanalisisperiodistico.com\/wp-content\/uploads\/2023\/10\/IMG-20231003-WA0046.jpg",1600,1000,false],"thumbnail":["https:\/\/contextoanalisisperiodistico.com\/wp-content\/uploads\/2023\/10\/IMG-20231003-WA0046-150x150.jpg",150,150,true],"medium":["https:\/\/contextoanalisisperiodistico.com\/wp-content\/uploads\/2023\/10\/IMG-20231003-WA0046-300x188.jpg",300,188,true],"medium_large":["https:\/\/contextoanalisisperiodistico.com\/wp-content\/uploads\/2023\/10\/IMG-20231003-WA0046-768x480.jpg",640,400,true],"large":["https:\/\/contextoanalisisperiodistico.com\/wp-content\/uploads\/2023\/10\/IMG-20231003-WA0046-1024x640.jpg",640,400,true],"1536x1536":["https:\/\/contextoanalisisperiodistico.com\/wp-content\/uploads\/2023\/10\/IMG-20231003-WA0046-1536x960.jpg",1536,960,true],"2048x2048":["https:\/\/contextoanalisisperiodistico.com\/wp-content\/uploads\/2023\/10\/IMG-20231003-WA0046.jpg",1600,1000,false],"covernews-slider-full":["https:\/\/contextoanalisisperiodistico.com\/wp-content\/uploads\/2023\/10\/IMG-20231003-WA0046-1115x715.jpg",1115,715,true],"covernews-slider-center":["https:\/\/contextoanalisisperiodistico.com\/wp-content\/uploads\/2023\/10\/IMG-20231003-WA0046-800x500.jpg",800,500,true],"covernews-featured":["https:\/\/contextoanalisisperiodistico.com\/wp-content\/uploads\/2023\/10\/IMG-20231003-WA0046-1024x640.jpg",1024,640,true],"covernews-medium":["https:\/\/contextoanalisisperiodistico.com\/wp-content\/uploads\/2023\/10\/IMG-20231003-WA0046-540x340.jpg",540,340,true],"covernews-medium-square":["https:\/\/contextoanalisisperiodistico.com\/wp-content\/uploads\/2023\/10\/IMG-20231003-WA0046-400x250.jpg",400,250,true]},"author_info":{"display_name":"Mario Gir\u00f3n","author_link":"https:\/\/contextoanalisisperiodistico.com\/index.php\/author\/director\/"},"category_info":"<a href=\"https:\/\/contextoanalisisperiodistico.com\/index.php\/category\/politica\/\" rel=\"category tag\">Pol\u00edtica<\/a>","tag_info":"Pol\u00edtica","comment_count":"0","jetpack_featured_media_url":"https:\/\/contextoanalisisperiodistico.com\/wp-content\/uploads\/2023\/10\/IMG-20231003-WA0046.jpg","_links":{"self":[{"href":"https:\/\/contextoanalisisperiodistico.com\/index.php\/wp-json\/wp\/v2\/posts\/19097"}],"collection":[{"href":"https:\/\/contextoanalisisperiodistico.com\/index.php\/wp-json\/wp\/v2\/posts"}],"about":[{"href":"https:\/\/contextoanalisisperiodistico.com\/index.php\/wp-json\/wp\/v2\/types\/post"}],"author":[{"embeddable":true,"href":"https:\/\/contextoanalisisperiodistico.com\/index.php\/wp-json\/wp\/v2\/users\/4"}],"replies":[{"embeddable":true,"href":"https:\/\/contextoanalisisperiodistico.com\/index.php\/wp-json\/wp\/v2\/comments?post=19097"}],"version-history":[{"count":1,"href":"https:\/\/contextoanalisisperiodistico.com\/index.php\/wp-json\/wp\/v2\/posts\/19097\/revisions"}],"predecessor-version":[{"id":19102,"href":"https:\/\/contextoanalisisperiodistico.com\/index.php\/wp-json\/wp\/v2\/posts\/19097\/revisions\/19102"}],"wp:featuredmedia":[{"embeddable":true,"href":"https:\/\/contextoanalisisperiodistico.com\/index.php\/wp-json\/wp\/v2\/media\/19098"}],"wp:attachment":[{"href":"https:\/\/contextoanalisisperiodistico.com\/index.php\/wp-json\/wp\/v2\/media?parent=19097"}],"wp:term":[{"taxonomy":"category","embeddable":true,"href":"https:\/\/contextoanalisisperiodistico.com\/index.php\/wp-json\/wp\/v2\/categories?post=19097"},{"taxonomy":"post_tag","embeddable":true,"href":"https:\/\/contextoanalisisperiodistico.com\/index.php\/wp-json\/wp\/v2\/tags?post=19097"}],"curies":[{"name":"wp","href":"https:\/\/api.w.org\/{rel}","templated":true}]}}