{"id":19078,"date":"2023-10-03T12:44:38","date_gmt":"2023-10-03T18:44:38","guid":{"rendered":"https:\/\/contextoanalisisperiodistico.com\/index.php\/2023\/10\/03\/en-la-mixteca-reciben-atencion-integral-del-sistema-dif-oaxaca\/"},"modified":"2023-10-03T12:44:38","modified_gmt":"2023-10-03T18:44:38","slug":"en-la-mixteca-reciben-atencion-integral-del-sistema-dif-oaxaca","status":"publish","type":"post","link":"https:\/\/contextoanalisisperiodistico.com\/index.php\/2023\/10\/03\/en-la-mixteca-reciben-atencion-integral-del-sistema-dif-oaxaca\/","title":{"rendered":"En la Mixteca reciben atenci\u00f3n integral del Sistema DIF Oaxaca"},"content":{"rendered":"<div id=\"fb-root\"><\/div>\n\n<ul>\n<li>Irma Bola\u00f1os Quijano, Presidenta Honoraria del organismo entrega una serie de apoyos que abonan a mejorar la calidad de vida de habitantes de los distritos Huajuapan y Nochixtl\u00e1n<\/li>\n\n\n\n<li>Se prioriza su salud visual y auditiva y se fortalece su alimentaci\u00f3n<\/li>\n<\/ul>\n\n\n\n<p>Regi\u00f3n Mixteca, Oax. 3 de octubre de 2023.- La entrega directa de los apoyos y programas para mejorar la calidad de vida quienes m\u00e1s lo necesitan avanza por parte de Irma Bola\u00f1os Quijano, Presidenta Honoraria del Sistema para el Desarrollo Integral de la Familia (DIF) Oaxaca, quien en su reciente visita a esta regi\u00f3n entreg\u00f3 aparatos funcionales, auxiliares auditivos, lentes de vista cansada y dotaciones alimentarias, as\u00ed como actas de nacimiento actualizadas a habitantes de los distritos de Huajuapan de Le\u00f3n y Asunci\u00f3n Nochixtl\u00e1n.<br \/>En Huajuapan de Le\u00f3n, Irma Bola\u00f1os Quijano, en compa\u00f1\u00eda de personal directivo del organismo y autoridades municipales, entreg\u00f3 las dotaciones alimentarias de los programas de Atenci\u00f3n Alimentaria a Grupos Prioritarios y de Atenci\u00f3n Alimentaria en los Primeros 1000 D\u00edas, as\u00ed como del subprograma Comedores Populares para el Bienestar a 204 personas beneficiarias que habitan en la cabecera municipal, Santa Mar\u00eda Ay\u00fa y Ahuehuetitl\u00e1n de Gonz\u00e1lez.<br \/>Asimismo, como parte del Programa de Asistencia Alimentaria a Grupos Prioritarios, entreg\u00f3 dos mil 880 sobres de leche en polvo en beneficio de 96 ni\u00f1as y ni\u00f1os de dos a cinco a\u00f1os 11 meses que acuden al Centro de Asistencia Infantil Comunitarios (CAIC) o que se encuentran en situaci\u00f3n de vulnerabilidad.<br \/>Asimismo, en compa\u00f1\u00eda de la directora del Registro Civil Dulce Bel\u00e9n Uribe Mendoza, la Presidenta Honoraria entreg\u00f3 actas de nacimiento actualizadas a familias que lo requirieron, recordando que en el pasado quedaron los costos excesivos de este documento de identidad y que ahora est\u00e1n a su alcance como parte de hacer efectivos sus derechos humanos por parte del Gobierno del Estado.<br \/>En este sentido, Bola\u00f1os Quijano convoc\u00f3 a los comit\u00e9s municipales del DIF y autoridades municipales a continuar haciendo equipo para que a trav\u00e9s de la delegada y delegado regional se logre la inscripci\u00f3n de m\u00e1s personas a estos programas que garantizan una vida sana.<\/p>\n\n\n\n<p><em>Atenci\u00f3n prioritaria para las personas con discapacidad de Nochixtl\u00e1n<\/em><\/p>\n\n\n\n<p><br>Posteriormente, la Presidenta Honoraria del Sistema DIF Oaxaca se traslad\u00f3 a Asunci\u00f3n Nochixtl\u00e1n para entregar las dotaciones alimentarias del subprograma Comedores Populares para el Bienestar que beneficia a 177 personas de la cabecera municipal y las localidades Santiago Amatl\u00e1n, Santa Cruz R\u00edo Salinas y La Cumbre.<br>Asimismo, realiz\u00f3 la entrega de 153 aparatos funcionales como sillas est\u00e1ndar, dos sillas de Par\u00e1lisis Cerebral Infantil (PCI), bastones, andaderas, muletas y bastones gu\u00eda en beneficio de 14 municipios de la regi\u00f3n Mixteca.<br>Se trata de San Mateo Etlatongo, San Miguel Chicahua, Asunci\u00f3n Nochixtl\u00e1n, Villa Chilapa de D\u00edaz, Magdalena Zahuatl\u00e1n, Santa In\u00e9s de Zaragoza, Santa Catarina Tayata, Santa Mar\u00eda Apazco, Santa Mar\u00eda Tataltepec, Santa Mar\u00eda Camotl\u00e1n, Magdalena Pe\u00f1asco, Zapotitl\u00e1n Palmas, Huajuapan de Le\u00f3n y San Pedro y San Pablo Teposcolula.<br>De igual manera, se atendieron a 91 pacientes y se entregaron 180 auxiliares auditivos, de los cuales, 89 recibieron ambos auxiliares y dos pacientes solo recibieron un auxiliar auditivo.<br>Cabe se\u00f1alar que en ambos distritos, 150 personas recibieron de manera gratuita lentes de vista cansada, a fin de cuidar su vista al leer o realizar sus actividades diarias.<br>-0-<\/p>\n\n\n\n<figure class=\"wp-block-image size-large\"><img fetchpriority=\"high\" decoding=\"async\" width=\"1024\" height=\"682\" src=\"https:\/\/contextoanalisisperiodistico.com\/wp-content\/uploads\/2023\/10\/img-20231003-wa00258647287110499090935-1024x682.jpg\" alt=\"\" class=\"wp-image-19074\" srcset=\"https:\/\/contextoanalisisperiodistico.com\/wp-content\/uploads\/2023\/10\/img-20231003-wa00258647287110499090935-1024x682.jpg 1024w, https:\/\/contextoanalisisperiodistico.com\/wp-content\/uploads\/2023\/10\/img-20231003-wa00258647287110499090935-300x200.jpg 300w, https:\/\/contextoanalisisperiodistico.com\/wp-content\/uploads\/2023\/10\/img-20231003-wa00258647287110499090935-768x512.jpg 768w, https:\/\/contextoanalisisperiodistico.com\/wp-content\/uploads\/2023\/10\/img-20231003-wa00258647287110499090935-1536x1023.jpg 1536w, https:\/\/contextoanalisisperiodistico.com\/wp-content\/uploads\/2023\/10\/img-20231003-wa00258647287110499090935.jpg 1600w\" sizes=\"(max-width: 1024px) 100vw, 1024px\" \/><\/figure>\n\n\n\n<figure class=\"wp-block-image\"><img decoding=\"async\" width=\"1024\" height=\"682\" src=\"https:\/\/contextoanalisisperiodistico.com\/wp-content\/uploads\/2023\/10\/img-20231003-wa0022916734582124545283-1024x682.jpg\" alt=\"\" class=\"wp-image-19076\" srcset=\"https:\/\/contextoanalisisperiodistico.com\/wp-content\/uploads\/2023\/10\/img-20231003-wa0022916734582124545283-1024x682.jpg 1024w, https:\/\/contextoanalisisperiodistico.com\/wp-content\/uploads\/2023\/10\/img-20231003-wa0022916734582124545283-300x200.jpg 300w, https:\/\/contextoanalisisperiodistico.com\/wp-content\/uploads\/2023\/10\/img-20231003-wa0022916734582124545283-768x512.jpg 768w, https:\/\/contextoanalisisperiodistico.com\/wp-content\/uploads\/2023\/10\/img-20231003-wa0022916734582124545283-1536x1023.jpg 1536w, https:\/\/contextoanalisisperiodistico.com\/wp-content\/uploads\/2023\/10\/img-20231003-wa0022916734582124545283.jpg 1600w\" sizes=\"(max-width: 1024px) 100vw, 1024px\" \/><\/figure>\n\n\n\n<figure class=\"wp-block-image\"><img decoding=\"async\" width=\"1024\" height=\"682\" src=\"https:\/\/contextoanalisisperiodistico.com\/wp-content\/uploads\/2023\/10\/img-20231003-wa00276335536717465380095-1024x682.jpg\" alt=\"\" class=\"wp-image-19075\" srcset=\"https:\/\/contextoanalisisperiodistico.com\/wp-content\/uploads\/2023\/10\/img-20231003-wa00276335536717465380095-1024x682.jpg 1024w, https:\/\/contextoanalisisperiodistico.com\/wp-content\/uploads\/2023\/10\/img-20231003-wa00276335536717465380095-300x200.jpg 300w, https:\/\/contextoanalisisperiodistico.com\/wp-content\/uploads\/2023\/10\/img-20231003-wa00276335536717465380095-768x512.jpg 768w, https:\/\/contextoanalisisperiodistico.com\/wp-content\/uploads\/2023\/10\/img-20231003-wa00276335536717465380095-1536x1023.jpg 1536w, https:\/\/contextoanalisisperiodistico.com\/wp-content\/uploads\/2023\/10\/img-20231003-wa00276335536717465380095.jpg 1600w\" sizes=\"(max-width: 1024px) 100vw, 1024px\" \/><\/figure>\n\n\n\n<figure class=\"wp-block-image\"><img loading=\"lazy\" decoding=\"async\" width=\"1024\" height=\"682\" src=\"https:\/\/contextoanalisisperiodistico.com\/wp-content\/uploads\/2023\/10\/img-20231003-wa00268874889647786493749-1024x682.jpg\" alt=\"\" class=\"wp-image-19073\" srcset=\"https:\/\/contextoanalisisperiodistico.com\/wp-content\/uploads\/2023\/10\/img-20231003-wa00268874889647786493749-1024x682.jpg 1024w, https:\/\/contextoanalisisperiodistico.com\/wp-content\/uploads\/2023\/10\/img-20231003-wa00268874889647786493749-300x200.jpg 300w, https:\/\/contextoanalisisperiodistico.com\/wp-content\/uploads\/2023\/10\/img-20231003-wa00268874889647786493749-768x512.jpg 768w, https:\/\/contextoanalisisperiodistico.com\/wp-content\/uploads\/2023\/10\/img-20231003-wa00268874889647786493749-1536x1023.jpg 1536w, https:\/\/contextoanalisisperiodistico.com\/wp-content\/uploads\/2023\/10\/img-20231003-wa00268874889647786493749.jpg 1600w\" sizes=\"(max-width: 1024px) 100vw, 1024px\" \/><\/figure>\n\n\n\n<figure class=\"wp-block-image\"><img loading=\"lazy\" decoding=\"async\" width=\"1024\" height=\"682\" src=\"https:\/\/contextoanalisisperiodistico.com\/wp-content\/uploads\/2023\/10\/img-20231003-wa00284440038749458255420-1024x682.jpg\" alt=\"\" class=\"wp-image-19077\" srcset=\"https:\/\/contextoanalisisperiodistico.com\/wp-content\/uploads\/2023\/10\/img-20231003-wa00284440038749458255420-1024x682.jpg 1024w, https:\/\/contextoanalisisperiodistico.com\/wp-content\/uploads\/2023\/10\/img-20231003-wa00284440038749458255420-300x200.jpg 300w, https:\/\/contextoanalisisperiodistico.com\/wp-content\/uploads\/2023\/10\/img-20231003-wa00284440038749458255420-768x512.jpg 768w, https:\/\/contextoanalisisperiodistico.com\/wp-content\/uploads\/2023\/10\/img-20231003-wa00284440038749458255420-1536x1023.jpg 1536w, https:\/\/contextoanalisisperiodistico.com\/wp-content\/uploads\/2023\/10\/img-20231003-wa00284440038749458255420.jpg 1600w\" sizes=\"(max-width: 1024px) 100vw, 1024px\" \/><\/figure>\n","protected":false},"excerpt":{"rendered":"<p>Regi\u00f3n Mixteca, Oax. 3 de octubre de 2023.- La entrega directa de los apoyos y&#8230;<\/p>\n","protected":false},"author":4,"featured_media":19072,"comment_status":"","ping_status":"open","sticky":false,"template":"","format":"standard","meta":{"footnotes":""},"categories":[7],"tags":[],"jetpack_sharing_enabled":true,"featured_image_urls":{"full":["https:\/\/contextoanalisisperiodistico.com\/wp-content\/uploads\/2023\/10\/IMG-20231003-WA0024.jpg",1600,1066,false],"thumbnail":["https:\/\/contextoanalisisperiodistico.com\/wp-content\/uploads\/2023\/10\/IMG-20231003-WA0024-150x150.jpg",150,150,true],"medium":["https:\/\/contextoanalisisperiodistico.com\/wp-content\/uploads\/2023\/10\/IMG-20231003-WA0024-300x200.jpg",300,200,true],"medium_large":["https:\/\/contextoanalisisperiodistico.com\/wp-content\/uploads\/2023\/10\/IMG-20231003-WA0024-768x512.jpg",640,427,true],"large":["https:\/\/contextoanalisisperiodistico.com\/wp-content\/uploads\/2023\/10\/IMG-20231003-WA0024-1024x682.jpg",640,426,true],"1536x1536":["https:\/\/contextoanalisisperiodistico.com\/wp-content\/uploads\/2023\/10\/IMG-20231003-WA0024-1536x1023.jpg",1536,1023,true],"2048x2048":["https:\/\/contextoanalisisperiodistico.com\/wp-content\/uploads\/2023\/10\/IMG-20231003-WA0024.jpg",1600,1066,false],"covernews-slider-full":["https:\/\/contextoanalisisperiodistico.com\/wp-content\/uploads\/2023\/10\/IMG-20231003-WA0024-1115x715.jpg",1115,715,true],"covernews-slider-center":["https:\/\/contextoanalisisperiodistico.com\/wp-content\/uploads\/2023\/10\/IMG-20231003-WA0024-800x500.jpg",800,500,true],"covernews-featured":["https:\/\/contextoanalisisperiodistico.com\/wp-content\/uploads\/2023\/10\/IMG-20231003-WA0024-1024x682.jpg",1024,682,true],"covernews-medium":["https:\/\/contextoanalisisperiodistico.com\/wp-content\/uploads\/2023\/10\/IMG-20231003-WA0024-540x340.jpg",540,340,true],"covernews-medium-square":["https:\/\/contextoanalisisperiodistico.com\/wp-content\/uploads\/2023\/10\/IMG-20231003-WA0024-400x250.jpg",400,250,true]},"author_info":{"display_name":"Mario Gir\u00f3n","author_link":"https:\/\/contextoanalisisperiodistico.com\/index.php\/author\/director\/"},"category_info":"<a href=\"https:\/\/contextoanalisisperiodistico.com\/index.php\/category\/municipios\/\" rel=\"category tag\">Municipios<\/a>","tag_info":"Municipios","comment_count":"0","jetpack_featured_media_url":"https:\/\/contextoanalisisperiodistico.com\/wp-content\/uploads\/2023\/10\/IMG-20231003-WA0024.jpg","_links":{"self":[{"href":"https:\/\/contextoanalisisperiodistico.com\/index.php\/wp-json\/wp\/v2\/posts\/19078"}],"collection":[{"href":"https:\/\/contextoanalisisperiodistico.com\/index.php\/wp-json\/wp\/v2\/posts"}],"about":[{"href":"https:\/\/contextoanalisisperiodistico.com\/index.php\/wp-json\/wp\/v2\/types\/post"}],"author":[{"embeddable":true,"href":"https:\/\/contextoanalisisperiodistico.com\/index.php\/wp-json\/wp\/v2\/users\/4"}],"replies":[{"embeddable":true,"href":"https:\/\/contextoanalisisperiodistico.com\/index.php\/wp-json\/wp\/v2\/comments?post=19078"}],"version-history":[{"count":0,"href":"https:\/\/contextoanalisisperiodistico.com\/index.php\/wp-json\/wp\/v2\/posts\/19078\/revisions"}],"wp:featuredmedia":[{"embeddable":true,"href":"https:\/\/contextoanalisisperiodistico.com\/index.php\/wp-json\/wp\/v2\/media\/19072"}],"wp:attachment":[{"href":"https:\/\/contextoanalisisperiodistico.com\/index.php\/wp-json\/wp\/v2\/media?parent=19078"}],"wp:term":[{"taxonomy":"category","embeddable":true,"href":"https:\/\/contextoanalisisperiodistico.com\/index.php\/wp-json\/wp\/v2\/categories?post=19078"},{"taxonomy":"post_tag","embeddable":true,"href":"https:\/\/contextoanalisisperiodistico.com\/index.php\/wp-json\/wp\/v2\/tags?post=19078"}],"curies":[{"name":"wp","href":"https:\/\/api.w.org\/{rel}","templated":true}]}}