{"id":19066,"date":"2023-10-03T11:52:48","date_gmt":"2023-10-03T17:52:48","guid":{"rendered":"https:\/\/contextoanalisisperiodistico.com\/?p=19066"},"modified":"2023-10-03T11:53:22","modified_gmt":"2023-10-03T17:53:22","slug":"prepara-sefin-presupuesto-de-egresos-2024-basado-en-resultados","status":"publish","type":"post","link":"https:\/\/contextoanalisisperiodistico.com\/index.php\/2023\/10\/03\/prepara-sefin-presupuesto-de-egresos-2024-basado-en-resultados\/","title":{"rendered":"Prepara Sefin Presupuesto de Egresos 2024 basado en resultados"},"content":{"rendered":"<div id=\"fb-root\"><\/div>\n\n<p>\u2022 Se instalaron las mesas de trabajo para la integraci\u00f3n de las Matrices de Indicadores para Resultados<\/p>\n\n\n\n<p><br>\u2022 El 17 de noviembre de 2023 es la fecha l\u00edmite para entregar el Presupuesto basado en Resultados 2024 al Honorable Congreso del Estado de Oaxaca<\/p>\n\n\n\n<figure class=\"wp-block-image size-large\"><img fetchpriority=\"high\" decoding=\"async\" width=\"1024\" height=\"682\" src=\"https:\/\/contextoanalisisperiodistico.com\/wp-content\/uploads\/2023\/10\/img-20231003-wa00187196909298016678334-1024x682.jpg\" alt=\"\" class=\"wp-image-19068\" srcset=\"https:\/\/contextoanalisisperiodistico.com\/wp-content\/uploads\/2023\/10\/img-20231003-wa00187196909298016678334-1024x682.jpg 1024w, https:\/\/contextoanalisisperiodistico.com\/wp-content\/uploads\/2023\/10\/img-20231003-wa00187196909298016678334-300x200.jpg 300w, https:\/\/contextoanalisisperiodistico.com\/wp-content\/uploads\/2023\/10\/img-20231003-wa00187196909298016678334-768x512.jpg 768w, https:\/\/contextoanalisisperiodistico.com\/wp-content\/uploads\/2023\/10\/img-20231003-wa00187196909298016678334-1536x1023.jpg 1536w, https:\/\/contextoanalisisperiodistico.com\/wp-content\/uploads\/2023\/10\/img-20231003-wa00187196909298016678334.jpg 1600w\" sizes=\"(max-width: 1024px) 100vw, 1024px\" \/><\/figure>\n\n\n\n<figure class=\"wp-block-image\"><img decoding=\"async\" width=\"1024\" height=\"682\" src=\"https:\/\/contextoanalisisperiodistico.com\/wp-content\/uploads\/2023\/10\/img-20231003-wa00192127829665642987439-1024x682.jpg\" alt=\"\" class=\"wp-image-19070\" srcset=\"https:\/\/contextoanalisisperiodistico.com\/wp-content\/uploads\/2023\/10\/img-20231003-wa00192127829665642987439-1024x682.jpg 1024w, https:\/\/contextoanalisisperiodistico.com\/wp-content\/uploads\/2023\/10\/img-20231003-wa00192127829665642987439-300x200.jpg 300w, https:\/\/contextoanalisisperiodistico.com\/wp-content\/uploads\/2023\/10\/img-20231003-wa00192127829665642987439-768x512.jpg 768w, https:\/\/contextoanalisisperiodistico.com\/wp-content\/uploads\/2023\/10\/img-20231003-wa00192127829665642987439-1536x1023.jpg 1536w, https:\/\/contextoanalisisperiodistico.com\/wp-content\/uploads\/2023\/10\/img-20231003-wa00192127829665642987439.jpg 1600w\" sizes=\"(max-width: 1024px) 100vw, 1024px\" \/><\/figure>\n\n\n\n<figure class=\"wp-block-image\"><img decoding=\"async\" width=\"1024\" height=\"682\" src=\"https:\/\/contextoanalisisperiodistico.com\/wp-content\/uploads\/2023\/10\/img-20231003-wa00176241571094704245323-1024x682.jpg\" alt=\"\" class=\"wp-image-19069\" srcset=\"https:\/\/contextoanalisisperiodistico.com\/wp-content\/uploads\/2023\/10\/img-20231003-wa00176241571094704245323-1024x682.jpg 1024w, https:\/\/contextoanalisisperiodistico.com\/wp-content\/uploads\/2023\/10\/img-20231003-wa00176241571094704245323-300x200.jpg 300w, https:\/\/contextoanalisisperiodistico.com\/wp-content\/uploads\/2023\/10\/img-20231003-wa00176241571094704245323-768x512.jpg 768w, https:\/\/contextoanalisisperiodistico.com\/wp-content\/uploads\/2023\/10\/img-20231003-wa00176241571094704245323-1536x1023.jpg 1536w, https:\/\/contextoanalisisperiodistico.com\/wp-content\/uploads\/2023\/10\/img-20231003-wa00176241571094704245323.jpg 1600w\" sizes=\"(max-width: 1024px) 100vw, 1024px\" \/><\/figure>\n\n\n\n<p>San Bartolo Coyotepec, Oax. 3 de octubre de 2023.- El secretario de Finanzas Farid Acevedo L\u00f3pez encabez\u00f3 la instalaci\u00f3n de las mesas de trabajo para la integraci\u00f3n de las Matrices de Indicadores para Resultados del Sistema Estatal de Finanzas P\u00fablicas de Oaxaca (Sefip) 2024, un proceso que garantiza que el Presupuesto de Egresos 2024 se base en resultados y que genere bienestar para las familias de la entidad.<\/p>\n\n\n\n<p>La Secretar\u00eda de Finanzas inform\u00f3 que se tiene como fecha l\u00edmite el 17 de noviembre para entregar el Presupuesto basado en Resultados 2024 al Honorable Congreso del Estado de Oaxaca para dar cumplimiento al Art\u00edculo 37 fracci\u00f3n II de la Ley de Presupuesto y Responsabilidad Hacendaria.<\/p>\n\n\n\n<p>Las mesas de trabajo se instalar\u00e1n del 2 al 13 de octubre y ser\u00e1n lideradas por personal de la Subsecretar\u00eda de Planeaci\u00f3n e Inversi\u00f3n P\u00fablica de la Sefin en coordinaci\u00f3n con la Instancia T\u00e9cnica de Evaluaci\u00f3n y el Instituto de Planeaci\u00f3n para el Bienestar del Estado de Oaxaca, quienes encaminar\u00e1n los programas, proyectos y las l\u00edneas de acci\u00f3n de las unidades ejecutoras del gasto.<\/p>\n\n\n\n<p>Acevedo L\u00f3pez se\u00f1al\u00f3 que cumpliendo con el registro de las metas y de los indicadores de los programas presupuestarios, se podr\u00e1 integrar una propuesta econ\u00f3mica de gastos basada en resultados.<\/p>\n\n\n\n<p>Destac\u00f3 que con esta propuesta de gasto el pueblo de Oaxaca tendr\u00e1 la seguridad de que los recursos verdaderamente se ejerzan para lo que son destinados, lo que implica un impacto directo en la transparencia gubernamental.<\/p>\n\n\n\n<p>La instalaci\u00f3n de las mesas de trabajo es parte del cumplimiento del art\u00edculo 134 de la Constituci\u00f3n Pol\u00edtica de los Estados Unidos Mexicanos y 137 de la Constituci\u00f3n Pol\u00edtica del Estado Libre y Soberano del Estado de Oaxaca, los cuales establecen que los recursos se deben de ejercer con planeaci\u00f3n, austeridad, eficiencia, eficacia, econom\u00eda y con rendici\u00f3n de cuentas.<\/p>\n\n\n\n<p>-0-<\/p>\n","protected":false},"excerpt":{"rendered":"<p>\u2022 Se instalaron las mesas de trabajo para la integraci\u00f3n de las Matrices de Indicadores&#8230;<\/p>\n","protected":false},"author":4,"featured_media":19067,"comment_status":"closed","ping_status":"open","sticky":false,"template":"","format":"standard","meta":{"footnotes":""},"categories":[9],"tags":[],"jetpack_sharing_enabled":true,"featured_image_urls":{"full":["https:\/\/contextoanalisisperiodistico.com\/wp-content\/uploads\/2023\/10\/IMG-20231003-WA0015.jpg",1600,1066,false],"thumbnail":["https:\/\/contextoanalisisperiodistico.com\/wp-content\/uploads\/2023\/10\/IMG-20231003-WA0015-150x150.jpg",150,150,true],"medium":["https:\/\/contextoanalisisperiodistico.com\/wp-content\/uploads\/2023\/10\/IMG-20231003-WA0015-300x200.jpg",300,200,true],"medium_large":["https:\/\/contextoanalisisperiodistico.com\/wp-content\/uploads\/2023\/10\/IMG-20231003-WA0015-768x512.jpg",640,427,true],"large":["https:\/\/contextoanalisisperiodistico.com\/wp-content\/uploads\/2023\/10\/IMG-20231003-WA0015-1024x682.jpg",640,426,true],"1536x1536":["https:\/\/contextoanalisisperiodistico.com\/wp-content\/uploads\/2023\/10\/IMG-20231003-WA0015-1536x1023.jpg",1536,1023,true],"2048x2048":["https:\/\/contextoanalisisperiodistico.com\/wp-content\/uploads\/2023\/10\/IMG-20231003-WA0015.jpg",1600,1066,false],"covernews-slider-full":["https:\/\/contextoanalisisperiodistico.com\/wp-content\/uploads\/2023\/10\/IMG-20231003-WA0015-1115x715.jpg",1115,715,true],"covernews-slider-center":["https:\/\/contextoanalisisperiodistico.com\/wp-content\/uploads\/2023\/10\/IMG-20231003-WA0015-800x500.jpg",800,500,true],"covernews-featured":["https:\/\/contextoanalisisperiodistico.com\/wp-content\/uploads\/2023\/10\/IMG-20231003-WA0015-1024x682.jpg",1024,682,true],"covernews-medium":["https:\/\/contextoanalisisperiodistico.com\/wp-content\/uploads\/2023\/10\/IMG-20231003-WA0015-540x340.jpg",540,340,true],"covernews-medium-square":["https:\/\/contextoanalisisperiodistico.com\/wp-content\/uploads\/2023\/10\/IMG-20231003-WA0015-400x250.jpg",400,250,true]},"author_info":{"display_name":"Mario Gir\u00f3n","author_link":"https:\/\/contextoanalisisperiodistico.com\/index.php\/author\/director\/"},"category_info":"<a href=\"https:\/\/contextoanalisisperiodistico.com\/index.php\/category\/politica\/\" rel=\"category tag\">Pol\u00edtica<\/a>","tag_info":"Pol\u00edtica","comment_count":"0","jetpack_featured_media_url":"https:\/\/contextoanalisisperiodistico.com\/wp-content\/uploads\/2023\/10\/IMG-20231003-WA0015.jpg","_links":{"self":[{"href":"https:\/\/contextoanalisisperiodistico.com\/index.php\/wp-json\/wp\/v2\/posts\/19066"}],"collection":[{"href":"https:\/\/contextoanalisisperiodistico.com\/index.php\/wp-json\/wp\/v2\/posts"}],"about":[{"href":"https:\/\/contextoanalisisperiodistico.com\/index.php\/wp-json\/wp\/v2\/types\/post"}],"author":[{"embeddable":true,"href":"https:\/\/contextoanalisisperiodistico.com\/index.php\/wp-json\/wp\/v2\/users\/4"}],"replies":[{"embeddable":true,"href":"https:\/\/contextoanalisisperiodistico.com\/index.php\/wp-json\/wp\/v2\/comments?post=19066"}],"version-history":[{"count":1,"href":"https:\/\/contextoanalisisperiodistico.com\/index.php\/wp-json\/wp\/v2\/posts\/19066\/revisions"}],"predecessor-version":[{"id":19071,"href":"https:\/\/contextoanalisisperiodistico.com\/index.php\/wp-json\/wp\/v2\/posts\/19066\/revisions\/19071"}],"wp:featuredmedia":[{"embeddable":true,"href":"https:\/\/contextoanalisisperiodistico.com\/index.php\/wp-json\/wp\/v2\/media\/19067"}],"wp:attachment":[{"href":"https:\/\/contextoanalisisperiodistico.com\/index.php\/wp-json\/wp\/v2\/media?parent=19066"}],"wp:term":[{"taxonomy":"category","embeddable":true,"href":"https:\/\/contextoanalisisperiodistico.com\/index.php\/wp-json\/wp\/v2\/categories?post=19066"},{"taxonomy":"post_tag","embeddable":true,"href":"https:\/\/contextoanalisisperiodistico.com\/index.php\/wp-json\/wp\/v2\/tags?post=19066"}],"curies":[{"name":"wp","href":"https:\/\/api.w.org\/{rel}","templated":true}]}}