{"id":19057,"date":"2023-10-02T16:19:46","date_gmt":"2023-10-02T22:19:46","guid":{"rendered":"https:\/\/contextoanalisisperiodistico.com\/?p=19057"},"modified":"2023-10-02T16:20:26","modified_gmt":"2023-10-02T22:20:26","slug":"presenta-sego-informe-de-operaciones-de-centros-de-movilidad-migratoria-de-juchitan-y-san-sebastian-tutla","status":"publish","type":"post","link":"https:\/\/contextoanalisisperiodistico.com\/index.php\/2023\/10\/02\/presenta-sego-informe-de-operaciones-de-centros-de-movilidad-migratoria-de-juchitan-y-san-sebastian-tutla\/","title":{"rendered":"Presenta Sego informe de operaciones de Centros de Movilidad Migratoria de Juchit\u00e1n y San Sebasti\u00e1n Tutla"},"content":{"rendered":"<div id=\"fb-root\"><\/div>\n\n<p>Oaxaca de Ju\u00e1rez, Oax. 2 de octubre de 2023.- El secretario de Gobierno Jes\u00fas Romero L\u00f3pez present\u00f3 un informe de operaciones de los Centros de Movilidad Migratoria del estado de Oaxaca, los cuales se pusieron en marcha el pasado 25 de septiembre.<\/p>\n\n\n\n<p><br>En la conferencia de prensa del Gobernador del Estado Salom\u00f3n Jara Cruz detall\u00f3 que del 25 de septiembre al 1 de octubre se contabilizaron un total de 23 mil 187 traslados de personas provenientes de diversos pa\u00edses.<\/p>\n\n\n\n<p><br>Manifest\u00f3 que, en el Centro de Movilidad Migratoria de Juchit\u00e1n de Zaragoza, que inici\u00f3 operaciones el pasado 25 de septiembre, durante el primer d\u00eda se traslad\u00f3 a 750 personas, el d\u00eda dos a mil 333 personas, el d\u00eda tres a mil 982, el d\u00eda cuatro a mil 901, el d\u00eda cinco a 2 mil 343, el d\u00eda seis a 2 mil 122 personas y el d\u00eda siete a 2 mil 686 migrantes, sumando un total de 13 mil 117 personas.<\/p>\n\n\n\n<p><br>En tanto, en el Centro de Movilidad Migratoria establecido en el municipio de San Sebasti\u00e1n Tutla, en los Valles Centrales, en el primer d\u00eda se trasladaron a 197 personas, el d\u00eda dos a 463, en el d\u00eda tres a 798, en el d\u00eda cuatro a mil 228 personas, en el d\u00eda cinco a 2 mil 49, en el d\u00eda seis a 2 mil 449, y en el d\u00eda siete a 2 mil 886, sumando un total de 10 mil 70 personas migrantes.<\/p>\n\n\n\n<p><br>El encargado de la pol\u00edtica interna explic\u00f3 que, por instrucciones del Gobernador del Estado, este espacio cuenta con los siguientes servicios: un m\u00f3dulo de venta de boletos, seguridad p\u00fablica, seguridad vial, un m\u00f3dulo m\u00e9dico, atenci\u00f3n de emergencias, sanitarios gratuitos, centros de carga para tel\u00e9fonos m\u00f3viles, agua potable y alumbrado.<\/p>\n\n\n\n<p><br>Romero L\u00f3pez resalt\u00f3 que las dependencias federales participantes en estos centros son: la Secretar\u00eda de Gobernaci\u00f3n, la Guardia Nacional, el Instituto Nacional de Migraci\u00f3n, la Secretar\u00eda de Infraestructuras, Comunicaciones y Transportes y el IMSS Bienestar.<\/p>\n\n\n\n<p><br>Asimismo, las dependencias estatales: Secretar\u00eda de Gobierno, Secretar\u00eda de Seguridad y Protecci\u00f3n Ciudadana, Secretar\u00eda de Salud de Oaxaca, Coordinaci\u00f3n para la Atenci\u00f3n de los Derechos Humanos del Gobierno estatal, Coordinaci\u00f3n Estatal de Protecci\u00f3n Civil y Gesti\u00f3n de Riesgos, y autoridades municipales.<\/p>\n\n\n\n<figure class=\"wp-block-image size-large\"><img fetchpriority=\"high\" decoding=\"async\" width=\"1024\" height=\"682\" src=\"https:\/\/contextoanalisisperiodistico.com\/wp-content\/uploads\/2023\/10\/img-20231002-wa01072694290696612234574.jpg\" alt=\"\" class=\"wp-image-19059\" srcset=\"https:\/\/contextoanalisisperiodistico.com\/wp-content\/uploads\/2023\/10\/img-20231002-wa01072694290696612234574.jpg 1024w, https:\/\/contextoanalisisperiodistico.com\/wp-content\/uploads\/2023\/10\/img-20231002-wa01072694290696612234574-300x200.jpg 300w, https:\/\/contextoanalisisperiodistico.com\/wp-content\/uploads\/2023\/10\/img-20231002-wa01072694290696612234574-768x512.jpg 768w\" sizes=\"(max-width: 1024px) 100vw, 1024px\" \/><\/figure>\n","protected":false},"excerpt":{"rendered":"<p>Oaxaca de Ju\u00e1rez, Oax. 2 de octubre de 2023.- El secretario de Gobierno Jes\u00fas Romero&#8230;<\/p>\n","protected":false},"author":4,"featured_media":19058,"comment_status":"closed","ping_status":"open","sticky":false,"template":"","format":"standard","meta":{"footnotes":""},"categories":[9],"tags":[],"jetpack_sharing_enabled":true,"featured_image_urls":{"full":["https:\/\/contextoanalisisperiodistico.com\/wp-content\/uploads\/2023\/10\/IMG-20231002-WA0108.jpg",1024,683,false],"thumbnail":["https:\/\/contextoanalisisperiodistico.com\/wp-content\/uploads\/2023\/10\/IMG-20231002-WA0108-150x150.jpg",150,150,true],"medium":["https:\/\/contextoanalisisperiodistico.com\/wp-content\/uploads\/2023\/10\/IMG-20231002-WA0108-300x200.jpg",300,200,true],"medium_large":["https:\/\/contextoanalisisperiodistico.com\/wp-content\/uploads\/2023\/10\/IMG-20231002-WA0108-768x512.jpg",640,427,true],"large":["https:\/\/contextoanalisisperiodistico.com\/wp-content\/uploads\/2023\/10\/IMG-20231002-WA0108.jpg",640,427,false],"1536x1536":["https:\/\/contextoanalisisperiodistico.com\/wp-content\/uploads\/2023\/10\/IMG-20231002-WA0108.jpg",1024,683,false],"2048x2048":["https:\/\/contextoanalisisperiodistico.com\/wp-content\/uploads\/2023\/10\/IMG-20231002-WA0108.jpg",1024,683,false],"covernews-slider-full":["https:\/\/contextoanalisisperiodistico.com\/wp-content\/uploads\/2023\/10\/IMG-20231002-WA0108.jpg",1024,683,false],"covernews-slider-center":["https:\/\/contextoanalisisperiodistico.com\/wp-content\/uploads\/2023\/10\/IMG-20231002-WA0108-800x500.jpg",800,500,true],"covernews-featured":["https:\/\/contextoanalisisperiodistico.com\/wp-content\/uploads\/2023\/10\/IMG-20231002-WA0108.jpg",1024,683,false],"covernews-medium":["https:\/\/contextoanalisisperiodistico.com\/wp-content\/uploads\/2023\/10\/IMG-20231002-WA0108-540x340.jpg",540,340,true],"covernews-medium-square":["https:\/\/contextoanalisisperiodistico.com\/wp-content\/uploads\/2023\/10\/IMG-20231002-WA0108-400x250.jpg",400,250,true]},"author_info":{"display_name":"Mario Gir\u00f3n","author_link":"https:\/\/contextoanalisisperiodistico.com\/index.php\/author\/director\/"},"category_info":"<a href=\"https:\/\/contextoanalisisperiodistico.com\/index.php\/category\/politica\/\" rel=\"category tag\">Pol\u00edtica<\/a>","tag_info":"Pol\u00edtica","comment_count":"0","jetpack_featured_media_url":"https:\/\/contextoanalisisperiodistico.com\/wp-content\/uploads\/2023\/10\/IMG-20231002-WA0108.jpg","_links":{"self":[{"href":"https:\/\/contextoanalisisperiodistico.com\/index.php\/wp-json\/wp\/v2\/posts\/19057"}],"collection":[{"href":"https:\/\/contextoanalisisperiodistico.com\/index.php\/wp-json\/wp\/v2\/posts"}],"about":[{"href":"https:\/\/contextoanalisisperiodistico.com\/index.php\/wp-json\/wp\/v2\/types\/post"}],"author":[{"embeddable":true,"href":"https:\/\/contextoanalisisperiodistico.com\/index.php\/wp-json\/wp\/v2\/users\/4"}],"replies":[{"embeddable":true,"href":"https:\/\/contextoanalisisperiodistico.com\/index.php\/wp-json\/wp\/v2\/comments?post=19057"}],"version-history":[{"count":1,"href":"https:\/\/contextoanalisisperiodistico.com\/index.php\/wp-json\/wp\/v2\/posts\/19057\/revisions"}],"predecessor-version":[{"id":19060,"href":"https:\/\/contextoanalisisperiodistico.com\/index.php\/wp-json\/wp\/v2\/posts\/19057\/revisions\/19060"}],"wp:featuredmedia":[{"embeddable":true,"href":"https:\/\/contextoanalisisperiodistico.com\/index.php\/wp-json\/wp\/v2\/media\/19058"}],"wp:attachment":[{"href":"https:\/\/contextoanalisisperiodistico.com\/index.php\/wp-json\/wp\/v2\/media?parent=19057"}],"wp:term":[{"taxonomy":"category","embeddable":true,"href":"https:\/\/contextoanalisisperiodistico.com\/index.php\/wp-json\/wp\/v2\/categories?post=19057"},{"taxonomy":"post_tag","embeddable":true,"href":"https:\/\/contextoanalisisperiodistico.com\/index.php\/wp-json\/wp\/v2\/tags?post=19057"}],"curies":[{"name":"wp","href":"https:\/\/api.w.org\/{rel}","templated":true}]}}