{"id":19043,"date":"2023-10-02T14:19:25","date_gmt":"2023-10-02T20:19:25","guid":{"rendered":"https:\/\/contextoanalisisperiodistico.com\/index.php\/2023\/10\/02\/agradece-antonino-morales-a-gobernador-salomon-jara-oportunidad-de-servir-a-oaxaca\/"},"modified":"2023-10-02T14:19:25","modified_gmt":"2023-10-02T20:19:25","slug":"agradece-antonino-morales-a-gobernador-salomon-jara-oportunidad-de-servir-a-oaxaca","status":"publish","type":"post","link":"https:\/\/contextoanalisisperiodistico.com\/index.php\/2023\/10\/02\/agradece-antonino-morales-a-gobernador-salomon-jara-oportunidad-de-servir-a-oaxaca\/","title":{"rendered":"Agradece Antonino Morales a gobernador Salom\u00f3n Jara oportunidad de servir a Oaxaca"},"content":{"rendered":"<div id=\"fb-root\"><\/div>\n\n<p>*Como Secretario de Administraci\u00f3n, procur\u00e9 en todo momento servir a nuestro Estado y contribuir con todo lo que soy a la Transformaci\u00f3n democr\u00e1tica de la vida p\u00fablica oaxaque\u00f1a, dijo<\/p>\n\n\n\n<p>*El motor de la transformaci\u00f3n es el pueblo. Y con \u00e9l, me dispongo a trabajar con la energ\u00eda que siempre nos ha caracterizado, se\u00f1al\u00f3<\/p>\n\n\n\n<p><em>Oaxaca de Ju\u00e1rez, Oaxaca, 2 de octubre de 2023.-<\/em> Con el pueblo todo, sin el pueblo nada, sostuvo Antonino Morales Toledo, al presentar al Gobernador Salom\u00f3n Jara Cruz, su renuncia al cargo de Secretario de Administraci\u00f3n del Gobierno del Estado.<\/p>\n\n\n\n<p>El ahora ex titular de la pol\u00edtica administrativa estatal, destac\u00f3 la<br \/>importancia que para \u00e9l, signific\u00f3 haber servido al primer gobierno de la transformaci\u00f3n en Oaxaca y que es encabezado por su amigo el ingeniero Salom\u00f3n Jara Cruz.<\/p>\n\n\n\n<p>Morales Toledo dijo que a lo largo de diez meses, sirvi\u00f3 con alegr\u00eda y vocaci\u00f3n al pueblo, tiempo en el que pudo contribuir con todo lo que es, a la transformaci\u00f3n democr\u00e1tica de la vida p\u00fablica oaxaque\u00f1a.<\/p>\n\n\n\n<p>El joven pol\u00edtico istme\u00f1o, manifest\u00f3 que los motivos que lo animan a renunciar son sinceras, en virtud que lleg\u00f3 el momento de seguir sirviendo al Estado y al movimiento desde otra posici\u00f3n, ejerciendo otras actividades, trabajando con la energ\u00eda que siempre lo ha caracterizado.<\/p>\n\n\n\n<p>Antonino Morales, se reiter\u00f3 como el leal y seguro servidor del mandatario oaxaque\u00f1o Salom\u00f3n Jara Cruz y destac\u00f3 que fue un honor trabajar para su administraci\u00f3n, por el bien de Oaxaca y por el bien de M\u00e9xico.<\/p>\n\n\n\n<figure class=\"wp-block-image size-large\"><img fetchpriority=\"high\" decoding=\"async\" width=\"1024\" height=\"683\" src=\"https:\/\/contextoanalisisperiodistico.com\/wp-content\/uploads\/2023\/10\/img-20231002-wa00773883718934017677975.jpg\" alt=\"\" class=\"wp-image-19041\" srcset=\"https:\/\/contextoanalisisperiodistico.com\/wp-content\/uploads\/2023\/10\/img-20231002-wa00773883718934017677975.jpg 1024w, https:\/\/contextoanalisisperiodistico.com\/wp-content\/uploads\/2023\/10\/img-20231002-wa00773883718934017677975-300x200.jpg 300w, https:\/\/contextoanalisisperiodistico.com\/wp-content\/uploads\/2023\/10\/img-20231002-wa00773883718934017677975-768x512.jpg 768w\" sizes=\"(max-width: 1024px) 100vw, 1024px\" \/><\/figure>\n\n\n\n<figure class=\"wp-block-image\"><img decoding=\"async\" width=\"300\" height=\"246\" src=\"https:\/\/contextoanalisisperiodistico.com\/wp-content\/uploads\/2023\/10\/img-20231002-wa00804109737859874530427-300x246.jpg\" alt=\"\" class=\"wp-image-19040\" srcset=\"https:\/\/contextoanalisisperiodistico.com\/wp-content\/uploads\/2023\/10\/img-20231002-wa00804109737859874530427-300x246.jpg 300w, https:\/\/contextoanalisisperiodistico.com\/wp-content\/uploads\/2023\/10\/img-20231002-wa00804109737859874530427-768x630.jpg 768w, https:\/\/contextoanalisisperiodistico.com\/wp-content\/uploads\/2023\/10\/img-20231002-wa00804109737859874530427.jpg 833w\" sizes=\"(max-width: 300px) 100vw, 300px\" \/><\/figure>\n\n\n\n<figure class=\"wp-block-image\"><img decoding=\"async\" width=\"200\" height=\"300\" src=\"https:\/\/contextoanalisisperiodistico.com\/wp-content\/uploads\/2023\/10\/img-20231002-wa0078494454603116547571-200x300.jpg\" alt=\"\" class=\"wp-image-19042\" srcset=\"https:\/\/contextoanalisisperiodistico.com\/wp-content\/uploads\/2023\/10\/img-20231002-wa0078494454603116547571-200x300.jpg 200w, https:\/\/contextoanalisisperiodistico.com\/wp-content\/uploads\/2023\/10\/img-20231002-wa0078494454603116547571.jpg 683w\" sizes=\"(max-width: 200px) 100vw, 200px\" \/><\/figure>\n","protected":false},"excerpt":{"rendered":"<p>*Como Secretario de Administraci\u00f3n, procur\u00e9 en todo momento servir a nuestro Estado y contribuir con&#8230;<\/p>\n","protected":false},"author":4,"featured_media":19039,"comment_status":"","ping_status":"open","sticky":false,"template":"","format":"standard","meta":{"footnotes":""},"categories":[9],"tags":[],"jetpack_sharing_enabled":true,"featured_image_urls":{"full":["https:\/\/contextoanalisisperiodistico.com\/wp-content\/uploads\/2023\/10\/IMG-20231002-WA0079.jpg",1024,683,false],"thumbnail":["https:\/\/contextoanalisisperiodistico.com\/wp-content\/uploads\/2023\/10\/IMG-20231002-WA0079-150x150.jpg",150,150,true],"medium":["https:\/\/contextoanalisisperiodistico.com\/wp-content\/uploads\/2023\/10\/IMG-20231002-WA0079-300x200.jpg",300,200,true],"medium_large":["https:\/\/contextoanalisisperiodistico.com\/wp-content\/uploads\/2023\/10\/IMG-20231002-WA0079-768x512.jpg",640,427,true],"large":["https:\/\/contextoanalisisperiodistico.com\/wp-content\/uploads\/2023\/10\/IMG-20231002-WA0079.jpg",640,427,false],"1536x1536":["https:\/\/contextoanalisisperiodistico.com\/wp-content\/uploads\/2023\/10\/IMG-20231002-WA0079.jpg",1024,683,false],"2048x2048":["https:\/\/contextoanalisisperiodistico.com\/wp-content\/uploads\/2023\/10\/IMG-20231002-WA0079.jpg",1024,683,false],"covernews-slider-full":["https:\/\/contextoanalisisperiodistico.com\/wp-content\/uploads\/2023\/10\/IMG-20231002-WA0079.jpg",1024,683,false],"covernews-slider-center":["https:\/\/contextoanalisisperiodistico.com\/wp-content\/uploads\/2023\/10\/IMG-20231002-WA0079-800x500.jpg",800,500,true],"covernews-featured":["https:\/\/contextoanalisisperiodistico.com\/wp-content\/uploads\/2023\/10\/IMG-20231002-WA0079.jpg",1024,683,false],"covernews-medium":["https:\/\/contextoanalisisperiodistico.com\/wp-content\/uploads\/2023\/10\/IMG-20231002-WA0079-540x340.jpg",540,340,true],"covernews-medium-square":["https:\/\/contextoanalisisperiodistico.com\/wp-content\/uploads\/2023\/10\/IMG-20231002-WA0079-400x250.jpg",400,250,true]},"author_info":{"display_name":"Mario Gir\u00f3n","author_link":"https:\/\/contextoanalisisperiodistico.com\/index.php\/author\/director\/"},"category_info":"<a href=\"https:\/\/contextoanalisisperiodistico.com\/index.php\/category\/politica\/\" rel=\"category tag\">Pol\u00edtica<\/a>","tag_info":"Pol\u00edtica","comment_count":"0","jetpack_featured_media_url":"https:\/\/contextoanalisisperiodistico.com\/wp-content\/uploads\/2023\/10\/IMG-20231002-WA0079.jpg","_links":{"self":[{"href":"https:\/\/contextoanalisisperiodistico.com\/index.php\/wp-json\/wp\/v2\/posts\/19043"}],"collection":[{"href":"https:\/\/contextoanalisisperiodistico.com\/index.php\/wp-json\/wp\/v2\/posts"}],"about":[{"href":"https:\/\/contextoanalisisperiodistico.com\/index.php\/wp-json\/wp\/v2\/types\/post"}],"author":[{"embeddable":true,"href":"https:\/\/contextoanalisisperiodistico.com\/index.php\/wp-json\/wp\/v2\/users\/4"}],"replies":[{"embeddable":true,"href":"https:\/\/contextoanalisisperiodistico.com\/index.php\/wp-json\/wp\/v2\/comments?post=19043"}],"version-history":[{"count":0,"href":"https:\/\/contextoanalisisperiodistico.com\/index.php\/wp-json\/wp\/v2\/posts\/19043\/revisions"}],"wp:featuredmedia":[{"embeddable":true,"href":"https:\/\/contextoanalisisperiodistico.com\/index.php\/wp-json\/wp\/v2\/media\/19039"}],"wp:attachment":[{"href":"https:\/\/contextoanalisisperiodistico.com\/index.php\/wp-json\/wp\/v2\/media?parent=19043"}],"wp:term":[{"taxonomy":"category","embeddable":true,"href":"https:\/\/contextoanalisisperiodistico.com\/index.php\/wp-json\/wp\/v2\/categories?post=19043"},{"taxonomy":"post_tag","embeddable":true,"href":"https:\/\/contextoanalisisperiodistico.com\/index.php\/wp-json\/wp\/v2\/tags?post=19043"}],"curies":[{"name":"wp","href":"https:\/\/api.w.org\/{rel}","templated":true}]}}