{"id":19033,"date":"2023-10-02T11:59:10","date_gmt":"2023-10-02T17:59:10","guid":{"rendered":"https:\/\/contextoanalisisperiodistico.com\/?p=19033"},"modified":"2023-10-02T11:59:56","modified_gmt":"2023-10-02T17:59:56","slug":"reafirma-salomon-jara-compromiso-con-la-educacion-de-ninas-ninos-y-adolescentes","status":"publish","type":"post","link":"https:\/\/contextoanalisisperiodistico.com\/index.php\/2023\/10\/02\/reafirma-salomon-jara-compromiso-con-la-educacion-de-ninas-ninos-y-adolescentes\/","title":{"rendered":"<em>Reafirma Salom\u00f3n Jara compromiso con la educaci\u00f3n de ni\u00f1as, ni\u00f1os y adolescentes<\/em>"},"content":{"rendered":"<div id=\"fb-root\"><\/div>\n\n<p>\u2022 El Mandatario oaxaque\u00f1o visit\u00f3 la Escuela Primaria Abraham Castellanos para reiterar una atenci\u00f3n prioritaria hacia el sector educativo<\/p>\n\n\n\n<figure class=\"wp-block-image size-large\"><img fetchpriority=\"high\" decoding=\"async\" width=\"1024\" height=\"683\" src=\"https:\/\/contextoanalisisperiodistico.com\/wp-content\/uploads\/2023\/10\/img-20231002-wa00658564417251498682784-1024x683.jpg\" alt=\"\" class=\"wp-image-19035\" srcset=\"https:\/\/contextoanalisisperiodistico.com\/wp-content\/uploads\/2023\/10\/img-20231002-wa00658564417251498682784-1024x683.jpg 1024w, https:\/\/contextoanalisisperiodistico.com\/wp-content\/uploads\/2023\/10\/img-20231002-wa00658564417251498682784-300x200.jpg 300w, https:\/\/contextoanalisisperiodistico.com\/wp-content\/uploads\/2023\/10\/img-20231002-wa00658564417251498682784-768x512.jpg 768w, https:\/\/contextoanalisisperiodistico.com\/wp-content\/uploads\/2023\/10\/img-20231002-wa00658564417251498682784.jpg 1327w\" sizes=\"(max-width: 1024px) 100vw, 1024px\" \/><\/figure>\n\n\n\n<figure class=\"wp-block-image\"><img decoding=\"async\" width=\"1024\" height=\"682\" src=\"https:\/\/contextoanalisisperiodistico.com\/wp-content\/uploads\/2023\/10\/img-20231002-wa00638243303785375216328-1024x682.jpg\" alt=\"\" class=\"wp-image-19037\" srcset=\"https:\/\/contextoanalisisperiodistico.com\/wp-content\/uploads\/2023\/10\/img-20231002-wa00638243303785375216328-1024x682.jpg 1024w, https:\/\/contextoanalisisperiodistico.com\/wp-content\/uploads\/2023\/10\/img-20231002-wa00638243303785375216328-300x200.jpg 300w, https:\/\/contextoanalisisperiodistico.com\/wp-content\/uploads\/2023\/10\/img-20231002-wa00638243303785375216328-768x512.jpg 768w, https:\/\/contextoanalisisperiodistico.com\/wp-content\/uploads\/2023\/10\/img-20231002-wa00638243303785375216328-1536x1023.jpg 1536w, https:\/\/contextoanalisisperiodistico.com\/wp-content\/uploads\/2023\/10\/img-20231002-wa00638243303785375216328.jpg 1600w\" sizes=\"(max-width: 1024px) 100vw, 1024px\" \/><\/figure>\n\n\n\n<figure class=\"wp-block-image\"><img decoding=\"async\" width=\"1024\" height=\"682\" src=\"https:\/\/contextoanalisisperiodistico.com\/wp-content\/uploads\/2023\/10\/img-20231002-wa00615684676588537983454-1024x682.jpg\" alt=\"\" class=\"wp-image-19036\" srcset=\"https:\/\/contextoanalisisperiodistico.com\/wp-content\/uploads\/2023\/10\/img-20231002-wa00615684676588537983454-1024x682.jpg 1024w, https:\/\/contextoanalisisperiodistico.com\/wp-content\/uploads\/2023\/10\/img-20231002-wa00615684676588537983454-300x200.jpg 300w, https:\/\/contextoanalisisperiodistico.com\/wp-content\/uploads\/2023\/10\/img-20231002-wa00615684676588537983454-768x512.jpg 768w, https:\/\/contextoanalisisperiodistico.com\/wp-content\/uploads\/2023\/10\/img-20231002-wa00615684676588537983454-1536x1023.jpg 1536w, https:\/\/contextoanalisisperiodistico.com\/wp-content\/uploads\/2023\/10\/img-20231002-wa00615684676588537983454.jpg 1600w\" sizes=\"(max-width: 1024px) 100vw, 1024px\" \/><\/figure>\n\n\n\n<p>Oaxaca de Ju\u00e1rez, Oax. 2 de octubre de 2023.- Al visitar la Escuela Primaria Abraham Castellanos, en la capital, el Gobernador del Estado Salom\u00f3n Jara Cruz reafirm\u00f3 el compromiso de su administraci\u00f3n por impulsar una educaci\u00f3n de calidad para ni\u00f1as, ni\u00f1os y adolescentes de la entidad.<\/p>\n\n\n\n<p>\u201cTrabajamos con mucha responsabilidad para que el magisterio tenga todas las condiciones necesarias para desarrollar dignamente su labor en bien de nuestra ni\u00f1ez\u201d, sostuvo Salom\u00f3n Jara ante comunidad estudiantil, docentes, padres y madres de familia.<\/p>\n\n\n\n<p>Asimismo, reiter\u00f3 que, con base en la escala de valores que promueven los nuevos libros de texto gratuitos, estos han sido elaborados en congruencia con un cambio de paradigmas para el desarrollo pleno de las nuevas generaciones en M\u00e9xico.<\/p>\n\n\n\n<p>\u201cMuchas generaciones conservamos en la memoria las ense\u00f1anzas de nuestros libros de primaria; los libros echan ra\u00edces en nuestra vida y sus frutos son para siempre\u201d, indic\u00f3 el Mandatario estatal acompa\u00f1ado de la directora del plantel, Leticia Cabrera Moya y la vicepresidenta del Comit\u00e9 de Padres de Familia, Mariser Garc\u00eda S\u00e1nchez.<\/p>\n\n\n\n<p>Por \u00faltimo, el Gobernador sostuvo que, con el apoyo decidido de padres y madres de familia, la educaci\u00f3n en las aulas debe replicarse y multiplicarse en los hogares, a trav\u00e9s, dijo, de una buena educaci\u00f3n que forje ciudadanas y ciudadanos de bien.<\/p>\n\n\n\n<p>\u201cUn Pueblo Transformando su Historia tiene en las madres y padres de familia a grandes aliados en este gran compromiso que tenemos con nuestra ni\u00f1ez y juventud\u201d, concluy\u00f3 Salom\u00f3n Jara Cruz.<\/p>\n\n\n\n<p><\/p>\n","protected":false},"excerpt":{"rendered":"<p>\u2022 El Mandatario oaxaque\u00f1o visit\u00f3 la Escuela Primaria Abraham Castellanos para reiterar una atenci\u00f3n prioritaria&#8230;<\/p>\n","protected":false},"author":4,"featured_media":19034,"comment_status":"closed","ping_status":"open","sticky":false,"template":"","format":"standard","meta":{"footnotes":""},"categories":[9],"tags":[],"jetpack_sharing_enabled":true,"featured_image_urls":{"full":["https:\/\/contextoanalisisperiodistico.com\/wp-content\/uploads\/2023\/10\/IMG-20231002-WA0064.jpg",1600,1066,false],"thumbnail":["https:\/\/contextoanalisisperiodistico.com\/wp-content\/uploads\/2023\/10\/IMG-20231002-WA0064-150x150.jpg",150,150,true],"medium":["https:\/\/contextoanalisisperiodistico.com\/wp-content\/uploads\/2023\/10\/IMG-20231002-WA0064-300x200.jpg",300,200,true],"medium_large":["https:\/\/contextoanalisisperiodistico.com\/wp-content\/uploads\/2023\/10\/IMG-20231002-WA0064-768x512.jpg",640,427,true],"large":["https:\/\/contextoanalisisperiodistico.com\/wp-content\/uploads\/2023\/10\/IMG-20231002-WA0064-1024x682.jpg",640,426,true],"1536x1536":["https:\/\/contextoanalisisperiodistico.com\/wp-content\/uploads\/2023\/10\/IMG-20231002-WA0064-1536x1023.jpg",1536,1023,true],"2048x2048":["https:\/\/contextoanalisisperiodistico.com\/wp-content\/uploads\/2023\/10\/IMG-20231002-WA0064.jpg",1600,1066,false],"covernews-slider-full":["https:\/\/contextoanalisisperiodistico.com\/wp-content\/uploads\/2023\/10\/IMG-20231002-WA0064-1115x715.jpg",1115,715,true],"covernews-slider-center":["https:\/\/contextoanalisisperiodistico.com\/wp-content\/uploads\/2023\/10\/IMG-20231002-WA0064-800x500.jpg",800,500,true],"covernews-featured":["https:\/\/contextoanalisisperiodistico.com\/wp-content\/uploads\/2023\/10\/IMG-20231002-WA0064-1024x682.jpg",1024,682,true],"covernews-medium":["https:\/\/contextoanalisisperiodistico.com\/wp-content\/uploads\/2023\/10\/IMG-20231002-WA0064-540x340.jpg",540,340,true],"covernews-medium-square":["https:\/\/contextoanalisisperiodistico.com\/wp-content\/uploads\/2023\/10\/IMG-20231002-WA0064-400x250.jpg",400,250,true]},"author_info":{"display_name":"Mario Gir\u00f3n","author_link":"https:\/\/contextoanalisisperiodistico.com\/index.php\/author\/director\/"},"category_info":"<a href=\"https:\/\/contextoanalisisperiodistico.com\/index.php\/category\/politica\/\" rel=\"category tag\">Pol\u00edtica<\/a>","tag_info":"Pol\u00edtica","comment_count":"0","jetpack_featured_media_url":"https:\/\/contextoanalisisperiodistico.com\/wp-content\/uploads\/2023\/10\/IMG-20231002-WA0064.jpg","_links":{"self":[{"href":"https:\/\/contextoanalisisperiodistico.com\/index.php\/wp-json\/wp\/v2\/posts\/19033"}],"collection":[{"href":"https:\/\/contextoanalisisperiodistico.com\/index.php\/wp-json\/wp\/v2\/posts"}],"about":[{"href":"https:\/\/contextoanalisisperiodistico.com\/index.php\/wp-json\/wp\/v2\/types\/post"}],"author":[{"embeddable":true,"href":"https:\/\/contextoanalisisperiodistico.com\/index.php\/wp-json\/wp\/v2\/users\/4"}],"replies":[{"embeddable":true,"href":"https:\/\/contextoanalisisperiodistico.com\/index.php\/wp-json\/wp\/v2\/comments?post=19033"}],"version-history":[{"count":1,"href":"https:\/\/contextoanalisisperiodistico.com\/index.php\/wp-json\/wp\/v2\/posts\/19033\/revisions"}],"predecessor-version":[{"id":19038,"href":"https:\/\/contextoanalisisperiodistico.com\/index.php\/wp-json\/wp\/v2\/posts\/19033\/revisions\/19038"}],"wp:featuredmedia":[{"embeddable":true,"href":"https:\/\/contextoanalisisperiodistico.com\/index.php\/wp-json\/wp\/v2\/media\/19034"}],"wp:attachment":[{"href":"https:\/\/contextoanalisisperiodistico.com\/index.php\/wp-json\/wp\/v2\/media?parent=19033"}],"wp:term":[{"taxonomy":"category","embeddable":true,"href":"https:\/\/contextoanalisisperiodistico.com\/index.php\/wp-json\/wp\/v2\/categories?post=19033"},{"taxonomy":"post_tag","embeddable":true,"href":"https:\/\/contextoanalisisperiodistico.com\/index.php\/wp-json\/wp\/v2\/tags?post=19033"}],"curies":[{"name":"wp","href":"https:\/\/api.w.org\/{rel}","templated":true}]}}