{"id":19028,"date":"2023-10-02T11:47:37","date_gmt":"2023-10-02T17:47:37","guid":{"rendered":"https:\/\/contextoanalisisperiodistico.com\/?p=19028"},"modified":"2023-10-02T11:48:13","modified_gmt":"2023-10-02T17:48:13","slug":"concluyen-actividades-de-septiembre-mes-de-la-patria-mes-de-la-primera-transformacion","status":"publish","type":"post","link":"https:\/\/contextoanalisisperiodistico.com\/index.php\/2023\/10\/02\/concluyen-actividades-de-septiembre-mes-de-la-patria-mes-de-la-primera-transformacion\/","title":{"rendered":"Concluyen actividades de Septiembre Mes de la Patria; Mes de la Primera Transformaci\u00f3n"},"content":{"rendered":"<div id=\"fb-root\"><\/div>\n\n<p>\u2022 El IEEPO reconoce la participaci\u00f3n de dependencias del Gobierno del Estado, municipio de Oaxaca de Ju\u00e1rez, autoridades militares y organizaciones en este programa<\/p>\n\n\n\n<p>Oaxaca de Ju\u00e1rez, Oax. 2 de octubre de 2023.- Como parte de las acciones de fomento a la cultura c\u00edvica entre la poblaci\u00f3n escolar y sociedad en general, el Gobierno del Estado a trav\u00e9s del Instituto Estatal de Educaci\u00f3n P\u00fablica de Oaxaca (IEEPO) concluy\u00f3 las actividades del programa Septiembre, Mes de la Patria; Mes de la Primera Transformaci\u00f3n.<br \/>Con el izamiento y posterior arriamiento de la Bandera Nacional en la Alameda de Le\u00f3n a cargo de autoridades de la VIII Regi\u00f3n Militar, 28va. Zona Militar y Base A\u00e9rea Militar No 15 de la Secretar\u00eda de la Defensa Nacional (Sedena), as\u00ed como de la Secretar\u00eda de Educaci\u00f3n P\u00fablica (SEP) en la entidad, cerraron las ceremonias c\u00edvicas en el marco de las celebraciones por el 213 aniversario de la Independencia de M\u00e9xico.<br \/>En cumplimiento a los ejes transversales que rigen la administraci\u00f3n del Gobernador Salom\u00f3n Jara Cruz, el Nuevo Pacto Social para la Convivencia Pac\u00edfica y Segura y el impulso de la Paz con Justicia y Bienestar, se promueve el respeto y honra a los s\u00edmbolos nacionales como son la Bandera, el Himno y el Escudo Nacional.<br \/>En el \u00faltimo d\u00eda de las actividades de Septiembre, Mes de la Patria; Mes de la Primera Transformaci\u00f3n, presidieron las ceremonias el comandante de la 28va. Zona Militar de la Secretar\u00eda de la Defensa Nacional, el general de Brigada Diplomado de Estado Mayor Rosalino Barrios Barrios, junto con la titular de la SEP en la entidad, Delfina Elizabeth Guzm\u00e1n D\u00edaz.<br \/>Por encomienda del director general del IEEPO, Emilio Montero P\u00e9rez, durante el mes patrio, la Unidad de Eventos fue la encargada de organizar la participaci\u00f3n en las ceremonias c\u00edvicas de izamiento y arriamiento de las dependencias del Gobierno del Estado, municipio de Oaxaca de Ju\u00e1rez, VIII Regi\u00f3n Militar, c\u00e1maras empresariales, asociaciones y organizaciones, a quienes reconoce su responsabilidad y deber c\u00edvico.<\/p>\n\n\n\n<p><\/p>\n\n\n\n<figure class=\"wp-block-image size-large\"><img fetchpriority=\"high\" decoding=\"async\" width=\"1024\" height=\"682\" src=\"https:\/\/contextoanalisisperiodistico.com\/wp-content\/uploads\/2023\/10\/img-20231002-wa00305998877219396750578-1024x682.jpg\" alt=\"\" class=\"wp-image-19030\" srcset=\"https:\/\/contextoanalisisperiodistico.com\/wp-content\/uploads\/2023\/10\/img-20231002-wa00305998877219396750578-1024x682.jpg 1024w, https:\/\/contextoanalisisperiodistico.com\/wp-content\/uploads\/2023\/10\/img-20231002-wa00305998877219396750578-300x200.jpg 300w, https:\/\/contextoanalisisperiodistico.com\/wp-content\/uploads\/2023\/10\/img-20231002-wa00305998877219396750578-768x512.jpg 768w, https:\/\/contextoanalisisperiodistico.com\/wp-content\/uploads\/2023\/10\/img-20231002-wa00305998877219396750578.jpg 1280w\" sizes=\"(max-width: 1024px) 100vw, 1024px\" \/><\/figure>\n\n\n\n<figure class=\"wp-block-image\"><img decoding=\"async\" width=\"1024\" height=\"682\" src=\"https:\/\/contextoanalisisperiodistico.com\/wp-content\/uploads\/2023\/10\/img-20231002-wa00316703848382221262498-1024x682.jpg\" alt=\"\" class=\"wp-image-19031\" srcset=\"https:\/\/contextoanalisisperiodistico.com\/wp-content\/uploads\/2023\/10\/img-20231002-wa00316703848382221262498-1024x682.jpg 1024w, https:\/\/contextoanalisisperiodistico.com\/wp-content\/uploads\/2023\/10\/img-20231002-wa00316703848382221262498-300x200.jpg 300w, https:\/\/contextoanalisisperiodistico.com\/wp-content\/uploads\/2023\/10\/img-20231002-wa00316703848382221262498-768x512.jpg 768w, https:\/\/contextoanalisisperiodistico.com\/wp-content\/uploads\/2023\/10\/img-20231002-wa00316703848382221262498.jpg 1280w\" sizes=\"(max-width: 1024px) 100vw, 1024px\" \/><\/figure>\n","protected":false},"excerpt":{"rendered":"<p>\u2022 El IEEPO reconoce la participaci\u00f3n de dependencias del Gobierno del Estado, municipio de Oaxaca&#8230;<\/p>\n","protected":false},"author":4,"featured_media":19029,"comment_status":"closed","ping_status":"open","sticky":false,"template":"","format":"standard","meta":{"footnotes":""},"categories":[91],"tags":[],"jetpack_sharing_enabled":true,"featured_image_urls":{"full":["https:\/\/contextoanalisisperiodistico.com\/wp-content\/uploads\/2023\/10\/IMG-20231002-WA0032.jpg",1280,853,false],"thumbnail":["https:\/\/contextoanalisisperiodistico.com\/wp-content\/uploads\/2023\/10\/IMG-20231002-WA0032-150x150.jpg",150,150,true],"medium":["https:\/\/contextoanalisisperiodistico.com\/wp-content\/uploads\/2023\/10\/IMG-20231002-WA0032-300x200.jpg",300,200,true],"medium_large":["https:\/\/contextoanalisisperiodistico.com\/wp-content\/uploads\/2023\/10\/IMG-20231002-WA0032-768x512.jpg",640,427,true],"large":["https:\/\/contextoanalisisperiodistico.com\/wp-content\/uploads\/2023\/10\/IMG-20231002-WA0032-1024x682.jpg",640,426,true],"1536x1536":["https:\/\/contextoanalisisperiodistico.com\/wp-content\/uploads\/2023\/10\/IMG-20231002-WA0032.jpg",1280,853,false],"2048x2048":["https:\/\/contextoanalisisperiodistico.com\/wp-content\/uploads\/2023\/10\/IMG-20231002-WA0032.jpg",1280,853,false],"covernews-slider-full":["https:\/\/contextoanalisisperiodistico.com\/wp-content\/uploads\/2023\/10\/IMG-20231002-WA0032-1115x715.jpg",1115,715,true],"covernews-slider-center":["https:\/\/contextoanalisisperiodistico.com\/wp-content\/uploads\/2023\/10\/IMG-20231002-WA0032-800x500.jpg",800,500,true],"covernews-featured":["https:\/\/contextoanalisisperiodistico.com\/wp-content\/uploads\/2023\/10\/IMG-20231002-WA0032-1024x682.jpg",1024,682,true],"covernews-medium":["https:\/\/contextoanalisisperiodistico.com\/wp-content\/uploads\/2023\/10\/IMG-20231002-WA0032-540x340.jpg",540,340,true],"covernews-medium-square":["https:\/\/contextoanalisisperiodistico.com\/wp-content\/uploads\/2023\/10\/IMG-20231002-WA0032-400x250.jpg",400,250,true]},"author_info":{"display_name":"Mario Gir\u00f3n","author_link":"https:\/\/contextoanalisisperiodistico.com\/index.php\/author\/director\/"},"category_info":"<a href=\"https:\/\/contextoanalisisperiodistico.com\/index.php\/category\/educacion\/\" rel=\"category tag\">Educaci\u00f3n<\/a>","tag_info":"Educaci\u00f3n","comment_count":"0","jetpack_featured_media_url":"https:\/\/contextoanalisisperiodistico.com\/wp-content\/uploads\/2023\/10\/IMG-20231002-WA0032.jpg","_links":{"self":[{"href":"https:\/\/contextoanalisisperiodistico.com\/index.php\/wp-json\/wp\/v2\/posts\/19028"}],"collection":[{"href":"https:\/\/contextoanalisisperiodistico.com\/index.php\/wp-json\/wp\/v2\/posts"}],"about":[{"href":"https:\/\/contextoanalisisperiodistico.com\/index.php\/wp-json\/wp\/v2\/types\/post"}],"author":[{"embeddable":true,"href":"https:\/\/contextoanalisisperiodistico.com\/index.php\/wp-json\/wp\/v2\/users\/4"}],"replies":[{"embeddable":true,"href":"https:\/\/contextoanalisisperiodistico.com\/index.php\/wp-json\/wp\/v2\/comments?post=19028"}],"version-history":[{"count":1,"href":"https:\/\/contextoanalisisperiodistico.com\/index.php\/wp-json\/wp\/v2\/posts\/19028\/revisions"}],"predecessor-version":[{"id":19032,"href":"https:\/\/contextoanalisisperiodistico.com\/index.php\/wp-json\/wp\/v2\/posts\/19028\/revisions\/19032"}],"wp:featuredmedia":[{"embeddable":true,"href":"https:\/\/contextoanalisisperiodistico.com\/index.php\/wp-json\/wp\/v2\/media\/19029"}],"wp:attachment":[{"href":"https:\/\/contextoanalisisperiodistico.com\/index.php\/wp-json\/wp\/v2\/media?parent=19028"}],"wp:term":[{"taxonomy":"category","embeddable":true,"href":"https:\/\/contextoanalisisperiodistico.com\/index.php\/wp-json\/wp\/v2\/categories?post=19028"},{"taxonomy":"post_tag","embeddable":true,"href":"https:\/\/contextoanalisisperiodistico.com\/index.php\/wp-json\/wp\/v2\/tags?post=19028"}],"curies":[{"name":"wp","href":"https:\/\/api.w.org\/{rel}","templated":true}]}}