{"id":19019,"date":"2023-10-02T08:52:15","date_gmt":"2023-10-02T14:52:15","guid":{"rendered":"https:\/\/contextoanalisisperiodistico.com\/?p=19019"},"modified":"2023-10-02T08:53:00","modified_gmt":"2023-10-02T14:53:00","slug":"exhorta-ieepo-a-normalistas-manifestarse-con-respeto-en-el-marco-de-la-ley-este-2-de-octubre","status":"publish","type":"post","link":"https:\/\/contextoanalisisperiodistico.com\/index.php\/2023\/10\/02\/exhorta-ieepo-a-normalistas-manifestarse-con-respeto-en-el-marco-de-la-ley-este-2-de-octubre\/","title":{"rendered":"Exhorta IEEPO a normalistas manifestarse con respeto en el marco de la ley \u00e9ste 2 de octubre"},"content":{"rendered":"<div id=\"fb-root\"><\/div>\n\n<p><br>\u2022 El director general, Emilio Montero P\u00e9rez convoc\u00f3 a las y los j\u00f3venes normalistas a no perder la esencia de su lucha<\/p>\n\n\n\n<p><br>Oaxaca de Ju\u00e1rez, Oax., 1 de Octubre de 2023.- El Instituto Estatal de Educaci\u00f3n P\u00fablica de Oaxaca (IEEPO), Emilio Montero P\u00e9rez, hizo un llamado respetuoso a la comunidad normalista que acuda este lunes a la marcha con motivo del 2 de octubre, a manifestarse de forma pac\u00edfica, con respeto al Estado de derecho, a terceras personas y al patrimonio arquitect\u00f3nico.<\/p>\n\n\n\n<p><br>Se\u00f1al\u00f3 que son tiempos de gobiernos que no reprimen ni desaparecen, abiertos al di\u00e1logo y con pleno respeto al ejercicio de la libre manifestaci\u00f3n; por lo cual no hay motivo para actitudes violentas o situaciones que pongan en riesgo la integridad f\u00edsica de la ciudadan\u00eda o causen da\u00f1os a inmuebles.<\/p>\n\n\n\n<p><br>Montero P\u00e9rez convoc\u00f3 a las y los j\u00f3venes normalistas a no perder la esencia de su lucha y encausar los planteamientos que tengan por la v\u00eda institucional, privilegiando ante todo el di\u00e1logo.<\/p>\n\n\n\n<p><br>\u201cHago un llamado respetuoso, en camarader\u00eda, a los normalistas a no dejar la esencia de su lucha, pero respetando el Estado de derecho, la legalidad de terceros, de la misma ciudad de donde les corresponda marchar, porque Oaxaca merece respeto\u201d, puntualiz\u00f3.<\/p>\n\n\n\n<p><br>El Director General del IEEPO manifest\u00f3 que el 2 de octubre se conmemora una fecha hist\u00f3rica que para muchos es sin\u00f3nimo de represi\u00f3n e impotencia. La masacre del Estado mexicano en ese entonces es un acto que no tiene nombre; sin embargo, consider\u00f3 que protestar para que no haya actos autoritarios, que fue lo que llev\u00f3 a la represi\u00f3n del movimiento estudiantil, es necesario actuar por la v\u00eda pac\u00edfica.<\/p>\n\n\n\n<p><\/p>\n","protected":false},"excerpt":{"rendered":"<p>\u2022 El director general, Emilio Montero P\u00e9rez convoc\u00f3 a las y los j\u00f3venes normalistas a&#8230;<\/p>\n","protected":false},"author":4,"featured_media":19020,"comment_status":"closed","ping_status":"open","sticky":false,"template":"","format":"standard","meta":{"footnotes":""},"categories":[9],"tags":[],"jetpack_sharing_enabled":true,"featured_image_urls":{"full":["https:\/\/contextoanalisisperiodistico.com\/wp-content\/uploads\/2023\/10\/IMG-20231002-WA0019.jpg",1600,1583,false],"thumbnail":["https:\/\/contextoanalisisperiodistico.com\/wp-content\/uploads\/2023\/10\/IMG-20231002-WA0019-150x150.jpg",150,150,true],"medium":["https:\/\/contextoanalisisperiodistico.com\/wp-content\/uploads\/2023\/10\/IMG-20231002-WA0019-300x297.jpg",300,297,true],"medium_large":["https:\/\/contextoanalisisperiodistico.com\/wp-content\/uploads\/2023\/10\/IMG-20231002-WA0019-768x760.jpg",640,633,true],"large":["https:\/\/contextoanalisisperiodistico.com\/wp-content\/uploads\/2023\/10\/IMG-20231002-WA0019-1024x1013.jpg",640,633,true],"1536x1536":["https:\/\/contextoanalisisperiodistico.com\/wp-content\/uploads\/2023\/10\/IMG-20231002-WA0019-1536x1520.jpg",1536,1520,true],"2048x2048":["https:\/\/contextoanalisisperiodistico.com\/wp-content\/uploads\/2023\/10\/IMG-20231002-WA0019.jpg",1600,1583,false],"covernews-slider-full":["https:\/\/contextoanalisisperiodistico.com\/wp-content\/uploads\/2023\/10\/IMG-20231002-WA0019-1115x715.jpg",1115,715,true],"covernews-slider-center":["https:\/\/contextoanalisisperiodistico.com\/wp-content\/uploads\/2023\/10\/IMG-20231002-WA0019-800x500.jpg",800,500,true],"covernews-featured":["https:\/\/contextoanalisisperiodistico.com\/wp-content\/uploads\/2023\/10\/IMG-20231002-WA0019-1024x1013.jpg",1024,1013,true],"covernews-medium":["https:\/\/contextoanalisisperiodistico.com\/wp-content\/uploads\/2023\/10\/IMG-20231002-WA0019-540x340.jpg",540,340,true],"covernews-medium-square":["https:\/\/contextoanalisisperiodistico.com\/wp-content\/uploads\/2023\/10\/IMG-20231002-WA0019-400x250.jpg",400,250,true]},"author_info":{"display_name":"Mario Gir\u00f3n","author_link":"https:\/\/contextoanalisisperiodistico.com\/index.php\/author\/director\/"},"category_info":"<a href=\"https:\/\/contextoanalisisperiodistico.com\/index.php\/category\/politica\/\" rel=\"category tag\">Pol\u00edtica<\/a>","tag_info":"Pol\u00edtica","comment_count":"0","jetpack_featured_media_url":"https:\/\/contextoanalisisperiodistico.com\/wp-content\/uploads\/2023\/10\/IMG-20231002-WA0019.jpg","_links":{"self":[{"href":"https:\/\/contextoanalisisperiodistico.com\/index.php\/wp-json\/wp\/v2\/posts\/19019"}],"collection":[{"href":"https:\/\/contextoanalisisperiodistico.com\/index.php\/wp-json\/wp\/v2\/posts"}],"about":[{"href":"https:\/\/contextoanalisisperiodistico.com\/index.php\/wp-json\/wp\/v2\/types\/post"}],"author":[{"embeddable":true,"href":"https:\/\/contextoanalisisperiodistico.com\/index.php\/wp-json\/wp\/v2\/users\/4"}],"replies":[{"embeddable":true,"href":"https:\/\/contextoanalisisperiodistico.com\/index.php\/wp-json\/wp\/v2\/comments?post=19019"}],"version-history":[{"count":1,"href":"https:\/\/contextoanalisisperiodistico.com\/index.php\/wp-json\/wp\/v2\/posts\/19019\/revisions"}],"predecessor-version":[{"id":19021,"href":"https:\/\/contextoanalisisperiodistico.com\/index.php\/wp-json\/wp\/v2\/posts\/19019\/revisions\/19021"}],"wp:featuredmedia":[{"embeddable":true,"href":"https:\/\/contextoanalisisperiodistico.com\/index.php\/wp-json\/wp\/v2\/media\/19020"}],"wp:attachment":[{"href":"https:\/\/contextoanalisisperiodistico.com\/index.php\/wp-json\/wp\/v2\/media?parent=19019"}],"wp:term":[{"taxonomy":"category","embeddable":true,"href":"https:\/\/contextoanalisisperiodistico.com\/index.php\/wp-json\/wp\/v2\/categories?post=19019"},{"taxonomy":"post_tag","embeddable":true,"href":"https:\/\/contextoanalisisperiodistico.com\/index.php\/wp-json\/wp\/v2\/tags?post=19019"}],"curies":[{"name":"wp","href":"https:\/\/api.w.org\/{rel}","templated":true}]}}