{"id":19005,"date":"2023-10-01T20:29:32","date_gmt":"2023-10-02T02:29:32","guid":{"rendered":"https:\/\/contextoanalisisperiodistico.com\/?p=19005"},"modified":"2023-10-01T20:31:18","modified_gmt":"2023-10-02T02:31:18","slug":"tendra-santa-maria-apazco-acciones-de-desarrollo-y-bienestar","status":"publish","type":"post","link":"https:\/\/contextoanalisisperiodistico.com\/index.php\/2023\/10\/01\/tendra-santa-maria-apazco-acciones-de-desarrollo-y-bienestar\/","title":{"rendered":"Tendr\u00e1 Santa Mar\u00eda Apazco acciones de desarrollo y bienestar"},"content":{"rendered":"<div id=\"fb-root\"><\/div>\n\n<p>Santa Mar\u00eda Apazco, Oax., 1 de octubre de 2023.- El Gobernador de Oaxaca Salom\u00f3n Jara Cruz inform\u00f3 a habitantes y autoridades de esta municipalidad que contar\u00e1n con acciones e inversiones en materia de salud, alimentaci\u00f3n, infraestructura carretera y otros rubros que garantizar\u00e1n desarrollo y bienestar.<\/p>\n\n\n\n<p>Dijo que en este nuevo gobierno tienen como objetivo terminar con los privilegios y la corrupci\u00f3n que otros gobiernos tuvieron, por lo que ahora se dedican a trabajar con honestidad, humildad y sencillez.<\/p>\n\n\n\n<p>\u00abTrabajamos para sacar a los pueblos de la pobreza y la marginaci\u00f3n, porque no estamos dispuestos a aceptar un destino que nos quieren adjudicar\u00bb, dijo, al referirse que los bajos \u00edndices de desarrollo en el que se encuentra la entidad ha sido por los malos gobiernos del pasado que solo buscaron beneficiar a unos cuantos.<\/p>\n\n\n\n<p>La inversi\u00f3n total para Santa Mar\u00eda Apazco a trav\u00e9s de la Estrategia Trabajo que Transforma tu Municipio ser\u00e1 de 5 millones 500 mil pesos.<\/p>\n\n\n\n<p>Para garantizar el derecho humano a la salud de las personas habitantes del lugar, la administraci\u00f3n estatal destinar\u00e1 750 mil 477 pesos en medicamentos y kits de exploraci\u00f3n para las casas de salud. Mientras tanto, el programa de la Tarjeta Margarita Maza beneficiar\u00e1 a 22 jefas de familia.<\/p>\n\n\n\n<p>En atenci\u00f3n al campo y con el objetivo de lograr alcanzar la autosuficiencia alimentaria, se realizar\u00e1 una inversi\u00f3n de 271 mil 759 pesos para favorecer a 25 familias. Asimismo, la Secretar\u00eda de Finanzas inform\u00f3 que, hasta el mes de agosto, se han depositado al municipio 50 mil 860 pesos del Fondo Compensatorio.<\/p>\n\n\n\n<p>Para atender otro importante rubro como es la seguridad, el Secretariado Ejecutivo del Sistema Estatal de Seguridad P\u00fablica anunci\u00f3 que desarrollar\u00e1 el programa Topiles por la Paz en este lugar.<\/p>\n\n\n\n<p>En materia alimentaria, el Sistema para el Desarrollo Integral de la Familia (DIF) Oaxaca efectuar\u00e1 una inversi\u00f3n de 578 mil 818 pesos para atender a 272 personas de cinco localidades mediante el subprograma Comedores Populares Bienestar y los programas Alimentaci\u00f3n Escolar, Atenci\u00f3n Alimentaria en los Primeros 1000 D\u00edas y Asistencia Social a Grupos Prioritarios con la entrega de aparatos funcionales.<\/p>\n\n\n\n<p>En infraestructura carretera, el Gobierno estatal realizar\u00e1 el revestimiento del camino Llano del Sabino- El Peric\u00f3n que comprende 3 mil 984 metros, con una inversi\u00f3n de 1 mill\u00f3n 950 mil pesos.<\/p>\n\n\n\n<p>Como parte de la reparaci\u00f3n hist\u00f3rica del sector educativo, se aplicar\u00e1n 1 mill\u00f3n 920 mil pesos para la construcci\u00f3n de tres aulas en escuelas de El Peric\u00f3n, Tierra Colorada y Santa Mar\u00eda Apazco, cada una con un costo de 640 mil pesos. Mientras tanto, se invertir\u00e1n 300 mil pesos para mobiliario y apoyo did\u00e1ctico a escuelas.<\/p>\n\n\n\n<p>-0-<\/p>\n\n\n\n<figure class=\"wp-block-image size-large\"><img fetchpriority=\"high\" decoding=\"async\" width=\"1024\" height=\"682\" src=\"https:\/\/contextoanalisisperiodistico.com\/wp-content\/uploads\/2023\/10\/img-20231001-wa00821676775347351597427-1024x682.jpg\" alt=\"\" class=\"wp-image-19007\" srcset=\"https:\/\/contextoanalisisperiodistico.com\/wp-content\/uploads\/2023\/10\/img-20231001-wa00821676775347351597427-1024x682.jpg 1024w, https:\/\/contextoanalisisperiodistico.com\/wp-content\/uploads\/2023\/10\/img-20231001-wa00821676775347351597427-300x200.jpg 300w, https:\/\/contextoanalisisperiodistico.com\/wp-content\/uploads\/2023\/10\/img-20231001-wa00821676775347351597427-768x512.jpg 768w, https:\/\/contextoanalisisperiodistico.com\/wp-content\/uploads\/2023\/10\/img-20231001-wa00821676775347351597427-1536x1023.jpg 1536w, https:\/\/contextoanalisisperiodistico.com\/wp-content\/uploads\/2023\/10\/img-20231001-wa00821676775347351597427.jpg 1600w\" sizes=\"(max-width: 1024px) 100vw, 1024px\" \/><\/figure>\n\n\n\n<figure class=\"wp-block-image\"><img decoding=\"async\" width=\"1024\" height=\"528\" src=\"https:\/\/contextoanalisisperiodistico.com\/wp-content\/uploads\/2023\/10\/img-20231001-wa00873904286207511763729-1024x528.jpg\" alt=\"\" class=\"wp-image-19009\" srcset=\"https:\/\/contextoanalisisperiodistico.com\/wp-content\/uploads\/2023\/10\/img-20231001-wa00873904286207511763729-1024x528.jpg 1024w, https:\/\/contextoanalisisperiodistico.com\/wp-content\/uploads\/2023\/10\/img-20231001-wa00873904286207511763729-300x155.jpg 300w, https:\/\/contextoanalisisperiodistico.com\/wp-content\/uploads\/2023\/10\/img-20231001-wa00873904286207511763729-768x396.jpg 768w, https:\/\/contextoanalisisperiodistico.com\/wp-content\/uploads\/2023\/10\/img-20231001-wa00873904286207511763729-1536x791.jpg 1536w, https:\/\/contextoanalisisperiodistico.com\/wp-content\/uploads\/2023\/10\/img-20231001-wa00873904286207511763729.jpg 1570w\" sizes=\"(max-width: 1024px) 100vw, 1024px\" \/><\/figure>\n\n\n\n<figure class=\"wp-block-image\"><img decoding=\"async\" width=\"1024\" height=\"682\" src=\"https:\/\/contextoanalisisperiodistico.com\/wp-content\/uploads\/2023\/10\/img-20231001-wa00853327529063022702409-1024x682.jpg\" alt=\"\" class=\"wp-image-19008\" srcset=\"https:\/\/contextoanalisisperiodistico.com\/wp-content\/uploads\/2023\/10\/img-20231001-wa00853327529063022702409-1024x682.jpg 1024w, https:\/\/contextoanalisisperiodistico.com\/wp-content\/uploads\/2023\/10\/img-20231001-wa00853327529063022702409-300x200.jpg 300w, https:\/\/contextoanalisisperiodistico.com\/wp-content\/uploads\/2023\/10\/img-20231001-wa00853327529063022702409-768x511.jpg 768w, https:\/\/contextoanalisisperiodistico.com\/wp-content\/uploads\/2023\/10\/img-20231001-wa00853327529063022702409.jpg 1495w\" sizes=\"(max-width: 1024px) 100vw, 1024px\" \/><\/figure>\n\n\n\n<figure class=\"wp-block-image\"><img loading=\"lazy\" decoding=\"async\" width=\"1024\" height=\"635\" src=\"https:\/\/contextoanalisisperiodistico.com\/wp-content\/uploads\/2023\/10\/img-20231001-wa00845420754539970875750-1024x635.jpg\" alt=\"\" class=\"wp-image-19010\" srcset=\"https:\/\/contextoanalisisperiodistico.com\/wp-content\/uploads\/2023\/10\/img-20231001-wa00845420754539970875750-1024x635.jpg 1024w, https:\/\/contextoanalisisperiodistico.com\/wp-content\/uploads\/2023\/10\/img-20231001-wa00845420754539970875750-300x186.jpg 300w, https:\/\/contextoanalisisperiodistico.com\/wp-content\/uploads\/2023\/10\/img-20231001-wa00845420754539970875750-768x476.jpg 768w, https:\/\/contextoanalisisperiodistico.com\/wp-content\/uploads\/2023\/10\/img-20231001-wa00845420754539970875750.jpg 1359w\" sizes=\"(max-width: 1024px) 100vw, 1024px\" \/><\/figure>\n","protected":false},"excerpt":{"rendered":"<p>Santa Mar\u00eda Apazco, Oax., 1 de octubre de 2023.- El Gobernador de Oaxaca Salom\u00f3n Jara&#8230;<\/p>\n","protected":false},"author":4,"featured_media":19006,"comment_status":"closed","ping_status":"open","sticky":false,"template":"","format":"standard","meta":{"footnotes":""},"categories":[9],"tags":[],"jetpack_sharing_enabled":true,"featured_image_urls":{"full":["https:\/\/contextoanalisisperiodistico.com\/wp-content\/uploads\/2023\/10\/IMG-20231001-WA0083.jpg",1600,1066,false],"thumbnail":["https:\/\/contextoanalisisperiodistico.com\/wp-content\/uploads\/2023\/10\/IMG-20231001-WA0083-150x150.jpg",150,150,true],"medium":["https:\/\/contextoanalisisperiodistico.com\/wp-content\/uploads\/2023\/10\/IMG-20231001-WA0083-300x200.jpg",300,200,true],"medium_large":["https:\/\/contextoanalisisperiodistico.com\/wp-content\/uploads\/2023\/10\/IMG-20231001-WA0083-768x512.jpg",640,427,true],"large":["https:\/\/contextoanalisisperiodistico.com\/wp-content\/uploads\/2023\/10\/IMG-20231001-WA0083-1024x682.jpg",640,426,true],"1536x1536":["https:\/\/contextoanalisisperiodistico.com\/wp-content\/uploads\/2023\/10\/IMG-20231001-WA0083-1536x1023.jpg",1536,1023,true],"2048x2048":["https:\/\/contextoanalisisperiodistico.com\/wp-content\/uploads\/2023\/10\/IMG-20231001-WA0083.jpg",1600,1066,false],"covernews-slider-full":["https:\/\/contextoanalisisperiodistico.com\/wp-content\/uploads\/2023\/10\/IMG-20231001-WA0083-1115x715.jpg",1115,715,true],"covernews-slider-center":["https:\/\/contextoanalisisperiodistico.com\/wp-content\/uploads\/2023\/10\/IMG-20231001-WA0083-800x500.jpg",800,500,true],"covernews-featured":["https:\/\/contextoanalisisperiodistico.com\/wp-content\/uploads\/2023\/10\/IMG-20231001-WA0083-1024x682.jpg",1024,682,true],"covernews-medium":["https:\/\/contextoanalisisperiodistico.com\/wp-content\/uploads\/2023\/10\/IMG-20231001-WA0083-540x340.jpg",540,340,true],"covernews-medium-square":["https:\/\/contextoanalisisperiodistico.com\/wp-content\/uploads\/2023\/10\/IMG-20231001-WA0083-400x250.jpg",400,250,true]},"author_info":{"display_name":"Mario Gir\u00f3n","author_link":"https:\/\/contextoanalisisperiodistico.com\/index.php\/author\/director\/"},"category_info":"<a href=\"https:\/\/contextoanalisisperiodistico.com\/index.php\/category\/politica\/\" rel=\"category tag\">Pol\u00edtica<\/a>","tag_info":"Pol\u00edtica","comment_count":"0","jetpack_featured_media_url":"https:\/\/contextoanalisisperiodistico.com\/wp-content\/uploads\/2023\/10\/IMG-20231001-WA0083.jpg","_links":{"self":[{"href":"https:\/\/contextoanalisisperiodistico.com\/index.php\/wp-json\/wp\/v2\/posts\/19005"}],"collection":[{"href":"https:\/\/contextoanalisisperiodistico.com\/index.php\/wp-json\/wp\/v2\/posts"}],"about":[{"href":"https:\/\/contextoanalisisperiodistico.com\/index.php\/wp-json\/wp\/v2\/types\/post"}],"author":[{"embeddable":true,"href":"https:\/\/contextoanalisisperiodistico.com\/index.php\/wp-json\/wp\/v2\/users\/4"}],"replies":[{"embeddable":true,"href":"https:\/\/contextoanalisisperiodistico.com\/index.php\/wp-json\/wp\/v2\/comments?post=19005"}],"version-history":[{"count":1,"href":"https:\/\/contextoanalisisperiodistico.com\/index.php\/wp-json\/wp\/v2\/posts\/19005\/revisions"}],"predecessor-version":[{"id":19011,"href":"https:\/\/contextoanalisisperiodistico.com\/index.php\/wp-json\/wp\/v2\/posts\/19005\/revisions\/19011"}],"wp:featuredmedia":[{"embeddable":true,"href":"https:\/\/contextoanalisisperiodistico.com\/index.php\/wp-json\/wp\/v2\/media\/19006"}],"wp:attachment":[{"href":"https:\/\/contextoanalisisperiodistico.com\/index.php\/wp-json\/wp\/v2\/media?parent=19005"}],"wp:term":[{"taxonomy":"category","embeddable":true,"href":"https:\/\/contextoanalisisperiodistico.com\/index.php\/wp-json\/wp\/v2\/categories?post=19005"},{"taxonomy":"post_tag","embeddable":true,"href":"https:\/\/contextoanalisisperiodistico.com\/index.php\/wp-json\/wp\/v2\/tags?post=19005"}],"curies":[{"name":"wp","href":"https:\/\/api.w.org\/{rel}","templated":true}]}}