{"id":18997,"date":"2023-10-01T17:04:30","date_gmt":"2023-10-01T23:04:30","guid":{"rendered":"https:\/\/contextoanalisisperiodistico.com\/?p=18997"},"modified":"2023-10-01T17:05:01","modified_gmt":"2023-10-01T23:05:01","slug":"destina-gobierno-del-pueblo-mas-de-10-mdp-para-santiago-apoala","status":"publish","type":"post","link":"https:\/\/contextoanalisisperiodistico.com\/index.php\/2023\/10\/01\/destina-gobierno-del-pueblo-mas-de-10-mdp-para-santiago-apoala\/","title":{"rendered":"Destina Gobierno del pueblo m\u00e1s de 10 mdp para Santiago Apoala"},"content":{"rendered":"<div id=\"fb-root\"><\/div>\n\n<p>\u2022 Este recurso forma parte del programa Trabajo que Transforma tu Municipio, bajo el nuevo modelo de atenci\u00f3n de gobierno: cercano, sencillo y trabajador<\/p>\n\n\n\n<p>Santiago Apoala, Oax., 1 de octubre de 2023.- Desde este municipio, cuna de las y los mixtecos, el Gobernador Salom\u00f3n Jara Cruz anunci\u00f3 la inversi\u00f3n de recursos p\u00fablicos por un monto de 10 millones 408 mil pesos para el mejoramiento de las condiciones de vida de las familias y sectores prioritarios que m\u00e1s lo requieren.<\/p>\n\n\n\n<p>Como parte del programa Trabajo que Transforma tu Municipio y bajo el nuevo modelo de atenci\u00f3n cercano a la gente, sencillo y trabajador, el titular de la Gubernatura expres\u00f3 que estos apoyos buscan transformar la realidad de las y los habitantes de este lugar perteneciente al distrito de Nochixtl\u00e1n.<\/p>\n\n\n\n<p>Se\u00f1al\u00f3 que en este nuevo modelo hay una relaci\u00f3n directa entre pueblo y autoridad, a fin de revertir los bajos \u00edndices de desarrollo, tal es el caso de esta localidad, que se encuentra a nivel estatal, en el lugar 97 y a nivel nacional, en el 160 en los bajos \u00edndices de des arrollo.<\/p>\n\n\n\n<p>En ese sentido, mediante los Servicios de Salud de Oaxaca (SSO) se han invertido 244 mil 977 pesos en el abasto de medicamentos, mientras que a trav\u00e9s de la Secretar\u00eda de Fomento Agroalimentario y Desarrollo Rural (Sefader) se han destinado 276 mil 540 pesos en beneficio de 26 familias con el programa de Autosuficiencia Alimentaria para la producci\u00f3n de ma\u00edz, frijol y hortalizas.<\/p>\n\n\n\n<p>Por conducto de la Secretar\u00eda de Bienestar Tequio e Inclusi\u00f3n, se aplicar\u00e1n 204 mil pesos para atender a 17 jefas de familia a trav\u00e9s de la Tarjeta Margarita Maza y para acercar los servicios sociales a esta poblaci\u00f3n se implementar\u00e1n las Caravanas Bienestar<\/p>\n\n\n\n<p>De acuerdo al Sistema DIF Oaxaca, se asignar\u00e1n 523 mil 406 pesos para atender a 194 personas con los programas de Atenci\u00f3n Alimentaria a Grupos Prioritarios y Asistencia Social a Grupos Prioritarios con la entrega de aparatos funcionales.<\/p>\n\n\n\n<p>El Secretariado Ejecutivo del Sistema Estatal de Seguridad P\u00fablica (SESESP), dio a conocer el curso Topiles por la paz para fortalecer el trabajo que realizan las personas encargadas de la seguridad en las comunidades y para lo cual se destinar\u00e1n 40 mil pesos.<\/p>\n\n\n\n<p>A trav\u00e9s de la Comisi\u00f3n Estatal del Agua para el Bienestar, se inform\u00f3 que en esta localidad se destinan 5 millones 366 mil pesos en los trabajos de construcci\u00f3n de la red de agua potable en una agencia municipal, obra que lleva un 80% de avance.<\/p>\n\n\n\n<p>Vivienda para el Bienestar destinar\u00e1 145 mil pesos en una primera etapa, para acciones de mejoramiento de los hogares.<\/p>\n\n\n\n<p>En tanto, la Secretar\u00eda de las Infraestructuras y Comunicaciones, tiene proyectada la instalaci\u00f3n de alumbrado p\u00fablico sustentable en la calle Ni\u00f1o Perdido, Divisi\u00f3n Oriente y Camino Principal de la localidad de San Antonio Nduayaco, con una inversi\u00f3n de 2 millones 940 mil pesos.<\/p>\n\n\n\n<p>En coordinaci\u00f3n con la Secretar\u00eda de Interculturalidad, Pueblos y Comunidades Ind\u00edgenas y Afromexicanas (SIPCIA) se apoyar\u00e1 con un maestro de m\u00fasica por cuatro meses, adem\u00e1s de que apoyar\u00e1 la asignaci\u00f3n de una o un profesor para el fortalecimiento de la lengua originaria de la localidad.<\/p>\n\n\n\n<p>Al participar en la asamblea informativa, la presidenta municipal Justina Alvarado P\u00e9rez expres\u00f3 que la presencia del Gobernador en esta localidad demuestra el inter\u00e9s de escuchar las voces del pueblo y atender las sus necesidades, por lo que agradeci\u00f3 los apoyos que se han recibido y que han contribuido a mejorar la calidad de vida de sus habitantes.<\/p>\n\n\n\n<p>-0-<\/p>\n\n\n\n<figure class=\"wp-block-image size-large\"><img fetchpriority=\"high\" decoding=\"async\" width=\"1024\" height=\"682\" src=\"https:\/\/contextoanalisisperiodistico.com\/wp-content\/uploads\/2023\/10\/img-20231001-wa00667493324844501804403-1024x682.jpg\" alt=\"\" class=\"wp-image-18999\" srcset=\"https:\/\/contextoanalisisperiodistico.com\/wp-content\/uploads\/2023\/10\/img-20231001-wa00667493324844501804403-1024x682.jpg 1024w, https:\/\/contextoanalisisperiodistico.com\/wp-content\/uploads\/2023\/10\/img-20231001-wa00667493324844501804403-300x200.jpg 300w, https:\/\/contextoanalisisperiodistico.com\/wp-content\/uploads\/2023\/10\/img-20231001-wa00667493324844501804403-768x512.jpg 768w, https:\/\/contextoanalisisperiodistico.com\/wp-content\/uploads\/2023\/10\/img-20231001-wa00667493324844501804403-1536x1023.jpg 1536w, https:\/\/contextoanalisisperiodistico.com\/wp-content\/uploads\/2023\/10\/img-20231001-wa00667493324844501804403.jpg 1600w\" sizes=\"(max-width: 1024px) 100vw, 1024px\" \/><\/figure>\n\n\n\n<figure class=\"wp-block-image\"><img decoding=\"async\" width=\"1024\" height=\"722\" src=\"https:\/\/contextoanalisisperiodistico.com\/wp-content\/uploads\/2023\/10\/img-20231001-wa00704081647265233254628-1024x722.jpg\" alt=\"\" class=\"wp-image-19000\" srcset=\"https:\/\/contextoanalisisperiodistico.com\/wp-content\/uploads\/2023\/10\/img-20231001-wa00704081647265233254628-1024x722.jpg 1024w, https:\/\/contextoanalisisperiodistico.com\/wp-content\/uploads\/2023\/10\/img-20231001-wa00704081647265233254628-300x211.jpg 300w, https:\/\/contextoanalisisperiodistico.com\/wp-content\/uploads\/2023\/10\/img-20231001-wa00704081647265233254628-768x541.jpg 768w, https:\/\/contextoanalisisperiodistico.com\/wp-content\/uploads\/2023\/10\/img-20231001-wa00704081647265233254628.jpg 1274w\" sizes=\"(max-width: 1024px) 100vw, 1024px\" \/><\/figure>\n\n\n\n<figure class=\"wp-block-image\"><img decoding=\"async\" width=\"1024\" height=\"699\" src=\"https:\/\/contextoanalisisperiodistico.com\/wp-content\/uploads\/2023\/10\/img-20231001-wa006587471665876069597-1024x699.jpg\" alt=\"\" class=\"wp-image-19002\" srcset=\"https:\/\/contextoanalisisperiodistico.com\/wp-content\/uploads\/2023\/10\/img-20231001-wa006587471665876069597-1024x699.jpg 1024w, https:\/\/contextoanalisisperiodistico.com\/wp-content\/uploads\/2023\/10\/img-20231001-wa006587471665876069597-300x205.jpg 300w, https:\/\/contextoanalisisperiodistico.com\/wp-content\/uploads\/2023\/10\/img-20231001-wa006587471665876069597-768x524.jpg 768w, https:\/\/contextoanalisisperiodistico.com\/wp-content\/uploads\/2023\/10\/img-20231001-wa006587471665876069597.jpg 1253w\" sizes=\"(max-width: 1024px) 100vw, 1024px\" \/><\/figure>\n\n\n\n<figure class=\"wp-block-image\"><img loading=\"lazy\" decoding=\"async\" width=\"1024\" height=\"682\" src=\"https:\/\/contextoanalisisperiodistico.com\/wp-content\/uploads\/2023\/10\/img-20231001-wa00644082023463414664540-1024x682.jpg\" alt=\"\" class=\"wp-image-19001\" srcset=\"https:\/\/contextoanalisisperiodistico.com\/wp-content\/uploads\/2023\/10\/img-20231001-wa00644082023463414664540-1024x682.jpg 1024w, https:\/\/contextoanalisisperiodistico.com\/wp-content\/uploads\/2023\/10\/img-20231001-wa00644082023463414664540-300x200.jpg 300w, https:\/\/contextoanalisisperiodistico.com\/wp-content\/uploads\/2023\/10\/img-20231001-wa00644082023463414664540-768x512.jpg 768w, https:\/\/contextoanalisisperiodistico.com\/wp-content\/uploads\/2023\/10\/img-20231001-wa00644082023463414664540-1536x1023.jpg 1536w, https:\/\/contextoanalisisperiodistico.com\/wp-content\/uploads\/2023\/10\/img-20231001-wa00644082023463414664540.jpg 1600w\" sizes=\"(max-width: 1024px) 100vw, 1024px\" \/><\/figure>\n\n\n\n<figure class=\"wp-block-image\"><img loading=\"lazy\" decoding=\"async\" width=\"1024\" height=\"682\" src=\"https:\/\/contextoanalisisperiodistico.com\/wp-content\/uploads\/2023\/10\/img-20231001-wa00591820554111805887787-1024x682.jpg\" alt=\"\" class=\"wp-image-19003\" srcset=\"https:\/\/contextoanalisisperiodistico.com\/wp-content\/uploads\/2023\/10\/img-20231001-wa00591820554111805887787-1024x682.jpg 1024w, https:\/\/contextoanalisisperiodistico.com\/wp-content\/uploads\/2023\/10\/img-20231001-wa00591820554111805887787-300x200.jpg 300w, https:\/\/contextoanalisisperiodistico.com\/wp-content\/uploads\/2023\/10\/img-20231001-wa00591820554111805887787-768x512.jpg 768w, https:\/\/contextoanalisisperiodistico.com\/wp-content\/uploads\/2023\/10\/img-20231001-wa00591820554111805887787-1536x1023.jpg 1536w, https:\/\/contextoanalisisperiodistico.com\/wp-content\/uploads\/2023\/10\/img-20231001-wa00591820554111805887787.jpg 1600w\" sizes=\"(max-width: 1024px) 100vw, 1024px\" \/><\/figure>\n","protected":false},"excerpt":{"rendered":"<p>\u2022 Este recurso forma parte del programa Trabajo que Transforma tu Municipio, bajo el nuevo&#8230;<\/p>\n","protected":false},"author":4,"featured_media":18998,"comment_status":"closed","ping_status":"open","sticky":false,"template":"","format":"standard","meta":{"footnotes":""},"categories":[9],"tags":[],"jetpack_sharing_enabled":true,"featured_image_urls":{"full":["https:\/\/contextoanalisisperiodistico.com\/wp-content\/uploads\/2023\/10\/IMG-20231001-WA0068.jpg",1600,1066,false],"thumbnail":["https:\/\/contextoanalisisperiodistico.com\/wp-content\/uploads\/2023\/10\/IMG-20231001-WA0068-150x150.jpg",150,150,true],"medium":["https:\/\/contextoanalisisperiodistico.com\/wp-content\/uploads\/2023\/10\/IMG-20231001-WA0068-300x200.jpg",300,200,true],"medium_large":["https:\/\/contextoanalisisperiodistico.com\/wp-content\/uploads\/2023\/10\/IMG-20231001-WA0068-768x512.jpg",640,427,true],"large":["https:\/\/contextoanalisisperiodistico.com\/wp-content\/uploads\/2023\/10\/IMG-20231001-WA0068-1024x682.jpg",640,426,true],"1536x1536":["https:\/\/contextoanalisisperiodistico.com\/wp-content\/uploads\/2023\/10\/IMG-20231001-WA0068-1536x1023.jpg",1536,1023,true],"2048x2048":["https:\/\/contextoanalisisperiodistico.com\/wp-content\/uploads\/2023\/10\/IMG-20231001-WA0068.jpg",1600,1066,false],"covernews-slider-full":["https:\/\/contextoanalisisperiodistico.com\/wp-content\/uploads\/2023\/10\/IMG-20231001-WA0068-1115x715.jpg",1115,715,true],"covernews-slider-center":["https:\/\/contextoanalisisperiodistico.com\/wp-content\/uploads\/2023\/10\/IMG-20231001-WA0068-800x500.jpg",800,500,true],"covernews-featured":["https:\/\/contextoanalisisperiodistico.com\/wp-content\/uploads\/2023\/10\/IMG-20231001-WA0068-1024x682.jpg",1024,682,true],"covernews-medium":["https:\/\/contextoanalisisperiodistico.com\/wp-content\/uploads\/2023\/10\/IMG-20231001-WA0068-540x340.jpg",540,340,true],"covernews-medium-square":["https:\/\/contextoanalisisperiodistico.com\/wp-content\/uploads\/2023\/10\/IMG-20231001-WA0068-400x250.jpg",400,250,true]},"author_info":{"display_name":"Mario Gir\u00f3n","author_link":"https:\/\/contextoanalisisperiodistico.com\/index.php\/author\/director\/"},"category_info":"<a href=\"https:\/\/contextoanalisisperiodistico.com\/index.php\/category\/politica\/\" rel=\"category tag\">Pol\u00edtica<\/a>","tag_info":"Pol\u00edtica","comment_count":"0","jetpack_featured_media_url":"https:\/\/contextoanalisisperiodistico.com\/wp-content\/uploads\/2023\/10\/IMG-20231001-WA0068.jpg","_links":{"self":[{"href":"https:\/\/contextoanalisisperiodistico.com\/index.php\/wp-json\/wp\/v2\/posts\/18997"}],"collection":[{"href":"https:\/\/contextoanalisisperiodistico.com\/index.php\/wp-json\/wp\/v2\/posts"}],"about":[{"href":"https:\/\/contextoanalisisperiodistico.com\/index.php\/wp-json\/wp\/v2\/types\/post"}],"author":[{"embeddable":true,"href":"https:\/\/contextoanalisisperiodistico.com\/index.php\/wp-json\/wp\/v2\/users\/4"}],"replies":[{"embeddable":true,"href":"https:\/\/contextoanalisisperiodistico.com\/index.php\/wp-json\/wp\/v2\/comments?post=18997"}],"version-history":[{"count":1,"href":"https:\/\/contextoanalisisperiodistico.com\/index.php\/wp-json\/wp\/v2\/posts\/18997\/revisions"}],"predecessor-version":[{"id":19004,"href":"https:\/\/contextoanalisisperiodistico.com\/index.php\/wp-json\/wp\/v2\/posts\/18997\/revisions\/19004"}],"wp:featuredmedia":[{"embeddable":true,"href":"https:\/\/contextoanalisisperiodistico.com\/index.php\/wp-json\/wp\/v2\/media\/18998"}],"wp:attachment":[{"href":"https:\/\/contextoanalisisperiodistico.com\/index.php\/wp-json\/wp\/v2\/media?parent=18997"}],"wp:term":[{"taxonomy":"category","embeddable":true,"href":"https:\/\/contextoanalisisperiodistico.com\/index.php\/wp-json\/wp\/v2\/categories?post=18997"},{"taxonomy":"post_tag","embeddable":true,"href":"https:\/\/contextoanalisisperiodistico.com\/index.php\/wp-json\/wp\/v2\/tags?post=18997"}],"curies":[{"name":"wp","href":"https:\/\/api.w.org\/{rel}","templated":true}]}}