{"id":18996,"date":"2023-10-01T15:33:24","date_gmt":"2023-10-01T21:33:24","guid":{"rendered":"https:\/\/contextoanalisisperiodistico.com\/index.php\/2023\/10\/01\/diverti-ruta-garantiza-a-familias-el-derecho-a-movilidad-y-sano-esparcimiento\/"},"modified":"2023-10-01T15:33:24","modified_gmt":"2023-10-01T21:33:24","slug":"diverti-ruta-garantiza-a-familias-el-derecho-a-movilidad-y-sano-esparcimiento","status":"publish","type":"post","link":"https:\/\/contextoanalisisperiodistico.com\/index.php\/2023\/10\/01\/diverti-ruta-garantiza-a-familias-el-derecho-a-movilidad-y-sano-esparcimiento\/","title":{"rendered":"Diverti Ruta garantiza a familias el derecho a movilidad y sano esparcimiento"},"content":{"rendered":"<div id=\"fb-root\"><\/div>\n\n<p>\u2022 Participaron dependencias gubernamentales con actividades l\u00fadicas, culturales, educativas y deportivas<\/p>\n\n\n\n<p>Oaxaca de Ju\u00e1rez, Oax., 1 de octubre de 2023.- Las calles volvieron a ser recuperadas para el sano esparcimiento de ni\u00f1as, ni\u00f1os, adolescentes y el p\u00fablico en general a trav\u00e9s del programa Diverti Ruta realizado este domingo.<\/p>\n\n\n\n<p>Con la presencia del Gobernador del Estado Salom\u00f3n Jara Cruz y la Presidenta Honoraria del Sistema para el Desarrollo Integral de la Familia (DIF) Oaxaca, Irma Bola\u00f1os Quijano, esta actividad reuni\u00f3 a familias completas que pasaron momentos agradables y que refuerzan esta c\u00e9lula b\u00e1sica social.<\/p>\n\n\n\n<p>Adem\u00e1s de esta oportunidad de convivencia arm\u00f3nica, las personas asistentes participaron en diversas actividades l\u00fadicas, culturales, educativas y deportivas, fomentando la participaci\u00f3n social de ni\u00f1as, ni\u00f1os y adolescentes quienes hist\u00f3ricamente han sido invisibilizados socialmente.<\/p>\n\n\n\n<p>Por ejemplo, el Sistema DIF Oaxaca cont\u00f3 con un m\u00f3dulo en el cual las ni\u00f1as y los ni\u00f1os participaron en la actividad de serpientes y escaleras de los derechos, que aborda los 20 derechos de las personas en desarrollo, la convenci\u00f3n de sus derechos, la inclusi\u00f3n de las personas con discapacidad, as\u00ed como los resultados de la consulta nacional \u00bfMe Escuchas? 2022, implementada por el Sistema DIF Nacional.<\/p>\n\n\n\n<p>En otro espacio, la Polic\u00eda Vial estatal brind\u00f3 a las infancias juegos como la loter\u00eda, memorama, rompecabezas y m\u00e1s; as\u00ed como los conocimientos de las principales reglas de vialidad como las zonas seguras para cruce de calles, conocer las luces del sem\u00e1foro, reconocer los sonidos del silbato y a una persona oficial de polic\u00eda vial.<\/p>\n\n\n\n<p>La Diverti Ruta es una convivencia con respeto e inclusi\u00f3n, implementada para garantizarle a la ni\u00f1ez su derecho al esparcimiento, al juego y a las actividades recreativas, as\u00ed como el derecho a la movilidad.<\/p>\n\n\n\n<p>En el marco de esta actividad, tambi\u00e9n se desarroll\u00f3 un concierto y exhibici\u00f3n con la Banda de M\u00fasica de la Polic\u00eda Estatal y el Grupo de Danz\u00f3n D\u00b4Gala<\/p>\n\n\n\n<p>-0-<\/p>\n\n\n\n<figure class=\"wp-block-image size-large\"><img fetchpriority=\"high\" decoding=\"async\" width=\"1024\" height=\"682\" src=\"https:\/\/contextoanalisisperiodistico.com\/wp-content\/uploads\/2023\/10\/img-20231001-wa0046697234871836227526-1024x682.jpg\" alt=\"\" class=\"wp-image-18993\" srcset=\"https:\/\/contextoanalisisperiodistico.com\/wp-content\/uploads\/2023\/10\/img-20231001-wa0046697234871836227526-1024x682.jpg 1024w, https:\/\/contextoanalisisperiodistico.com\/wp-content\/uploads\/2023\/10\/img-20231001-wa0046697234871836227526-300x200.jpg 300w, https:\/\/contextoanalisisperiodistico.com\/wp-content\/uploads\/2023\/10\/img-20231001-wa0046697234871836227526-768x512.jpg 768w, https:\/\/contextoanalisisperiodistico.com\/wp-content\/uploads\/2023\/10\/img-20231001-wa0046697234871836227526-1536x1023.jpg 1536w, https:\/\/contextoanalisisperiodistico.com\/wp-content\/uploads\/2023\/10\/img-20231001-wa0046697234871836227526.jpg 1600w\" sizes=\"(max-width: 1024px) 100vw, 1024px\" \/><\/figure>\n\n\n\n<figure class=\"wp-block-image\"><img decoding=\"async\" width=\"1024\" height=\"682\" src=\"https:\/\/contextoanalisisperiodistico.com\/wp-content\/uploads\/2023\/10\/img-20231001-wa00414901012821849946197-1024x682.jpg\" alt=\"\" class=\"wp-image-18994\" srcset=\"https:\/\/contextoanalisisperiodistico.com\/wp-content\/uploads\/2023\/10\/img-20231001-wa00414901012821849946197-1024x682.jpg 1024w, https:\/\/contextoanalisisperiodistico.com\/wp-content\/uploads\/2023\/10\/img-20231001-wa00414901012821849946197-300x200.jpg 300w, https:\/\/contextoanalisisperiodistico.com\/wp-content\/uploads\/2023\/10\/img-20231001-wa00414901012821849946197-768x512.jpg 768w, https:\/\/contextoanalisisperiodistico.com\/wp-content\/uploads\/2023\/10\/img-20231001-wa00414901012821849946197-1536x1023.jpg 1536w, https:\/\/contextoanalisisperiodistico.com\/wp-content\/uploads\/2023\/10\/img-20231001-wa00414901012821849946197.jpg 1600w\" sizes=\"(max-width: 1024px) 100vw, 1024px\" \/><\/figure>\n\n\n\n<figure class=\"wp-block-image\"><img decoding=\"async\" width=\"1024\" height=\"682\" src=\"https:\/\/contextoanalisisperiodistico.com\/wp-content\/uploads\/2023\/10\/img-20231001-wa00405474209811246476915-1024x682.jpg\" alt=\"\" class=\"wp-image-18995\" srcset=\"https:\/\/contextoanalisisperiodistico.com\/wp-content\/uploads\/2023\/10\/img-20231001-wa00405474209811246476915-1024x682.jpg 1024w, https:\/\/contextoanalisisperiodistico.com\/wp-content\/uploads\/2023\/10\/img-20231001-wa00405474209811246476915-300x200.jpg 300w, https:\/\/contextoanalisisperiodistico.com\/wp-content\/uploads\/2023\/10\/img-20231001-wa00405474209811246476915-768x512.jpg 768w, https:\/\/contextoanalisisperiodistico.com\/wp-content\/uploads\/2023\/10\/img-20231001-wa00405474209811246476915-1536x1023.jpg 1536w, https:\/\/contextoanalisisperiodistico.com\/wp-content\/uploads\/2023\/10\/img-20231001-wa00405474209811246476915.jpg 1600w\" sizes=\"(max-width: 1024px) 100vw, 1024px\" \/><\/figure>\n","protected":false},"excerpt":{"rendered":"<p>\u2022 Participaron dependencias gubernamentales con actividades l\u00fadicas, culturales, educativas y deportivas Oaxaca de Ju\u00e1rez, Oax.,&#8230;<\/p>\n","protected":false},"author":4,"featured_media":18992,"comment_status":"","ping_status":"open","sticky":false,"template":"","format":"standard","meta":{"footnotes":""},"categories":[9],"tags":[],"jetpack_sharing_enabled":true,"featured_image_urls":{"full":["https:\/\/contextoanalisisperiodistico.com\/wp-content\/uploads\/2023\/10\/IMG-20231001-WA0043.jpg",1600,1066,false],"thumbnail":["https:\/\/contextoanalisisperiodistico.com\/wp-content\/uploads\/2023\/10\/IMG-20231001-WA0043-150x150.jpg",150,150,true],"medium":["https:\/\/contextoanalisisperiodistico.com\/wp-content\/uploads\/2023\/10\/IMG-20231001-WA0043-300x200.jpg",300,200,true],"medium_large":["https:\/\/contextoanalisisperiodistico.com\/wp-content\/uploads\/2023\/10\/IMG-20231001-WA0043-768x512.jpg",640,427,true],"large":["https:\/\/contextoanalisisperiodistico.com\/wp-content\/uploads\/2023\/10\/IMG-20231001-WA0043-1024x682.jpg",640,426,true],"1536x1536":["https:\/\/contextoanalisisperiodistico.com\/wp-content\/uploads\/2023\/10\/IMG-20231001-WA0043-1536x1023.jpg",1536,1023,true],"2048x2048":["https:\/\/contextoanalisisperiodistico.com\/wp-content\/uploads\/2023\/10\/IMG-20231001-WA0043.jpg",1600,1066,false],"covernews-slider-full":["https:\/\/contextoanalisisperiodistico.com\/wp-content\/uploads\/2023\/10\/IMG-20231001-WA0043-1115x715.jpg",1115,715,true],"covernews-slider-center":["https:\/\/contextoanalisisperiodistico.com\/wp-content\/uploads\/2023\/10\/IMG-20231001-WA0043-800x500.jpg",800,500,true],"covernews-featured":["https:\/\/contextoanalisisperiodistico.com\/wp-content\/uploads\/2023\/10\/IMG-20231001-WA0043-1024x682.jpg",1024,682,true],"covernews-medium":["https:\/\/contextoanalisisperiodistico.com\/wp-content\/uploads\/2023\/10\/IMG-20231001-WA0043-540x340.jpg",540,340,true],"covernews-medium-square":["https:\/\/contextoanalisisperiodistico.com\/wp-content\/uploads\/2023\/10\/IMG-20231001-WA0043-400x250.jpg",400,250,true]},"author_info":{"display_name":"Mario Gir\u00f3n","author_link":"https:\/\/contextoanalisisperiodistico.com\/index.php\/author\/director\/"},"category_info":"<a href=\"https:\/\/contextoanalisisperiodistico.com\/index.php\/category\/politica\/\" rel=\"category tag\">Pol\u00edtica<\/a>","tag_info":"Pol\u00edtica","comment_count":"0","jetpack_featured_media_url":"https:\/\/contextoanalisisperiodistico.com\/wp-content\/uploads\/2023\/10\/IMG-20231001-WA0043.jpg","_links":{"self":[{"href":"https:\/\/contextoanalisisperiodistico.com\/index.php\/wp-json\/wp\/v2\/posts\/18996"}],"collection":[{"href":"https:\/\/contextoanalisisperiodistico.com\/index.php\/wp-json\/wp\/v2\/posts"}],"about":[{"href":"https:\/\/contextoanalisisperiodistico.com\/index.php\/wp-json\/wp\/v2\/types\/post"}],"author":[{"embeddable":true,"href":"https:\/\/contextoanalisisperiodistico.com\/index.php\/wp-json\/wp\/v2\/users\/4"}],"replies":[{"embeddable":true,"href":"https:\/\/contextoanalisisperiodistico.com\/index.php\/wp-json\/wp\/v2\/comments?post=18996"}],"version-history":[{"count":0,"href":"https:\/\/contextoanalisisperiodistico.com\/index.php\/wp-json\/wp\/v2\/posts\/18996\/revisions"}],"wp:featuredmedia":[{"embeddable":true,"href":"https:\/\/contextoanalisisperiodistico.com\/index.php\/wp-json\/wp\/v2\/media\/18992"}],"wp:attachment":[{"href":"https:\/\/contextoanalisisperiodistico.com\/index.php\/wp-json\/wp\/v2\/media?parent=18996"}],"wp:term":[{"taxonomy":"category","embeddable":true,"href":"https:\/\/contextoanalisisperiodistico.com\/index.php\/wp-json\/wp\/v2\/categories?post=18996"},{"taxonomy":"post_tag","embeddable":true,"href":"https:\/\/contextoanalisisperiodistico.com\/index.php\/wp-json\/wp\/v2\/tags?post=18996"}],"curies":[{"name":"wp","href":"https:\/\/api.w.org\/{rel}","templated":true}]}}