{"id":18912,"date":"2023-09-29T19:57:58","date_gmt":"2023-09-30T01:57:58","guid":{"rendered":"https:\/\/contextoanalisisperiodistico.com\/?p=18912"},"modified":"2023-09-29T19:58:30","modified_gmt":"2023-09-30T01:58:30","slug":"gobierno-de-oaxaca-trabaja-por-la-soberania-alimentaria-y-autosuficiencia-en-maiz","status":"publish","type":"post","link":"https:\/\/contextoanalisisperiodistico.com\/index.php\/2023\/09\/29\/gobierno-de-oaxaca-trabaja-por-la-soberania-alimentaria-y-autosuficiencia-en-maiz\/","title":{"rendered":"<em>Gobierno de Oaxaca trabaja por la soberan\u00eda alimentaria y<\/em> <em> autosuficiencia en ma\u00edz<\/em>"},"content":{"rendered":"<div id=\"fb-root\"><\/div>\n\n<p>\u2022 En el marco de la celebraci\u00f3n del D\u00eda Nacional del Ma\u00edz el Gobernador del Estado inform\u00f3 que se crean 100 bancos comunitarios de semillas y se impulsa la construcci\u00f3n de 100 biof\u00e1bricas para el control biol\u00f3gico de plagas<\/p>\n\n\n\n<p>Oaxaca de Ju\u00e1rez, Oax. 29 de septiembre de 2023.- En el marco del D\u00eda Nacional del Ma\u00edz, el Gobernador Salom\u00f3n Jara Cruz inform\u00f3 que canalizan esfuerzos para alcanzar la soberan\u00eda alimentaria y la autosuficiencia en este grano, por ello se trabaja en la creaci\u00f3n de 100 bancos comunitarios de semillas y se impulsa la construcci\u00f3n de 100 biof\u00e1bricas para el control biol\u00f3gico de plagas y enfermedades.<\/p>\n\n\n\n<p>En un mensaje difundido hacia productoras y productores de ma\u00edz, se\u00f1al\u00f3 que la soberan\u00eda alimentaria constituye una piedra angular para esta administraci\u00f3n, por lo que se busca conservar las 35 razas de ma\u00edz que se conservan en Oaxaca y que representan el 70 por ciento de la diversidad nacional.<\/p>\n\n\n\n<p>Las biof\u00e1bricas, abund\u00f3, dar\u00e1n atenci\u00f3n a 328 municipios para lograr mejores cosechas y la autosuficiencia en ma\u00edz, a trav\u00e9s del uso de tecnolog\u00edas adecuadas.<\/p>\n\n\n\n<p>El mensaje del Mandatario se difundi\u00f3 en la celebraci\u00f3n que se realiza en el z\u00f3calo de la ciudad, con la que se enaltece el valor econ\u00f3mico, cultural, hist\u00f3rico y alimentario que tiene el ma\u00edz para el pueblo de M\u00e9xico, \u201cel ma\u00edz es una herencia de nuestros pueblos que nos da sustento de identidad como mexicanos\u201d, afirm\u00f3.<\/p>\n\n\n\n<p>M\u00e9xico conserva \u2013dijo- la mayor riqueza de ma\u00edz con 59 razas nativas y cinco introducidas, lo cual cobra mayor importancia en nuestros pueblos con vocaci\u00f3n productiva, por ello se impulsan pol\u00edticas p\u00fablicas para la preservaci\u00f3n de las semillas nativas y que sean cultivadas con t\u00e9cnicas agroecol\u00f3gicas que no contaminen el medio ambiente.<\/p>\n\n\n\n<p>Conmemora Sefader D\u00eda Nacional del Ma\u00edz<\/p>\n\n\n\n<p>En tanto, la Secretar\u00eda de Fomento Agroalimentario y Desarrollo Rural (Sefader) conmemor\u00f3 el D\u00eda Nacional del Ma\u00edz con un encuentro en el que participaron productoras, productores, entidades gubernamentales, no gubernamentales, la academia y p\u00fablico en general.<\/p>\n\n\n\n<p>Instituciones y organismos sociales instalaron espacios demostrativos en los que se mostr\u00f3 la riqueza en manejo, uso y preservaci\u00f3n de las 35 razas de ma\u00edz criollo en los 16 pueblos originarios y el afromexicano del estado.<\/p>\n\n\n\n<p>El titular de la Sefader V\u00edctor L\u00f3pez Leyva destac\u00f3 que el ma\u00edz es una especie generada y domesticada en M\u00e9xico, que se cultiva en millones de hect\u00e1reas y es uno de los principales alimentos a nivel mundial.<\/p>\n\n\n\n<p>Dijo que el Gobierno de Salom\u00f3n Jara Cruz busca garantizar la alimentaci\u00f3n de las y los oaxaque\u00f1os a trav\u00e9s de diversos programas gubernamentales, especialmente el de Abasto Seguro de Ma\u00edz y Autosuficiencia Alimentaria.<\/p>\n\n\n\n<p>La Sefader da tambi\u00e9n acompa\u00f1amiento t\u00e9cnico para hacer m\u00e1s productivos los cultivos e impulsa pol\u00edticas p\u00fablicas que ayuden a la preservaci\u00f3n de las semillas nativas con t\u00e9cnicas agroecol\u00f3gicas que no contaminen el medio ambiente.<\/p>\n\n\n\n<p>Por su parte el subsecretario de Seguridad Alimentaria, Flavio Arag\u00f3n Cuevas enfatiz\u00f3 la gran vocaci\u00f3n que tiene Oaxaca en la producci\u00f3n de este grano y destac\u00f3 la meta de crear 100 bancos comunitarios de semillas para conservar las razas nativas de ma\u00edz y sus cultivos asociados.<\/p>\n\n\n\n<figure class=\"wp-block-image size-large\"><img fetchpriority=\"high\" decoding=\"async\" width=\"1024\" height=\"682\" src=\"https:\/\/contextoanalisisperiodistico.com\/wp-content\/uploads\/2023\/09\/img-20230929-wa0096328334879167038249-1024x682.jpg\" alt=\"\" class=\"wp-image-18915\" srcset=\"https:\/\/contextoanalisisperiodistico.com\/wp-content\/uploads\/2023\/09\/img-20230929-wa0096328334879167038249-1024x682.jpg 1024w, https:\/\/contextoanalisisperiodistico.com\/wp-content\/uploads\/2023\/09\/img-20230929-wa0096328334879167038249-300x200.jpg 300w, https:\/\/contextoanalisisperiodistico.com\/wp-content\/uploads\/2023\/09\/img-20230929-wa0096328334879167038249-768x512.jpg 768w, https:\/\/contextoanalisisperiodistico.com\/wp-content\/uploads\/2023\/09\/img-20230929-wa0096328334879167038249-1536x1023.jpg 1536w, https:\/\/contextoanalisisperiodistico.com\/wp-content\/uploads\/2023\/09\/img-20230929-wa0096328334879167038249.jpg 1600w\" sizes=\"(max-width: 1024px) 100vw, 1024px\" \/><\/figure>\n\n\n\n<figure class=\"wp-block-image\"><img decoding=\"async\" width=\"1024\" height=\"682\" src=\"https:\/\/contextoanalisisperiodistico.com\/wp-content\/uploads\/2023\/09\/img-20230929-wa00986097856812683583705-1024x682.jpg\" alt=\"\" class=\"wp-image-18914\" srcset=\"https:\/\/contextoanalisisperiodistico.com\/wp-content\/uploads\/2023\/09\/img-20230929-wa00986097856812683583705-1024x682.jpg 1024w, https:\/\/contextoanalisisperiodistico.com\/wp-content\/uploads\/2023\/09\/img-20230929-wa00986097856812683583705-300x200.jpg 300w, https:\/\/contextoanalisisperiodistico.com\/wp-content\/uploads\/2023\/09\/img-20230929-wa00986097856812683583705-768x512.jpg 768w, https:\/\/contextoanalisisperiodistico.com\/wp-content\/uploads\/2023\/09\/img-20230929-wa00986097856812683583705-1536x1023.jpg 1536w, https:\/\/contextoanalisisperiodistico.com\/wp-content\/uploads\/2023\/09\/img-20230929-wa00986097856812683583705.jpg 1600w\" sizes=\"(max-width: 1024px) 100vw, 1024px\" \/><\/figure>\n\n\n\n<figure class=\"wp-block-image\"><img decoding=\"async\" width=\"1024\" height=\"682\" src=\"https:\/\/contextoanalisisperiodistico.com\/wp-content\/uploads\/2023\/09\/img-20230929-wa00977845966110142733907-1024x682.jpg\" alt=\"\" class=\"wp-image-18916\" srcset=\"https:\/\/contextoanalisisperiodistico.com\/wp-content\/uploads\/2023\/09\/img-20230929-wa00977845966110142733907-1024x682.jpg 1024w, https:\/\/contextoanalisisperiodistico.com\/wp-content\/uploads\/2023\/09\/img-20230929-wa00977845966110142733907-300x200.jpg 300w, https:\/\/contextoanalisisperiodistico.com\/wp-content\/uploads\/2023\/09\/img-20230929-wa00977845966110142733907-768x512.jpg 768w, https:\/\/contextoanalisisperiodistico.com\/wp-content\/uploads\/2023\/09\/img-20230929-wa00977845966110142733907-1536x1023.jpg 1536w, https:\/\/contextoanalisisperiodistico.com\/wp-content\/uploads\/2023\/09\/img-20230929-wa00977845966110142733907.jpg 1600w\" sizes=\"(max-width: 1024px) 100vw, 1024px\" \/><\/figure>\n","protected":false},"excerpt":{"rendered":"<p>\u2022 En el marco de la celebraci\u00f3n del D\u00eda Nacional del Ma\u00edz el Gobernador del&#8230;<\/p>\n","protected":false},"author":4,"featured_media":18913,"comment_status":"closed","ping_status":"open","sticky":false,"template":"","format":"standard","meta":{"footnotes":""},"categories":[7],"tags":[],"jetpack_sharing_enabled":true,"featured_image_urls":{"full":["https:\/\/contextoanalisisperiodistico.com\/wp-content\/uploads\/2023\/09\/IMG-20230929-WA0101.jpg",1600,1066,false],"thumbnail":["https:\/\/contextoanalisisperiodistico.com\/wp-content\/uploads\/2023\/09\/IMG-20230929-WA0101-150x150.jpg",150,150,true],"medium":["https:\/\/contextoanalisisperiodistico.com\/wp-content\/uploads\/2023\/09\/IMG-20230929-WA0101-300x200.jpg",300,200,true],"medium_large":["https:\/\/contextoanalisisperiodistico.com\/wp-content\/uploads\/2023\/09\/IMG-20230929-WA0101-768x512.jpg",640,427,true],"large":["https:\/\/contextoanalisisperiodistico.com\/wp-content\/uploads\/2023\/09\/IMG-20230929-WA0101-1024x682.jpg",640,426,true],"1536x1536":["https:\/\/contextoanalisisperiodistico.com\/wp-content\/uploads\/2023\/09\/IMG-20230929-WA0101-1536x1023.jpg",1536,1023,true],"2048x2048":["https:\/\/contextoanalisisperiodistico.com\/wp-content\/uploads\/2023\/09\/IMG-20230929-WA0101.jpg",1600,1066,false],"covernews-slider-full":["https:\/\/contextoanalisisperiodistico.com\/wp-content\/uploads\/2023\/09\/IMG-20230929-WA0101-1115x715.jpg",1115,715,true],"covernews-slider-center":["https:\/\/contextoanalisisperiodistico.com\/wp-content\/uploads\/2023\/09\/IMG-20230929-WA0101-800x500.jpg",800,500,true],"covernews-featured":["https:\/\/contextoanalisisperiodistico.com\/wp-content\/uploads\/2023\/09\/IMG-20230929-WA0101-1024x682.jpg",1024,682,true],"covernews-medium":["https:\/\/contextoanalisisperiodistico.com\/wp-content\/uploads\/2023\/09\/IMG-20230929-WA0101-540x340.jpg",540,340,true],"covernews-medium-square":["https:\/\/contextoanalisisperiodistico.com\/wp-content\/uploads\/2023\/09\/IMG-20230929-WA0101-400x250.jpg",400,250,true]},"author_info":{"display_name":"Mario Gir\u00f3n","author_link":"https:\/\/contextoanalisisperiodistico.com\/index.php\/author\/director\/"},"category_info":"<a href=\"https:\/\/contextoanalisisperiodistico.com\/index.php\/category\/municipios\/\" rel=\"category tag\">Municipios<\/a>","tag_info":"Municipios","comment_count":"0","jetpack_featured_media_url":"https:\/\/contextoanalisisperiodistico.com\/wp-content\/uploads\/2023\/09\/IMG-20230929-WA0101.jpg","_links":{"self":[{"href":"https:\/\/contextoanalisisperiodistico.com\/index.php\/wp-json\/wp\/v2\/posts\/18912"}],"collection":[{"href":"https:\/\/contextoanalisisperiodistico.com\/index.php\/wp-json\/wp\/v2\/posts"}],"about":[{"href":"https:\/\/contextoanalisisperiodistico.com\/index.php\/wp-json\/wp\/v2\/types\/post"}],"author":[{"embeddable":true,"href":"https:\/\/contextoanalisisperiodistico.com\/index.php\/wp-json\/wp\/v2\/users\/4"}],"replies":[{"embeddable":true,"href":"https:\/\/contextoanalisisperiodistico.com\/index.php\/wp-json\/wp\/v2\/comments?post=18912"}],"version-history":[{"count":1,"href":"https:\/\/contextoanalisisperiodistico.com\/index.php\/wp-json\/wp\/v2\/posts\/18912\/revisions"}],"predecessor-version":[{"id":18917,"href":"https:\/\/contextoanalisisperiodistico.com\/index.php\/wp-json\/wp\/v2\/posts\/18912\/revisions\/18917"}],"wp:featuredmedia":[{"embeddable":true,"href":"https:\/\/contextoanalisisperiodistico.com\/index.php\/wp-json\/wp\/v2\/media\/18913"}],"wp:attachment":[{"href":"https:\/\/contextoanalisisperiodistico.com\/index.php\/wp-json\/wp\/v2\/media?parent=18912"}],"wp:term":[{"taxonomy":"category","embeddable":true,"href":"https:\/\/contextoanalisisperiodistico.com\/index.php\/wp-json\/wp\/v2\/categories?post=18912"},{"taxonomy":"post_tag","embeddable":true,"href":"https:\/\/contextoanalisisperiodistico.com\/index.php\/wp-json\/wp\/v2\/tags?post=18912"}],"curies":[{"name":"wp","href":"https:\/\/api.w.org\/{rel}","templated":true}]}}