{"id":18893,"date":"2023-09-29T17:14:27","date_gmt":"2023-09-29T23:14:27","guid":{"rendered":"https:\/\/contextoanalisisperiodistico.com\/?p=18893"},"modified":"2023-09-29T17:15:37","modified_gmt":"2023-09-29T23:15:37","slug":"entrega-ieepo-material-didactico-para-programa-sigamos-aprendiendo-en-el-hospital","status":"publish","type":"post","link":"https:\/\/contextoanalisisperiodistico.com\/index.php\/2023\/09\/29\/entrega-ieepo-material-didactico-para-programa-sigamos-aprendiendo-en-el-hospital\/","title":{"rendered":"Entrega IEEPO material did\u00e1ctico para programa Sigamos Aprendiendo\u2026 en el Hospital"},"content":{"rendered":"<div id=\"fb-root\"><\/div>\n\n<p>\u2022 El director general Emilio Montero P\u00e9rez acudi\u00f3 al Hospital de la Ni\u00f1ez Oaxaque\u00f1a donde funcionan aulas hospitalarias<\/p>\n\n\n\n<figure class=\"wp-block-image size-large\"><img fetchpriority=\"high\" decoding=\"async\" width=\"1024\" height=\"682\" src=\"https:\/\/contextoanalisisperiodistico.com\/wp-content\/uploads\/2023\/09\/img-20230929-wa00717961330591723723256-1024x682.jpg\" alt=\"\" class=\"wp-image-18897\" srcset=\"https:\/\/contextoanalisisperiodistico.com\/wp-content\/uploads\/2023\/09\/img-20230929-wa00717961330591723723256-1024x682.jpg 1024w, https:\/\/contextoanalisisperiodistico.com\/wp-content\/uploads\/2023\/09\/img-20230929-wa00717961330591723723256-300x200.jpg 300w, https:\/\/contextoanalisisperiodistico.com\/wp-content\/uploads\/2023\/09\/img-20230929-wa00717961330591723723256-768x511.jpg 768w, https:\/\/contextoanalisisperiodistico.com\/wp-content\/uploads\/2023\/09\/img-20230929-wa00717961330591723723256.jpg 1280w\" sizes=\"(max-width: 1024px) 100vw, 1024px\" \/><\/figure>\n\n\n\n<figure class=\"wp-block-image\"><img decoding=\"async\" width=\"1024\" height=\"682\" src=\"https:\/\/contextoanalisisperiodistico.com\/wp-content\/uploads\/2023\/09\/img-20230929-wa00735505818511064532239-1024x682.jpg\" alt=\"\" class=\"wp-image-18895\" srcset=\"https:\/\/contextoanalisisperiodistico.com\/wp-content\/uploads\/2023\/09\/img-20230929-wa00735505818511064532239-1024x682.jpg 1024w, https:\/\/contextoanalisisperiodistico.com\/wp-content\/uploads\/2023\/09\/img-20230929-wa00735505818511064532239-300x200.jpg 300w, https:\/\/contextoanalisisperiodistico.com\/wp-content\/uploads\/2023\/09\/img-20230929-wa00735505818511064532239-768x511.jpg 768w, https:\/\/contextoanalisisperiodistico.com\/wp-content\/uploads\/2023\/09\/img-20230929-wa00735505818511064532239.jpg 1280w\" sizes=\"(max-width: 1024px) 100vw, 1024px\" \/><\/figure>\n\n\n\n<figure class=\"wp-block-image\"><img decoding=\"async\" width=\"1024\" height=\"682\" src=\"https:\/\/contextoanalisisperiodistico.com\/wp-content\/uploads\/2023\/09\/img-20230929-wa00742442879556337631352-1024x682.jpg\" alt=\"\" class=\"wp-image-18896\" srcset=\"https:\/\/contextoanalisisperiodistico.com\/wp-content\/uploads\/2023\/09\/img-20230929-wa00742442879556337631352-1024x682.jpg 1024w, https:\/\/contextoanalisisperiodistico.com\/wp-content\/uploads\/2023\/09\/img-20230929-wa00742442879556337631352-300x200.jpg 300w, https:\/\/contextoanalisisperiodistico.com\/wp-content\/uploads\/2023\/09\/img-20230929-wa00742442879556337631352-768x511.jpg 768w, https:\/\/contextoanalisisperiodistico.com\/wp-content\/uploads\/2023\/09\/img-20230929-wa00742442879556337631352.jpg 1280w\" sizes=\"(max-width: 1024px) 100vw, 1024px\" \/><\/figure>\n\n\n\n<figure class=\"wp-block-image\"><img loading=\"lazy\" decoding=\"async\" width=\"1024\" height=\"682\" src=\"https:\/\/contextoanalisisperiodistico.com\/wp-content\/uploads\/2023\/09\/img-20230929-wa00727712282119372888271-1024x682.jpg\" alt=\"\" class=\"wp-image-18898\" srcset=\"https:\/\/contextoanalisisperiodistico.com\/wp-content\/uploads\/2023\/09\/img-20230929-wa00727712282119372888271-1024x682.jpg 1024w, https:\/\/contextoanalisisperiodistico.com\/wp-content\/uploads\/2023\/09\/img-20230929-wa00727712282119372888271-300x200.jpg 300w, https:\/\/contextoanalisisperiodistico.com\/wp-content\/uploads\/2023\/09\/img-20230929-wa00727712282119372888271-768x511.jpg 768w, https:\/\/contextoanalisisperiodistico.com\/wp-content\/uploads\/2023\/09\/img-20230929-wa00727712282119372888271.jpg 1280w\" sizes=\"(max-width: 1024px) 100vw, 1024px\" \/><\/figure>\n\n\n\n<p>San Bartolo Coyotepec, Oax., 29 de septiembre de 2023.- En apoyo a las actividades del programa Sigamos Aprendiendo\u2026en el Hospital, a trav\u00e9s del cual ni\u00f1as, ni\u00f1os y adolescentes que por motivos de salud se encuentran hospitalizados o en tratamiento m\u00e9dico pueden continuar con su educaci\u00f3n b\u00e1sica, el Instituto Estatal de Educaci\u00f3n P\u00fablica de Oaxaca (IEEPO) entreg\u00f3 paquetes de materiales did\u00e1cticos.<\/p>\n\n\n\n<p>En el marco del mes de la Concientizaci\u00f3n del C\u00e1ncer Infantil y muestra del sentido incluyente y humanista que distingue a la administraci\u00f3n del Gobernador Salom\u00f3n Jara Cruz, el director general del Instituto, Emilio Montero P\u00e9rez encabez\u00f3 la entrega de estos apoyos a las aulas que funcionan dentro del Hospital de la Ni\u00f1ez Oaxaque\u00f1a.<\/p>\n\n\n\n<p>Ante el director del nosocomio, Ricardo R\u00edos L\u00f3pez, el funcionario se\u00f1al\u00f3 que una de las premisas fundamentales de la actual pol\u00edtica social y educativa es plantear l\u00edneas de acci\u00f3n orientadas a favorecer a la poblaci\u00f3n en riesgo de vulnerabilidad; por ello, para garantizar el acceso a la educaci\u00f3n se da un nuevo y mayor impulso al programa Sigamos Aprendiendo\u2026en el Hospital, que contribuye a la disminuci\u00f3n del rezago educativo.<\/p>\n\n\n\n<p>Indic\u00f3 que a trav\u00e9s de este esquema se brinda atenci\u00f3n a pacientes en edad escolar en los modelos de aula hospitalaria y ambulatoria o en cama para quienes tienen impedimento en desplazarse o se encuentran en aislamiento.<\/p>\n\n\n\n<p>Bajo un esquema de cooperaci\u00f3n y suma de esfuerzos entre la Secretar\u00eda de Salud y el IEEPO, explic\u00f3 que en Oaxaca 2 mil 500 ni\u00f1as, ni\u00f1os y adolescentes son atendidos en ocho instituciones m\u00e9dicas de diferentes regiones, para que nadie se quede atr\u00e1s ni fuera.<\/p>\n\n\n\n<p>El objetivo de Sigamos Aprendiendo\u2026 en el Hospital es \u201cser un programa que imparte una aut\u00e9ntica formaci\u00f3n humanista a pacientes y estudiantes de educaci\u00f3n b\u00e1sica hospitalizados, brindando una atenci\u00f3n integral, fomentando valores como la honestidad, la igualdad, humildad inclusi\u00f3n y respeto\u201d, puntualiz\u00f3.<\/p>\n\n\n\n<p>Asistieron tambi\u00e9n, la subdirectora general Ejecutiva, Mar\u00eda Francisca Antonio Santiago; la directora de Desarrollo Educativo, Karina Santiago Santiago, personal m\u00e9dico y docentes adscritos a las aulas hospitalarias.<br \/>-0-<\/p>\n","protected":false},"excerpt":{"rendered":"<p>\u2022 El director general Emilio Montero P\u00e9rez acudi\u00f3 al Hospital de la Ni\u00f1ez Oaxaque\u00f1a donde&#8230;<\/p>\n","protected":false},"author":4,"featured_media":18894,"comment_status":"closed","ping_status":"open","sticky":false,"template":"","format":"standard","meta":{"footnotes":""},"categories":[9],"tags":[],"jetpack_sharing_enabled":true,"featured_image_urls":{"full":["https:\/\/contextoanalisisperiodistico.com\/wp-content\/uploads\/2023\/09\/IMG-20230929-WA0070.jpg",1280,854,false],"thumbnail":["https:\/\/contextoanalisisperiodistico.com\/wp-content\/uploads\/2023\/09\/IMG-20230929-WA0070-150x150.jpg",150,150,true],"medium":["https:\/\/contextoanalisisperiodistico.com\/wp-content\/uploads\/2023\/09\/IMG-20230929-WA0070-300x200.jpg",300,200,true],"medium_large":["https:\/\/contextoanalisisperiodistico.com\/wp-content\/uploads\/2023\/09\/IMG-20230929-WA0070-768x512.jpg",640,427,true],"large":["https:\/\/contextoanalisisperiodistico.com\/wp-content\/uploads\/2023\/09\/IMG-20230929-WA0070-1024x683.jpg",640,427,true],"1536x1536":["https:\/\/contextoanalisisperiodistico.com\/wp-content\/uploads\/2023\/09\/IMG-20230929-WA0070.jpg",1280,854,false],"2048x2048":["https:\/\/contextoanalisisperiodistico.com\/wp-content\/uploads\/2023\/09\/IMG-20230929-WA0070.jpg",1280,854,false],"covernews-slider-full":["https:\/\/contextoanalisisperiodistico.com\/wp-content\/uploads\/2023\/09\/IMG-20230929-WA0070-1115x715.jpg",1115,715,true],"covernews-slider-center":["https:\/\/contextoanalisisperiodistico.com\/wp-content\/uploads\/2023\/09\/IMG-20230929-WA0070-800x500.jpg",800,500,true],"covernews-featured":["https:\/\/contextoanalisisperiodistico.com\/wp-content\/uploads\/2023\/09\/IMG-20230929-WA0070-1024x683.jpg",1024,683,true],"covernews-medium":["https:\/\/contextoanalisisperiodistico.com\/wp-content\/uploads\/2023\/09\/IMG-20230929-WA0070-540x340.jpg",540,340,true],"covernews-medium-square":["https:\/\/contextoanalisisperiodistico.com\/wp-content\/uploads\/2023\/09\/IMG-20230929-WA0070-400x250.jpg",400,250,true]},"author_info":{"display_name":"Mario Gir\u00f3n","author_link":"https:\/\/contextoanalisisperiodistico.com\/index.php\/author\/director\/"},"category_info":"<a href=\"https:\/\/contextoanalisisperiodistico.com\/index.php\/category\/politica\/\" rel=\"category tag\">Pol\u00edtica<\/a>","tag_info":"Pol\u00edtica","comment_count":"0","jetpack_featured_media_url":"https:\/\/contextoanalisisperiodistico.com\/wp-content\/uploads\/2023\/09\/IMG-20230929-WA0070.jpg","_links":{"self":[{"href":"https:\/\/contextoanalisisperiodistico.com\/index.php\/wp-json\/wp\/v2\/posts\/18893"}],"collection":[{"href":"https:\/\/contextoanalisisperiodistico.com\/index.php\/wp-json\/wp\/v2\/posts"}],"about":[{"href":"https:\/\/contextoanalisisperiodistico.com\/index.php\/wp-json\/wp\/v2\/types\/post"}],"author":[{"embeddable":true,"href":"https:\/\/contextoanalisisperiodistico.com\/index.php\/wp-json\/wp\/v2\/users\/4"}],"replies":[{"embeddable":true,"href":"https:\/\/contextoanalisisperiodistico.com\/index.php\/wp-json\/wp\/v2\/comments?post=18893"}],"version-history":[{"count":1,"href":"https:\/\/contextoanalisisperiodistico.com\/index.php\/wp-json\/wp\/v2\/posts\/18893\/revisions"}],"predecessor-version":[{"id":18899,"href":"https:\/\/contextoanalisisperiodistico.com\/index.php\/wp-json\/wp\/v2\/posts\/18893\/revisions\/18899"}],"wp:featuredmedia":[{"embeddable":true,"href":"https:\/\/contextoanalisisperiodistico.com\/index.php\/wp-json\/wp\/v2\/media\/18894"}],"wp:attachment":[{"href":"https:\/\/contextoanalisisperiodistico.com\/index.php\/wp-json\/wp\/v2\/media?parent=18893"}],"wp:term":[{"taxonomy":"category","embeddable":true,"href":"https:\/\/contextoanalisisperiodistico.com\/index.php\/wp-json\/wp\/v2\/categories?post=18893"},{"taxonomy":"post_tag","embeddable":true,"href":"https:\/\/contextoanalisisperiodistico.com\/index.php\/wp-json\/wp\/v2\/tags?post=18893"}],"curies":[{"name":"wp","href":"https:\/\/api.w.org\/{rel}","templated":true}]}}