{"id":18885,"date":"2023-09-29T17:03:34","date_gmt":"2023-09-29T23:03:34","guid":{"rendered":"https:\/\/contextoanalisisperiodistico.com\/?p=18885"},"modified":"2023-09-29T17:04:27","modified_gmt":"2023-09-29T23:04:27","slug":"municipio-capitalino-realiza-la-feria-de-emprendimiento-social-y-de-agencias-municipales-colores-de-oaxaca","status":"publish","type":"post","link":"https:\/\/contextoanalisisperiodistico.com\/index.php\/2023\/09\/29\/municipio-capitalino-realiza-la-feria-de-emprendimiento-social-y-de-agencias-municipales-colores-de-oaxaca\/","title":{"rendered":"Municipio capitalino realiza la Feria de Emprendimiento Social y de Agencias Municipales \u00abColores de Oaxaca\u00bb"},"content":{"rendered":"<div id=\"fb-root\"><\/div>\n\n<p>\u2022 Se fortalecer la econom\u00eda local y estimula el esp\u00edritu emprendedor de las y los habitantes de las agencias municipales.<\/p>\n\n\n\n<p>Oaxaca de Ju\u00e1rez, Oax., a 29 de septiembre de 2023.- En medio de una atm\u00f3sfera vibrante que celebra la hermandad, el presidente municipal de Oaxaca de Ju\u00e1rez, Francisco Mart\u00ednez Neri, inaugur\u00f3 la Feria de Emprendimiento Social y de Agencias Municipales \u00abColores de Oaxaca\u00bb, un evento organizado por la Secretar\u00eda de Desarroll\u00f3 Econ\u00f3mico, del gobierno municipal, que promueve las iniciativas comunitarias y el emprendimiento local.<\/p>\n\n\n\n<p>Con la participaci\u00f3n de 50 expositores, venidos de diversas agencias, se presenta una variada gama de productos artesanales, textiles y agroindustriales.<\/p>\n\n\n\n<p>L,a feria se llevar\u00e1 a cabo los d\u00edas 29 y 30 de septiembre, en la Plaza de la Danza, de 10 de la ma\u00f1ana a 8 de la noche.<\/p>\n\n\n\n<p>Los expositores son habitantes de las agencias municipales participantes, como Pueblo Nuevo, San Mart\u00edn Mexicapam, Candiani, Dolores, Donaj\u00ed y San Felipe del Agua.<\/p>\n\n\n\n<p>En intervenci\u00f3n, el agente municipal de Donaj\u00ed, Gerardo Anselmo Garz\u00f3n Mat\u00edas, expres\u00f3 su agradecimiento al edil Mart\u00ednez Neri por promover estas iniciativas donde los habitantes pueden mostrar sus productos 100% oaxaque\u00f1os.<\/p>\n\n\n\n<p>Acompa\u00f1ado por la regidora de Hacienda Municipal y de Transparencia y Gobierno Abierto, Judith Carre\u00f1o Hern\u00e1ndez; la regidora de Seguridad Ciudadana y Movilidad y de Agencias y Colonias, Claudia Tapia Nolasco; el secretario de Desarrollo Econ\u00f3mico Jos\u00e9 Manuel V\u00e1squez C\u00f3rdova; el agente municipal de Donaj\u00ed, Gerardo Anselmo Garz\u00f3n Mat\u00edas; el agente de polic\u00eda de San Luis Beltr\u00e1n, \u00c1ngel Andr\u00e9s Acevedo P\u00e9rez; el agente de polic\u00eda de Candiani, Felipe Antonio Garc\u00eda Paz; la agenta municipal de San Mart\u00edn Mexicapam, Azucena Hern\u00e1ndez V\u00e1squez; y la agenta de polic\u00eda de Dolores, Magdalena Rebeca Silva Luna, el primer concejal, Mart\u00ednez Neri enfatiz\u00f3 la importancia de continuar promoviendo estas acciones, proporcionando un espacio donde las personas de diferentes agencias en Oaxaca pueden reunirse y ofrecer sus productos \u00fanicos , subrayando la necesidad de realzar a\u00fan m\u00e1s la actividad comercial de Oaxaca de Ju\u00e1rez y reconocer la destacada labor realizada por las agentas y agentes.<\/p>\n\n\n\n<p>La feria \u00abColores de Oaxaca\u00bb representa una celebraci\u00f3n del emprendimiento local, la cultura y la unidad entre las agencias municipales.<\/p>\n\n\n\n<p>El municipio de Oaxaca de Ju\u00e1rez invita a todos a asistir y apoyar a estos talentosos y dedicados emprendedores mientras se abraza la rica diversidad cultural de Oaxaca.<\/p>\n\n\n\n<figure class=\"wp-block-image size-large\"><img fetchpriority=\"high\" decoding=\"async\" width=\"1024\" height=\"684\" src=\"https:\/\/contextoanalisisperiodistico.com\/wp-content\/uploads\/2023\/09\/img-20230929-wa0084169795880958945027-1024x684.jpg\" alt=\"\" class=\"wp-image-18887\" srcset=\"https:\/\/contextoanalisisperiodistico.com\/wp-content\/uploads\/2023\/09\/img-20230929-wa0084169795880958945027-1024x684.jpg 1024w, https:\/\/contextoanalisisperiodistico.com\/wp-content\/uploads\/2023\/09\/img-20230929-wa0084169795880958945027-300x200.jpg 300w, https:\/\/contextoanalisisperiodistico.com\/wp-content\/uploads\/2023\/09\/img-20230929-wa0084169795880958945027-768x513.jpg 768w, https:\/\/contextoanalisisperiodistico.com\/wp-content\/uploads\/2023\/09\/img-20230929-wa0084169795880958945027-1536x1026.jpg 1536w, https:\/\/contextoanalisisperiodistico.com\/wp-content\/uploads\/2023\/09\/img-20230929-wa0084169795880958945027.jpg 1600w\" sizes=\"(max-width: 1024px) 100vw, 1024px\" \/><\/figure>\n\n\n\n<figure class=\"wp-block-image\"><img decoding=\"async\" width=\"1024\" height=\"684\" src=\"https:\/\/contextoanalisisperiodistico.com\/wp-content\/uploads\/2023\/09\/img-20230929-wa00882101408831617961296-1024x684.jpg\" alt=\"\" class=\"wp-image-18889\" srcset=\"https:\/\/contextoanalisisperiodistico.com\/wp-content\/uploads\/2023\/09\/img-20230929-wa00882101408831617961296-1024x684.jpg 1024w, https:\/\/contextoanalisisperiodistico.com\/wp-content\/uploads\/2023\/09\/img-20230929-wa00882101408831617961296-300x200.jpg 300w, https:\/\/contextoanalisisperiodistico.com\/wp-content\/uploads\/2023\/09\/img-20230929-wa00882101408831617961296-768x513.jpg 768w, https:\/\/contextoanalisisperiodistico.com\/wp-content\/uploads\/2023\/09\/img-20230929-wa00882101408831617961296-1536x1026.jpg 1536w, https:\/\/contextoanalisisperiodistico.com\/wp-content\/uploads\/2023\/09\/img-20230929-wa00882101408831617961296.jpg 1600w\" sizes=\"(max-width: 1024px) 100vw, 1024px\" \/><\/figure>\n\n\n\n<figure class=\"wp-block-image\"><img decoding=\"async\" width=\"1024\" height=\"684\" src=\"https:\/\/contextoanalisisperiodistico.com\/wp-content\/uploads\/2023\/09\/img-20230929-wa00868241780883028630872-1024x684.jpg\" alt=\"\" class=\"wp-image-18888\" srcset=\"https:\/\/contextoanalisisperiodistico.com\/wp-content\/uploads\/2023\/09\/img-20230929-wa00868241780883028630872-1024x684.jpg 1024w, https:\/\/contextoanalisisperiodistico.com\/wp-content\/uploads\/2023\/09\/img-20230929-wa00868241780883028630872-300x200.jpg 300w, https:\/\/contextoanalisisperiodistico.com\/wp-content\/uploads\/2023\/09\/img-20230929-wa00868241780883028630872-768x513.jpg 768w, https:\/\/contextoanalisisperiodistico.com\/wp-content\/uploads\/2023\/09\/img-20230929-wa00868241780883028630872-1536x1026.jpg 1536w, https:\/\/contextoanalisisperiodistico.com\/wp-content\/uploads\/2023\/09\/img-20230929-wa00868241780883028630872.jpg 1600w\" sizes=\"(max-width: 1024px) 100vw, 1024px\" \/><\/figure>\n\n\n\n<figure class=\"wp-block-image\"><img loading=\"lazy\" decoding=\"async\" width=\"1024\" height=\"684\" src=\"https:\/\/contextoanalisisperiodistico.com\/wp-content\/uploads\/2023\/09\/img-20230929-wa00877976681669100452671-1024x684.jpg\" alt=\"\" class=\"wp-image-18891\" srcset=\"https:\/\/contextoanalisisperiodistico.com\/wp-content\/uploads\/2023\/09\/img-20230929-wa00877976681669100452671-1024x684.jpg 1024w, https:\/\/contextoanalisisperiodistico.com\/wp-content\/uploads\/2023\/09\/img-20230929-wa00877976681669100452671-300x200.jpg 300w, https:\/\/contextoanalisisperiodistico.com\/wp-content\/uploads\/2023\/09\/img-20230929-wa00877976681669100452671-768x513.jpg 768w, https:\/\/contextoanalisisperiodistico.com\/wp-content\/uploads\/2023\/09\/img-20230929-wa00877976681669100452671-1536x1026.jpg 1536w, https:\/\/contextoanalisisperiodistico.com\/wp-content\/uploads\/2023\/09\/img-20230929-wa00877976681669100452671.jpg 1600w\" sizes=\"(max-width: 1024px) 100vw, 1024px\" \/><\/figure>\n\n\n\n<figure class=\"wp-block-image\"><img loading=\"lazy\" decoding=\"async\" width=\"1024\" height=\"684\" src=\"https:\/\/contextoanalisisperiodistico.com\/wp-content\/uploads\/2023\/09\/img-20230929-wa00837028575802275733566-1024x684.jpg\" alt=\"\" class=\"wp-image-18890\" srcset=\"https:\/\/contextoanalisisperiodistico.com\/wp-content\/uploads\/2023\/09\/img-20230929-wa00837028575802275733566-1024x684.jpg 1024w, https:\/\/contextoanalisisperiodistico.com\/wp-content\/uploads\/2023\/09\/img-20230929-wa00837028575802275733566-300x200.jpg 300w, https:\/\/contextoanalisisperiodistico.com\/wp-content\/uploads\/2023\/09\/img-20230929-wa00837028575802275733566-768x513.jpg 768w, https:\/\/contextoanalisisperiodistico.com\/wp-content\/uploads\/2023\/09\/img-20230929-wa00837028575802275733566-1536x1026.jpg 1536w, https:\/\/contextoanalisisperiodistico.com\/wp-content\/uploads\/2023\/09\/img-20230929-wa00837028575802275733566.jpg 1600w\" sizes=\"(max-width: 1024px) 100vw, 1024px\" \/><\/figure>\n","protected":false},"excerpt":{"rendered":"<p>\u2022 Se fortalecer la econom\u00eda local y estimula el esp\u00edritu emprendedor de las y los&#8230;<\/p>\n","protected":false},"author":4,"featured_media":18886,"comment_status":"closed","ping_status":"open","sticky":false,"template":"","format":"standard","meta":{"footnotes":""},"categories":[9],"tags":[],"jetpack_sharing_enabled":true,"featured_image_urls":{"full":["https:\/\/contextoanalisisperiodistico.com\/wp-content\/uploads\/2023\/09\/IMG-20230929-WA0085.jpg",1600,1069,false],"thumbnail":["https:\/\/contextoanalisisperiodistico.com\/wp-content\/uploads\/2023\/09\/IMG-20230929-WA0085-150x150.jpg",150,150,true],"medium":["https:\/\/contextoanalisisperiodistico.com\/wp-content\/uploads\/2023\/09\/IMG-20230929-WA0085-300x200.jpg",300,200,true],"medium_large":["https:\/\/contextoanalisisperiodistico.com\/wp-content\/uploads\/2023\/09\/IMG-20230929-WA0085-768x513.jpg",640,428,true],"large":["https:\/\/contextoanalisisperiodistico.com\/wp-content\/uploads\/2023\/09\/IMG-20230929-WA0085-1024x684.jpg",640,428,true],"1536x1536":["https:\/\/contextoanalisisperiodistico.com\/wp-content\/uploads\/2023\/09\/IMG-20230929-WA0085-1536x1026.jpg",1536,1026,true],"2048x2048":["https:\/\/contextoanalisisperiodistico.com\/wp-content\/uploads\/2023\/09\/IMG-20230929-WA0085.jpg",1600,1069,false],"covernews-slider-full":["https:\/\/contextoanalisisperiodistico.com\/wp-content\/uploads\/2023\/09\/IMG-20230929-WA0085-1115x715.jpg",1115,715,true],"covernews-slider-center":["https:\/\/contextoanalisisperiodistico.com\/wp-content\/uploads\/2023\/09\/IMG-20230929-WA0085-800x500.jpg",800,500,true],"covernews-featured":["https:\/\/contextoanalisisperiodistico.com\/wp-content\/uploads\/2023\/09\/IMG-20230929-WA0085-1024x684.jpg",1024,684,true],"covernews-medium":["https:\/\/contextoanalisisperiodistico.com\/wp-content\/uploads\/2023\/09\/IMG-20230929-WA0085-540x340.jpg",540,340,true],"covernews-medium-square":["https:\/\/contextoanalisisperiodistico.com\/wp-content\/uploads\/2023\/09\/IMG-20230929-WA0085-400x250.jpg",400,250,true]},"author_info":{"display_name":"Mario Gir\u00f3n","author_link":"https:\/\/contextoanalisisperiodistico.com\/index.php\/author\/director\/"},"category_info":"<a href=\"https:\/\/contextoanalisisperiodistico.com\/index.php\/category\/politica\/\" rel=\"category tag\">Pol\u00edtica<\/a>","tag_info":"Pol\u00edtica","comment_count":"0","jetpack_featured_media_url":"https:\/\/contextoanalisisperiodistico.com\/wp-content\/uploads\/2023\/09\/IMG-20230929-WA0085.jpg","_links":{"self":[{"href":"https:\/\/contextoanalisisperiodistico.com\/index.php\/wp-json\/wp\/v2\/posts\/18885"}],"collection":[{"href":"https:\/\/contextoanalisisperiodistico.com\/index.php\/wp-json\/wp\/v2\/posts"}],"about":[{"href":"https:\/\/contextoanalisisperiodistico.com\/index.php\/wp-json\/wp\/v2\/types\/post"}],"author":[{"embeddable":true,"href":"https:\/\/contextoanalisisperiodistico.com\/index.php\/wp-json\/wp\/v2\/users\/4"}],"replies":[{"embeddable":true,"href":"https:\/\/contextoanalisisperiodistico.com\/index.php\/wp-json\/wp\/v2\/comments?post=18885"}],"version-history":[{"count":1,"href":"https:\/\/contextoanalisisperiodistico.com\/index.php\/wp-json\/wp\/v2\/posts\/18885\/revisions"}],"predecessor-version":[{"id":18892,"href":"https:\/\/contextoanalisisperiodistico.com\/index.php\/wp-json\/wp\/v2\/posts\/18885\/revisions\/18892"}],"wp:featuredmedia":[{"embeddable":true,"href":"https:\/\/contextoanalisisperiodistico.com\/index.php\/wp-json\/wp\/v2\/media\/18886"}],"wp:attachment":[{"href":"https:\/\/contextoanalisisperiodistico.com\/index.php\/wp-json\/wp\/v2\/media?parent=18885"}],"wp:term":[{"taxonomy":"category","embeddable":true,"href":"https:\/\/contextoanalisisperiodistico.com\/index.php\/wp-json\/wp\/v2\/categories?post=18885"},{"taxonomy":"post_tag","embeddable":true,"href":"https:\/\/contextoanalisisperiodistico.com\/index.php\/wp-json\/wp\/v2\/tags?post=18885"}],"curies":[{"name":"wp","href":"https:\/\/api.w.org\/{rel}","templated":true}]}}