{"id":18871,"date":"2023-09-29T13:48:46","date_gmt":"2023-09-29T19:48:46","guid":{"rendered":"https:\/\/contextoanalisisperiodistico.com\/?p=18871"},"modified":"2023-09-29T13:52:13","modified_gmt":"2023-09-29T19:52:13","slug":"fortalecen-prevencion-para-la-construccion-de-paz-atienden-a-3-mil-personas-de-30-centros-escolares","status":"publish","type":"post","link":"https:\/\/contextoanalisisperiodistico.com\/index.php\/2023\/09\/29\/fortalecen-prevencion-para-la-construccion-de-paz-atienden-a-3-mil-personas-de-30-centros-escolares\/","title":{"rendered":"Fortalecen Prevenci\u00f3n para la Construcci\u00f3n de la Paz"},"content":{"rendered":"<div id=\"fb-root\"><\/div>\n\n<p>\u2022 La SSPC atendi\u00f3 a la comunidad estudiantil de los municipios de Santiago Juxtlahuaca, la Heroica Ciudad de Tlaxiaco, Tamazul\u00e1pam del Progreso y Asunci\u00f3n Nochixtl\u00e1n en la regi\u00f3n de la Mixteca<\/p>\n\n\n\n<p>\u2022 Atienden a tres mil personas de 30 centros escolares <\/p>\n\n\n\n<p>Oaxaca de Ju\u00e1rez, Oax. 29 de septiembre de 2023.- La Secretar\u00eda de Seguridad y Protecci\u00f3n Ciudadana (SSPC) atendi\u00f3 a m\u00e1s de tres mil personas de 30 centros educativos de los municipios de Santiago Juxtlahuaca, la Heroica Ciudad de Tlaxiaco, Tamazul\u00e1pam del Progreso y Asunci\u00f3n Nochixtl\u00e1n en la regi\u00f3n de la Mixteca, donde se realiz\u00f3 la Jornada de Paz y Justicia para Mujeres, Adolescentes y Ni\u00f1as.<\/p>\n\n\n\n<p>Con el programa de Prevenci\u00f3n para Construcci\u00f3n de Paz, la SSPC a cargo de Iv\u00e1n Garc\u00eda \u00c1lvarez llev\u00f3 a cabo pl\u00e1ticas informativas a estudiantes, docentes, padres y madres de familia de al menos 30 escuelas como parte de las acciones que impulsa el Gobierno de Salom\u00f3n Jara Cruz.<\/p>\n\n\n\n<p>En el marco del eje estrat\u00e9gico un Nuevo Pacto Social que comprende las pol\u00edticas del fomento a la cultura de la paz, la seguridad, la legalidad y la gobernabilidad, estas acciones se realizan en coordinaci\u00f3n con el Secretariado Ejecutivo del Sistema Estatal de Seguridad P\u00fablica (SESESP).<\/p>\n\n\n\n<p>El personal de la Direcci\u00f3n de Prevenci\u00f3n del Delito y Participaci\u00f3n Ciudadana de la SSPC brind\u00f3 informaci\u00f3n para la prevenci\u00f3n del abuso sexual infantil, acoso escolar, prevenci\u00f3n de adicciones, y abord\u00f3 temas como el papel de la familia en la prevenci\u00f3n del delito, entre otros.<\/p>\n\n\n\n<p>El objetivo de estas acciones es incentivar la participaci\u00f3n de todos los sectores de la sociedad para promover la prevenci\u00f3n de situaciones de riesgo en la comunidad estudiantil e involucrarla en la construcci\u00f3n de la paz para el pleno desarrollo de las familias oaxaque\u00f1as.<\/p>\n\n\n\n<p>La SSPC fomenta acciones integrales para fortalecer la seguridad en todos los municipios del estado desde la coordinaci\u00f3n con la sociedad y los tres \u00f3rdenes de gobierno para consolidar el Nuevo Pacto Social en el que la justicia, igualdad y la reparaci\u00f3n hist\u00f3rica de los pueblos sea una realidad.<\/p>\n\n\n\n<p>Las Jornada de Paz y Justicia son una acci\u00f3n impulsada por el SESESP en el marco del D\u00eda Naranja que se celebra los d\u00edas 25 de cada mes, tal y como lo ha instruido el Gobernador Salom\u00f3n Jara Cruz, a fin de prevenir y erradicar todo tipo de violencia hacia las mujeres, adolescentes y ni\u00f1as.<\/p>\n\n\n\n<p><\/p>\n\n\n\n<figure class=\"wp-block-image size-large\"><img fetchpriority=\"high\" decoding=\"async\" width=\"1024\" height=\"682\" src=\"https:\/\/contextoanalisisperiodistico.com\/wp-content\/uploads\/2023\/09\/img-20230929-wa0050402077652918394652.jpg\" alt=\"\" class=\"wp-image-18873\" srcset=\"https:\/\/contextoanalisisperiodistico.com\/wp-content\/uploads\/2023\/09\/img-20230929-wa0050402077652918394652.jpg 1024w, https:\/\/contextoanalisisperiodistico.com\/wp-content\/uploads\/2023\/09\/img-20230929-wa0050402077652918394652-300x200.jpg 300w, https:\/\/contextoanalisisperiodistico.com\/wp-content\/uploads\/2023\/09\/img-20230929-wa0050402077652918394652-768x512.jpg 768w\" sizes=\"(max-width: 1024px) 100vw, 1024px\" \/><\/figure>\n\n\n\n<figure class=\"wp-block-image\"><img decoding=\"async\" width=\"300\" height=\"225\" src=\"https:\/\/contextoanalisisperiodistico.com\/wp-content\/uploads\/2023\/09\/img-20230929-wa00494675344386784012999-300x225.jpg\" alt=\"\" class=\"wp-image-18874\" srcset=\"https:\/\/contextoanalisisperiodistico.com\/wp-content\/uploads\/2023\/09\/img-20230929-wa00494675344386784012999-300x225.jpg 300w, https:\/\/contextoanalisisperiodistico.com\/wp-content\/uploads\/2023\/09\/img-20230929-wa00494675344386784012999-768x576.jpg 768w, https:\/\/contextoanalisisperiodistico.com\/wp-content\/uploads\/2023\/09\/img-20230929-wa00494675344386784012999.jpg 1024w\" sizes=\"(max-width: 300px) 100vw, 300px\" \/><\/figure>\n\n\n\n<figure class=\"wp-block-image\"><img decoding=\"async\" width=\"300\" height=\"225\" src=\"https:\/\/contextoanalisisperiodistico.com\/wp-content\/uploads\/2023\/09\/img-20230929-wa0045527789628514001507-300x225.jpg\" alt=\"\" class=\"wp-image-18876\" srcset=\"https:\/\/contextoanalisisperiodistico.com\/wp-content\/uploads\/2023\/09\/img-20230929-wa0045527789628514001507-300x225.jpg 300w, https:\/\/contextoanalisisperiodistico.com\/wp-content\/uploads\/2023\/09\/img-20230929-wa0045527789628514001507-768x576.jpg 768w, https:\/\/contextoanalisisperiodistico.com\/wp-content\/uploads\/2023\/09\/img-20230929-wa0045527789628514001507.jpg 1024w\" sizes=\"(max-width: 300px) 100vw, 300px\" \/><\/figure>\n\n\n\n<figure class=\"wp-block-image\"><img loading=\"lazy\" decoding=\"async\" width=\"300\" height=\"225\" src=\"https:\/\/contextoanalisisperiodistico.com\/wp-content\/uploads\/2023\/09\/img-20230929-wa00467291465568013066299-300x225.jpg\" alt=\"\" class=\"wp-image-18875\" srcset=\"https:\/\/contextoanalisisperiodistico.com\/wp-content\/uploads\/2023\/09\/img-20230929-wa00467291465568013066299-300x225.jpg 300w, https:\/\/contextoanalisisperiodistico.com\/wp-content\/uploads\/2023\/09\/img-20230929-wa00467291465568013066299-768x576.jpg 768w, https:\/\/contextoanalisisperiodistico.com\/wp-content\/uploads\/2023\/09\/img-20230929-wa00467291465568013066299.jpg 1024w\" sizes=\"(max-width: 300px) 100vw, 300px\" \/><\/figure>\n","protected":false},"excerpt":{"rendered":"<p>\u2022 La SSPC atendi\u00f3 a la comunidad estudiantil de los municipios de Santiago Juxtlahuaca, la&#8230;<\/p>\n","protected":false},"author":4,"featured_media":18872,"comment_status":"closed","ping_status":"open","sticky":false,"template":"","format":"standard","meta":{"footnotes":""},"categories":[9],"tags":[],"jetpack_sharing_enabled":true,"featured_image_urls":{"full":["https:\/\/contextoanalisisperiodistico.com\/wp-content\/uploads\/2023\/09\/IMG-20230929-WA0047.jpg",1024,768,false],"thumbnail":["https:\/\/contextoanalisisperiodistico.com\/wp-content\/uploads\/2023\/09\/IMG-20230929-WA0047-150x150.jpg",150,150,true],"medium":["https:\/\/contextoanalisisperiodistico.com\/wp-content\/uploads\/2023\/09\/IMG-20230929-WA0047-300x225.jpg",300,225,true],"medium_large":["https:\/\/contextoanalisisperiodistico.com\/wp-content\/uploads\/2023\/09\/IMG-20230929-WA0047-768x576.jpg",640,480,true],"large":["https:\/\/contextoanalisisperiodistico.com\/wp-content\/uploads\/2023\/09\/IMG-20230929-WA0047.jpg",640,480,false],"1536x1536":["https:\/\/contextoanalisisperiodistico.com\/wp-content\/uploads\/2023\/09\/IMG-20230929-WA0047.jpg",1024,768,false],"2048x2048":["https:\/\/contextoanalisisperiodistico.com\/wp-content\/uploads\/2023\/09\/IMG-20230929-WA0047.jpg",1024,768,false],"covernews-slider-full":["https:\/\/contextoanalisisperiodistico.com\/wp-content\/uploads\/2023\/09\/IMG-20230929-WA0047-1024x715.jpg",1024,715,true],"covernews-slider-center":["https:\/\/contextoanalisisperiodistico.com\/wp-content\/uploads\/2023\/09\/IMG-20230929-WA0047-800x500.jpg",800,500,true],"covernews-featured":["https:\/\/contextoanalisisperiodistico.com\/wp-content\/uploads\/2023\/09\/IMG-20230929-WA0047.jpg",1024,768,false],"covernews-medium":["https:\/\/contextoanalisisperiodistico.com\/wp-content\/uploads\/2023\/09\/IMG-20230929-WA0047-540x340.jpg",540,340,true],"covernews-medium-square":["https:\/\/contextoanalisisperiodistico.com\/wp-content\/uploads\/2023\/09\/IMG-20230929-WA0047-400x250.jpg",400,250,true]},"author_info":{"display_name":"Mario Gir\u00f3n","author_link":"https:\/\/contextoanalisisperiodistico.com\/index.php\/author\/director\/"},"category_info":"<a href=\"https:\/\/contextoanalisisperiodistico.com\/index.php\/category\/politica\/\" rel=\"category tag\">Pol\u00edtica<\/a>","tag_info":"Pol\u00edtica","comment_count":"0","jetpack_featured_media_url":"https:\/\/contextoanalisisperiodistico.com\/wp-content\/uploads\/2023\/09\/IMG-20230929-WA0047.jpg","_links":{"self":[{"href":"https:\/\/contextoanalisisperiodistico.com\/index.php\/wp-json\/wp\/v2\/posts\/18871"}],"collection":[{"href":"https:\/\/contextoanalisisperiodistico.com\/index.php\/wp-json\/wp\/v2\/posts"}],"about":[{"href":"https:\/\/contextoanalisisperiodistico.com\/index.php\/wp-json\/wp\/v2\/types\/post"}],"author":[{"embeddable":true,"href":"https:\/\/contextoanalisisperiodistico.com\/index.php\/wp-json\/wp\/v2\/users\/4"}],"replies":[{"embeddable":true,"href":"https:\/\/contextoanalisisperiodistico.com\/index.php\/wp-json\/wp\/v2\/comments?post=18871"}],"version-history":[{"count":2,"href":"https:\/\/contextoanalisisperiodistico.com\/index.php\/wp-json\/wp\/v2\/posts\/18871\/revisions"}],"predecessor-version":[{"id":18878,"href":"https:\/\/contextoanalisisperiodistico.com\/index.php\/wp-json\/wp\/v2\/posts\/18871\/revisions\/18878"}],"wp:featuredmedia":[{"embeddable":true,"href":"https:\/\/contextoanalisisperiodistico.com\/index.php\/wp-json\/wp\/v2\/media\/18872"}],"wp:attachment":[{"href":"https:\/\/contextoanalisisperiodistico.com\/index.php\/wp-json\/wp\/v2\/media?parent=18871"}],"wp:term":[{"taxonomy":"category","embeddable":true,"href":"https:\/\/contextoanalisisperiodistico.com\/index.php\/wp-json\/wp\/v2\/categories?post=18871"},{"taxonomy":"post_tag","embeddable":true,"href":"https:\/\/contextoanalisisperiodistico.com\/index.php\/wp-json\/wp\/v2\/tags?post=18871"}],"curies":[{"name":"wp","href":"https:\/\/api.w.org\/{rel}","templated":true}]}}