{"id":18864,"date":"2023-09-29T12:01:49","date_gmt":"2023-09-29T18:01:49","guid":{"rendered":"https:\/\/contextoanalisisperiodistico.com\/?p=18864"},"modified":"2023-09-29T12:03:24","modified_gmt":"2023-09-29T18:03:24","slug":"madre-e-hijo-nacido-en-tuxtepec-se-encuentran-en-buenas-condiciones-de-salud","status":"publish","type":"post","link":"https:\/\/contextoanalisisperiodistico.com\/index.php\/2023\/09\/29\/madre-e-hijo-nacido-en-tuxtepec-se-encuentran-en-buenas-condiciones-de-salud\/","title":{"rendered":"Madre e hijo nacido en Tuxtepec, en buenas condiciones de salud"},"content":{"rendered":"<div id=\"fb-root\"><\/div>\n\n<p>San Juan Bautista Tuxtepec, Oax., 29 de septiembre de 2023.- Los Servicios de Salud de Oaxaca (SSO) informa que ante los hechos suscitados en el Hospital de San Juan Bautista Tuxtepec, la paciente de 19 a\u00f1os de edad, que dio a luz con 38 semanas de gestaci\u00f3n y su beb\u00e9, se encuentran con signos vitales estables y sin complicaciones.<\/p>\n\n\n\n<p>Afirm\u00f3 que la madre, residente de Loma de Piedra en San Lucas Ojitl\u00e1n, se encuentra cursando un puerperio dentro de los par\u00e1metros normales.<\/p>\n\n\n\n<p>Tambi\u00e9n, que el reci\u00e9n nacido tuvo un peso de 2 kilos 330 gramos, midi\u00f3 46 cent\u00edmetros y se encuentra bien de salud, bajo observaci\u00f3n m\u00e9dica, recibiendo los cuidados del personal de salud.<\/p>\n\n\n\n<p>Cabe destacar que el d\u00eda 28 de septiembre, la paciente, quien cursaba su segundo embarazo, ingres\u00f3 al nosocomio de Tuxtepec a las 18:00 horas con adecuada frecuencia card\u00edaca fetal y con dos cent\u00edmetros de dilataci\u00f3n, por lo que se mantuvo en observaci\u00f3n.<\/p>\n\n\n\n<p>A las 19:55 horas, en espera de que el trabajo de parto avanzara, la paciente acudi\u00f3 al sanitario de la sala de espera donde present\u00f3 expulsi\u00f3n de producto sin que este cayera al piso.<\/p>\n\n\n\n<p>Ante los hechos suscitados, el personal de enfermer\u00eda y m\u00e9dicos acudieron de inmediato a la atenci\u00f3n del binomio, para ingresarlos a tococirug\u00eda.<\/p>\n\n\n\n<p>La dependencia indica que el d\u00eda 28 de septiembre el personal atendi\u00f3 13 partos en este nosocomio, priorizando la atenci\u00f3n de las mujeres embarazadas, con apego a la normatividad vigente y procurando el bienestar de la poblaci\u00f3n.<\/p>\n\n\n\n<p>-0-<\/p>\n","protected":false},"excerpt":{"rendered":"<p>San Juan Bautista Tuxtepec, Oax., 29 de septiembre de 2023.- Los Servicios de Salud de&#8230;<\/p>\n","protected":false},"author":4,"featured_media":18865,"comment_status":"closed","ping_status":"open","sticky":false,"template":"","format":"standard","meta":{"footnotes":""},"categories":[92],"tags":[],"jetpack_sharing_enabled":true,"featured_image_urls":{"full":["https:\/\/contextoanalisisperiodistico.com\/wp-content\/uploads\/2023\/09\/IMG-20230929-WA0030.jpg",1024,1024,false],"thumbnail":["https:\/\/contextoanalisisperiodistico.com\/wp-content\/uploads\/2023\/09\/IMG-20230929-WA0030-150x150.jpg",150,150,true],"medium":["https:\/\/contextoanalisisperiodistico.com\/wp-content\/uploads\/2023\/09\/IMG-20230929-WA0030-300x300.jpg",300,300,true],"medium_large":["https:\/\/contextoanalisisperiodistico.com\/wp-content\/uploads\/2023\/09\/IMG-20230929-WA0030-768x768.jpg",640,640,true],"large":["https:\/\/contextoanalisisperiodistico.com\/wp-content\/uploads\/2023\/09\/IMG-20230929-WA0030.jpg",640,640,false],"1536x1536":["https:\/\/contextoanalisisperiodistico.com\/wp-content\/uploads\/2023\/09\/IMG-20230929-WA0030.jpg",1024,1024,false],"2048x2048":["https:\/\/contextoanalisisperiodistico.com\/wp-content\/uploads\/2023\/09\/IMG-20230929-WA0030.jpg",1024,1024,false],"covernews-slider-full":["https:\/\/contextoanalisisperiodistico.com\/wp-content\/uploads\/2023\/09\/IMG-20230929-WA0030-1024x715.jpg",1024,715,true],"covernews-slider-center":["https:\/\/contextoanalisisperiodistico.com\/wp-content\/uploads\/2023\/09\/IMG-20230929-WA0030-800x500.jpg",800,500,true],"covernews-featured":["https:\/\/contextoanalisisperiodistico.com\/wp-content\/uploads\/2023\/09\/IMG-20230929-WA0030.jpg",1024,1024,false],"covernews-medium":["https:\/\/contextoanalisisperiodistico.com\/wp-content\/uploads\/2023\/09\/IMG-20230929-WA0030-540x340.jpg",540,340,true],"covernews-medium-square":["https:\/\/contextoanalisisperiodistico.com\/wp-content\/uploads\/2023\/09\/IMG-20230929-WA0030-400x250.jpg",400,250,true]},"author_info":{"display_name":"Mario Gir\u00f3n","author_link":"https:\/\/contextoanalisisperiodistico.com\/index.php\/author\/director\/"},"category_info":"<a href=\"https:\/\/contextoanalisisperiodistico.com\/index.php\/category\/salud\/\" rel=\"category tag\">Salud<\/a>","tag_info":"Salud","comment_count":"0","jetpack_featured_media_url":"https:\/\/contextoanalisisperiodistico.com\/wp-content\/uploads\/2023\/09\/IMG-20230929-WA0030.jpg","_links":{"self":[{"href":"https:\/\/contextoanalisisperiodistico.com\/index.php\/wp-json\/wp\/v2\/posts\/18864"}],"collection":[{"href":"https:\/\/contextoanalisisperiodistico.com\/index.php\/wp-json\/wp\/v2\/posts"}],"about":[{"href":"https:\/\/contextoanalisisperiodistico.com\/index.php\/wp-json\/wp\/v2\/types\/post"}],"author":[{"embeddable":true,"href":"https:\/\/contextoanalisisperiodistico.com\/index.php\/wp-json\/wp\/v2\/users\/4"}],"replies":[{"embeddable":true,"href":"https:\/\/contextoanalisisperiodistico.com\/index.php\/wp-json\/wp\/v2\/comments?post=18864"}],"version-history":[{"count":2,"href":"https:\/\/contextoanalisisperiodistico.com\/index.php\/wp-json\/wp\/v2\/posts\/18864\/revisions"}],"predecessor-version":[{"id":18867,"href":"https:\/\/contextoanalisisperiodistico.com\/index.php\/wp-json\/wp\/v2\/posts\/18864\/revisions\/18867"}],"wp:featuredmedia":[{"embeddable":true,"href":"https:\/\/contextoanalisisperiodistico.com\/index.php\/wp-json\/wp\/v2\/media\/18865"}],"wp:attachment":[{"href":"https:\/\/contextoanalisisperiodistico.com\/index.php\/wp-json\/wp\/v2\/media?parent=18864"}],"wp:term":[{"taxonomy":"category","embeddable":true,"href":"https:\/\/contextoanalisisperiodistico.com\/index.php\/wp-json\/wp\/v2\/categories?post=18864"},{"taxonomy":"post_tag","embeddable":true,"href":"https:\/\/contextoanalisisperiodistico.com\/index.php\/wp-json\/wp\/v2\/tags?post=18864"}],"curies":[{"name":"wp","href":"https:\/\/api.w.org\/{rel}","templated":true}]}}