{"id":18835,"date":"2023-09-28T20:20:58","date_gmt":"2023-09-29T02:20:58","guid":{"rendered":"https:\/\/contextoanalisisperiodistico.com\/?p=18835"},"modified":"2023-09-28T20:21:46","modified_gmt":"2023-09-29T02:21:46","slug":"establece-sso-mecanismos-para-mejorar-seguridad-de-pacientes-en-hospital-aurelio-valdivieso","status":"publish","type":"post","link":"https:\/\/contextoanalisisperiodistico.com\/index.php\/2023\/09\/28\/establece-sso-mecanismos-para-mejorar-seguridad-de-pacientes-en-hospital-aurelio-valdivieso\/","title":{"rendered":"Establece SSO mecanismos para mejorar seguridad de pacientes en Hospital Aurelio Valdivieso"},"content":{"rendered":"<div id=\"fb-root\"><\/div>\n\n<p>\u2022 Implementan ocho acciones de seguridad recomendadas por la OMS<\/p>\n\n\n\n<p>\u2022 El nosocomio atiende en promedio mil 500 consultas de especialidad al mes<\/p>\n\n\n\n<p>Oaxaca de Ju\u00e1rez, Oax., 28 de septiembre de 2023.- Con el objetivo de garantizar que las intervenciones m\u00e9dicas se ejerzan de manera precisa, con \u00e9tica y bajo la normatividad vigente, para el mantenimiento y recuperacio\u0301n de la salud, el Hospital General Doctor Aurelio Valdivieso de los Servicios de Salud de Oaxaca (SSO), llev\u00f3 a cabo el curso Fomentando la Cultura de Seguridad al Paciente a trav\u00e9s del Sistema Unificado de Gesti\u00f3n, dirigido al personal de este nosocomio.<\/p>\n\n\n\n<p>Durante la inauguraci\u00f3n, la jefa del departamento de Atenci\u00f3n a la Calidad Tania Soledad P\u00e9rez Robles destac\u00f3 la importancia de impulsar y fomentar entre las y los trabajadores la cultura de protecci\u00f3n a las personas usuarias para evitar riesgos adversos, mediante la aplicaci\u00f3n de ocho acciones de seguridad recomendadas por la Organizaci\u00f3n Mundial de la Salud (OMS).<\/p>\n\n\n\n<p>Estas son: Identificaci\u00f3n correcta del paciente, Comunicaci\u00f3n efectiva, Seguridad en los procesos de medicaci\u00f3n, Reducci\u00f3n de riesgos de infecciones asociadas a la atenci\u00f3n de la salud, Reducci\u00f3n de riesgo de da\u00f1o al paciente por ca\u00eddas, Registro y An\u00e1lisis de eventos adversos y Cultura de seguridad al paciente.<\/p>\n\n\n\n<p>Por su parte, el director del nosocomio Bernardo Herrera Ju\u00e1rez destac\u00f3 que esta capacitaci\u00f3n permitir\u00e1 construir un sistema hospitalario como lo merecen las familias oaxaque\u00f1as, en donde las y los profesionales de la salud tendr\u00e1n las herramientas, lineamientos y normas necesarias para implementar acciones de mejora en la atenci\u00f3n de las personas usuarias.<\/p>\n\n\n\n<p>Se\u00f1al\u00f3 que este nosocomio, con 58 a\u00f1os de servicio, con 180 camas censables, y 60 no censables, atiende en promedio mil 500 consultas de especialidad al mes, equivalente a igual n\u00famero de pacientes.<\/p>\n\n\n\n<p>Estas medidas buscan garantizar una atenci\u00f3n eficiente y de calidad a las personas que provienen de 15 hospitales generales, 750 centros de salud, 20 unidades de especialidades m\u00e9dicas, 19 nosocomios de la comunidad, 152 unidades m\u00f3viles, del Centro de Oncolog\u00eda y Radioterapia, 473 unidades m\u00e9dicas rurales y nueve unidades m\u00e9dicas rurales de segundo nivel.<\/p>\n\n\n\n<p>En este sentido, exhort\u00f3 a la base trabajadora poner en pr\u00e1ctica los conocimientos adquiridos, y replicarlos entre sus compa\u00f1eras y compa\u00f1eros.<br \/>-0-<\/p>\n\n\n\n\n\n<figure class=\"wp-block-image size-large\"><img fetchpriority=\"high\" decoding=\"async\" width=\"1024\" height=\"682\" src=\"https:\/\/contextoanalisisperiodistico.com\/wp-content\/uploads\/2023\/09\/img-20230928-wa01087730059991712226463.jpg\" alt=\"\" class=\"wp-image-18838\" srcset=\"https:\/\/contextoanalisisperiodistico.com\/wp-content\/uploads\/2023\/09\/img-20230928-wa01087730059991712226463.jpg 1024w, https:\/\/contextoanalisisperiodistico.com\/wp-content\/uploads\/2023\/09\/img-20230928-wa01087730059991712226463-300x200.jpg 300w, https:\/\/contextoanalisisperiodistico.com\/wp-content\/uploads\/2023\/09\/img-20230928-wa01087730059991712226463-768x512.jpg 768w\" sizes=\"(max-width: 1024px) 100vw, 1024px\" \/><\/figure>\n\n\n\n<figure class=\"wp-block-image\"><img decoding=\"async\" width=\"300\" height=\"200\" src=\"https:\/\/contextoanalisisperiodistico.com\/wp-content\/uploads\/2023\/09\/img-20230928-wa01097761322503359916799-300x200.jpg\" alt=\"\" class=\"wp-image-18837\" srcset=\"https:\/\/contextoanalisisperiodistico.com\/wp-content\/uploads\/2023\/09\/img-20230928-wa01097761322503359916799-300x200.jpg 300w, https:\/\/contextoanalisisperiodistico.com\/wp-content\/uploads\/2023\/09\/img-20230928-wa01097761322503359916799-768x512.jpg 768w, https:\/\/contextoanalisisperiodistico.com\/wp-content\/uploads\/2023\/09\/img-20230928-wa01097761322503359916799.jpg 1024w\" sizes=\"(max-width: 300px) 100vw, 300px\" \/><\/figure>\n","protected":false},"excerpt":{"rendered":"<p>\u2022 Implementan ocho acciones de seguridad recomendadas por la OMS \u2022 El nosocomio atiende en&#8230;<\/p>\n","protected":false},"author":4,"featured_media":18836,"comment_status":"closed","ping_status":"open","sticky":false,"template":"","format":"standard","meta":{"footnotes":""},"categories":[92],"tags":[],"jetpack_sharing_enabled":true,"featured_image_urls":{"full":["https:\/\/contextoanalisisperiodistico.com\/wp-content\/uploads\/2023\/09\/IMG-20230928-WA0107.jpg",1024,682,false],"thumbnail":["https:\/\/contextoanalisisperiodistico.com\/wp-content\/uploads\/2023\/09\/IMG-20230928-WA0107-150x150.jpg",150,150,true],"medium":["https:\/\/contextoanalisisperiodistico.com\/wp-content\/uploads\/2023\/09\/IMG-20230928-WA0107-300x200.jpg",300,200,true],"medium_large":["https:\/\/contextoanalisisperiodistico.com\/wp-content\/uploads\/2023\/09\/IMG-20230928-WA0107-768x512.jpg",640,427,true],"large":["https:\/\/contextoanalisisperiodistico.com\/wp-content\/uploads\/2023\/09\/IMG-20230928-WA0107.jpg",640,426,false],"1536x1536":["https:\/\/contextoanalisisperiodistico.com\/wp-content\/uploads\/2023\/09\/IMG-20230928-WA0107.jpg",1024,682,false],"2048x2048":["https:\/\/contextoanalisisperiodistico.com\/wp-content\/uploads\/2023\/09\/IMG-20230928-WA0107.jpg",1024,682,false],"covernews-slider-full":["https:\/\/contextoanalisisperiodistico.com\/wp-content\/uploads\/2023\/09\/IMG-20230928-WA0107.jpg",1024,682,false],"covernews-slider-center":["https:\/\/contextoanalisisperiodistico.com\/wp-content\/uploads\/2023\/09\/IMG-20230928-WA0107-800x500.jpg",800,500,true],"covernews-featured":["https:\/\/contextoanalisisperiodistico.com\/wp-content\/uploads\/2023\/09\/IMG-20230928-WA0107.jpg",1024,682,false],"covernews-medium":["https:\/\/contextoanalisisperiodistico.com\/wp-content\/uploads\/2023\/09\/IMG-20230928-WA0107-540x340.jpg",540,340,true],"covernews-medium-square":["https:\/\/contextoanalisisperiodistico.com\/wp-content\/uploads\/2023\/09\/IMG-20230928-WA0107-400x250.jpg",400,250,true]},"author_info":{"display_name":"Mario Gir\u00f3n","author_link":"https:\/\/contextoanalisisperiodistico.com\/index.php\/author\/director\/"},"category_info":"<a href=\"https:\/\/contextoanalisisperiodistico.com\/index.php\/category\/salud\/\" rel=\"category tag\">Salud<\/a>","tag_info":"Salud","comment_count":"0","jetpack_featured_media_url":"https:\/\/contextoanalisisperiodistico.com\/wp-content\/uploads\/2023\/09\/IMG-20230928-WA0107.jpg","_links":{"self":[{"href":"https:\/\/contextoanalisisperiodistico.com\/index.php\/wp-json\/wp\/v2\/posts\/18835"}],"collection":[{"href":"https:\/\/contextoanalisisperiodistico.com\/index.php\/wp-json\/wp\/v2\/posts"}],"about":[{"href":"https:\/\/contextoanalisisperiodistico.com\/index.php\/wp-json\/wp\/v2\/types\/post"}],"author":[{"embeddable":true,"href":"https:\/\/contextoanalisisperiodistico.com\/index.php\/wp-json\/wp\/v2\/users\/4"}],"replies":[{"embeddable":true,"href":"https:\/\/contextoanalisisperiodistico.com\/index.php\/wp-json\/wp\/v2\/comments?post=18835"}],"version-history":[{"count":1,"href":"https:\/\/contextoanalisisperiodistico.com\/index.php\/wp-json\/wp\/v2\/posts\/18835\/revisions"}],"predecessor-version":[{"id":18839,"href":"https:\/\/contextoanalisisperiodistico.com\/index.php\/wp-json\/wp\/v2\/posts\/18835\/revisions\/18839"}],"wp:featuredmedia":[{"embeddable":true,"href":"https:\/\/contextoanalisisperiodistico.com\/index.php\/wp-json\/wp\/v2\/media\/18836"}],"wp:attachment":[{"href":"https:\/\/contextoanalisisperiodistico.com\/index.php\/wp-json\/wp\/v2\/media?parent=18835"}],"wp:term":[{"taxonomy":"category","embeddable":true,"href":"https:\/\/contextoanalisisperiodistico.com\/index.php\/wp-json\/wp\/v2\/categories?post=18835"},{"taxonomy":"post_tag","embeddable":true,"href":"https:\/\/contextoanalisisperiodistico.com\/index.php\/wp-json\/wp\/v2\/tags?post=18835"}],"curies":[{"name":"wp","href":"https:\/\/api.w.org\/{rel}","templated":true}]}}