{"id":18824,"date":"2023-09-28T19:25:19","date_gmt":"2023-09-29T01:25:19","guid":{"rendered":"https:\/\/contextoanalisisperiodistico.com\/?p=18824"},"modified":"2023-09-28T19:28:07","modified_gmt":"2023-09-29T01:28:07","slug":"santo-domingo-ingenio-recibe-atencion-del-gobierno-estatal","status":"publish","type":"post","link":"https:\/\/contextoanalisisperiodistico.com\/index.php\/2023\/09\/28\/santo-domingo-ingenio-recibe-atencion-del-gobierno-estatal\/","title":{"rendered":"<em>Santo Domingo Ingenio recibe atenci\u00f3n del Gobierno Estatal<\/em>"},"content":{"rendered":"<div id=\"fb-root\"><\/div>\n\n<p>\u2022 El Gobernador Salom\u00f3n Jara Cruz anunci\u00f3 diversos apoyos para las y los habitantes de esta poblaci\u00f3n como parte de la estrategia Trabajo que Transforma tu Municipio<\/p>\n\n\n\n<figure class=\"wp-block-image size-large\"><img fetchpriority=\"high\" decoding=\"async\" width=\"1024\" height=\"659\" src=\"https:\/\/contextoanalisisperiodistico.com\/wp-content\/uploads\/2023\/09\/img-20230928-wa00934665112225240061746-1024x659.jpg\" alt=\"\" class=\"wp-image-18828\" srcset=\"https:\/\/contextoanalisisperiodistico.com\/wp-content\/uploads\/2023\/09\/img-20230928-wa00934665112225240061746-1024x659.jpg 1024w, https:\/\/contextoanalisisperiodistico.com\/wp-content\/uploads\/2023\/09\/img-20230928-wa00934665112225240061746-300x193.jpg 300w, https:\/\/contextoanalisisperiodistico.com\/wp-content\/uploads\/2023\/09\/img-20230928-wa00934665112225240061746-768x494.jpg 768w, https:\/\/contextoanalisisperiodistico.com\/wp-content\/uploads\/2023\/09\/img-20230928-wa00934665112225240061746.jpg 1491w\" sizes=\"(max-width: 1024px) 100vw, 1024px\" \/><\/figure>\n\n\n\n<figure class=\"wp-block-image\"><img decoding=\"async\" width=\"1024\" height=\"682\" src=\"https:\/\/contextoanalisisperiodistico.com\/wp-content\/uploads\/2023\/09\/img-20230928-wa0090140719451326169955-1024x682.jpg\" alt=\"\" class=\"wp-image-18829\" srcset=\"https:\/\/contextoanalisisperiodistico.com\/wp-content\/uploads\/2023\/09\/img-20230928-wa0090140719451326169955-1024x682.jpg 1024w, https:\/\/contextoanalisisperiodistico.com\/wp-content\/uploads\/2023\/09\/img-20230928-wa0090140719451326169955-300x200.jpg 300w, https:\/\/contextoanalisisperiodistico.com\/wp-content\/uploads\/2023\/09\/img-20230928-wa0090140719451326169955-768x512.jpg 768w, https:\/\/contextoanalisisperiodistico.com\/wp-content\/uploads\/2023\/09\/img-20230928-wa0090140719451326169955-1536x1023.jpg 1536w, https:\/\/contextoanalisisperiodistico.com\/wp-content\/uploads\/2023\/09\/img-20230928-wa0090140719451326169955.jpg 1600w\" sizes=\"(max-width: 1024px) 100vw, 1024px\" \/><\/figure>\n\n\n\n<figure class=\"wp-block-image\"><img decoding=\"async\" width=\"1024\" height=\"682\" src=\"https:\/\/contextoanalisisperiodistico.com\/wp-content\/uploads\/2023\/09\/img-20230928-wa00895612333654458204849-1024x682.jpg\" alt=\"\" class=\"wp-image-18826\" srcset=\"https:\/\/contextoanalisisperiodistico.com\/wp-content\/uploads\/2023\/09\/img-20230928-wa00895612333654458204849-1024x682.jpg 1024w, https:\/\/contextoanalisisperiodistico.com\/wp-content\/uploads\/2023\/09\/img-20230928-wa00895612333654458204849-300x200.jpg 300w, https:\/\/contextoanalisisperiodistico.com\/wp-content\/uploads\/2023\/09\/img-20230928-wa00895612333654458204849-768x512.jpg 768w, https:\/\/contextoanalisisperiodistico.com\/wp-content\/uploads\/2023\/09\/img-20230928-wa00895612333654458204849-1536x1023.jpg 1536w, https:\/\/contextoanalisisperiodistico.com\/wp-content\/uploads\/2023\/09\/img-20230928-wa00895612333654458204849.jpg 1600w\" sizes=\"(max-width: 1024px) 100vw, 1024px\" \/><\/figure>\n\n\n\n<figure class=\"wp-block-image\"><img loading=\"lazy\" decoding=\"async\" width=\"1024\" height=\"682\" src=\"https:\/\/contextoanalisisperiodistico.com\/wp-content\/uploads\/2023\/09\/img-20230928-wa00921705175269227076565-1024x682.jpg\" alt=\"\" class=\"wp-image-18827\" srcset=\"https:\/\/contextoanalisisperiodistico.com\/wp-content\/uploads\/2023\/09\/img-20230928-wa00921705175269227076565-1024x682.jpg 1024w, https:\/\/contextoanalisisperiodistico.com\/wp-content\/uploads\/2023\/09\/img-20230928-wa00921705175269227076565-300x200.jpg 300w, https:\/\/contextoanalisisperiodistico.com\/wp-content\/uploads\/2023\/09\/img-20230928-wa00921705175269227076565-768x512.jpg 768w, https:\/\/contextoanalisisperiodistico.com\/wp-content\/uploads\/2023\/09\/img-20230928-wa00921705175269227076565-1536x1023.jpg 1536w, https:\/\/contextoanalisisperiodistico.com\/wp-content\/uploads\/2023\/09\/img-20230928-wa00921705175269227076565.jpg 1600w\" sizes=\"(max-width: 1024px) 100vw, 1024px\" \/><\/figure>\n\n\n\n<p>Santo Domingo Ingenio, Oax., 28 de septiembre de 2023.- A trav\u00e9s de diversas acciones y programas, el Gobernador Salom\u00f3n Jara Cruz anunci\u00f3 recursos por m\u00e1s de 17 millones 820 mil pesos encaminados al desarrollo y bienestar de esta poblaci\u00f3n a la que se comprometi\u00f3 visitar al menos una vez al a\u00f1o durante su mandato.<\/p>\n\n\n\n<p>En presencia de la autoridad municipal y las personas que se dieron cita en la explanada del lugar, solicit\u00f3 confianza \u201cno les vamos a fallar, trabajaremos para sacar a Santo Domingo Ingenio adelante y lograr el progreso que requiere\u201d.<\/p>\n\n\n\n<p>La visita se realiz\u00f3 como parte de la estrategia Trabajo que Transforma tu Municipio y un nuevo modelo de gobierno, cercano a la gente, de atenci\u00f3n directa a las autoridades y sin lujos.<\/p>\n\n\n\n<p>La Presidenta Honoraria del Sistema para el Desarrollo Integral de la Familia (DIF) Oaxaca Irma Bola\u00f1os Quijano fue la primera en informar que la instituci\u00f3n invierte 1 mill\u00f3n 87 mil pesos mediante el programa de Asistencia Social para Grupos Prioritarios, con el objetivo de garantizar que nadie se quede atr\u00e1s y nadie se quede fuera.<\/p>\n\n\n\n<p>En tanto los Servicios de Salud de Oaxaca (SSO) destina al Centro de Salud y las casas de salud 750 mil 477 pesos en medicamentos e insumos.<\/p>\n\n\n\n<p>Y en materia de infraestructura, Caminos Bienestar (Cabien) comenz\u00f3 los trabajos de revestimiento de un camino cosechero por 5 millones de pesos.<\/p>\n\n\n\n<p>Como parte del rescate al campo la Secretar\u00eda de Fomento Agroalimentario y Desarrollo Rural (Sefader) revisar\u00e1 el proyecto ejecutivo para la construcci\u00f3n de un ingenio, lo que repuntar\u00e1 el desarrollo de la zona.<\/p>\n\n\n\n<p>Mientras que la Secretar\u00eda de Finanzas inform\u00f3 que hasta el mes de agosto el Ayuntamiento ha recibido 1 mill\u00f3n 437 mil 794 pesos correspondiente al Fondo Compensatorio del Gobierno Federal.<\/p>\n\n\n\n<p>La Secretar\u00eda de Infraestructuras y Comunicaciones inform\u00f3 que desarrolla trabajos de ampliaci\u00f3n de la red de energ\u00eda el\u00e9ctrica y la construcci\u00f3n de un techado por un monto total de 4 millones 486 mil 974 pesos.<\/p>\n\n\n\n<p>Y en materia de desarrollo social, la Secretar\u00eda de Bienestar, Tequio e Inclusi\u00f3n (Sebienti) present\u00f3 la tarjeta Margarita Maza, con la que se apoya a mujeres jefas de familia en situaci\u00f3n de pobreza extrema.<\/p>\n\n\n\n<p>El Instituto Oaxaque\u00f1o Constructor de Infraestructura Educativa (Iocied) se\u00f1al\u00f3 que se construyen y equipan tres centros educativos por un monto de 2 millones 640 mil pesos.<\/p>\n\n\n\n<p>El presidente municipal de es este lugar, Germain Alvarado comparti\u00f3 una rese\u00f1a del municipio, haciendo hincapi\u00e9 en su desarrollo agr\u00edcola y ganadero, y agradeci\u00f3 los apoyos realizados por la administraci\u00f3n del Gobernador Salom\u00f3n Jara, quien ha visitado en dos ocasiones este lugar.<\/p>\n\n\n\n<p>El Mandatario Estatal dijo que este gobierno atiende de manera directa las necesidades reales, cercano a las autoridades, a las comunidades y al pueblo de Oaxaca.<\/p>\n\n\n\n<p>-0-<\/p>\n","protected":false},"excerpt":{"rendered":"<p>\u2022 El Gobernador Salom\u00f3n Jara Cruz anunci\u00f3 diversos apoyos para las y los habitantes de&#8230;<\/p>\n","protected":false},"author":4,"featured_media":18825,"comment_status":"closed","ping_status":"open","sticky":false,"template":"","format":"standard","meta":{"footnotes":""},"categories":[9],"tags":[],"jetpack_sharing_enabled":true,"featured_image_urls":{"full":["https:\/\/contextoanalisisperiodistico.com\/wp-content\/uploads\/2023\/09\/IMG-20230928-WA0091.jpg",1194,769,false],"thumbnail":["https:\/\/contextoanalisisperiodistico.com\/wp-content\/uploads\/2023\/09\/IMG-20230928-WA0091-150x150.jpg",150,150,true],"medium":["https:\/\/contextoanalisisperiodistico.com\/wp-content\/uploads\/2023\/09\/IMG-20230928-WA0091-300x193.jpg",300,193,true],"medium_large":["https:\/\/contextoanalisisperiodistico.com\/wp-content\/uploads\/2023\/09\/IMG-20230928-WA0091-768x495.jpg",640,413,true],"large":["https:\/\/contextoanalisisperiodistico.com\/wp-content\/uploads\/2023\/09\/IMG-20230928-WA0091-1024x660.jpg",640,413,true],"1536x1536":["https:\/\/contextoanalisisperiodistico.com\/wp-content\/uploads\/2023\/09\/IMG-20230928-WA0091.jpg",1194,769,false],"2048x2048":["https:\/\/contextoanalisisperiodistico.com\/wp-content\/uploads\/2023\/09\/IMG-20230928-WA0091.jpg",1194,769,false],"covernews-slider-full":["https:\/\/contextoanalisisperiodistico.com\/wp-content\/uploads\/2023\/09\/IMG-20230928-WA0091-1115x715.jpg",1115,715,true],"covernews-slider-center":["https:\/\/contextoanalisisperiodistico.com\/wp-content\/uploads\/2023\/09\/IMG-20230928-WA0091-800x500.jpg",800,500,true],"covernews-featured":["https:\/\/contextoanalisisperiodistico.com\/wp-content\/uploads\/2023\/09\/IMG-20230928-WA0091-1024x660.jpg",1024,660,true],"covernews-medium":["https:\/\/contextoanalisisperiodistico.com\/wp-content\/uploads\/2023\/09\/IMG-20230928-WA0091-540x340.jpg",540,340,true],"covernews-medium-square":["https:\/\/contextoanalisisperiodistico.com\/wp-content\/uploads\/2023\/09\/IMG-20230928-WA0091-400x250.jpg",400,250,true]},"author_info":{"display_name":"Mario Gir\u00f3n","author_link":"https:\/\/contextoanalisisperiodistico.com\/index.php\/author\/director\/"},"category_info":"<a href=\"https:\/\/contextoanalisisperiodistico.com\/index.php\/category\/politica\/\" rel=\"category tag\">Pol\u00edtica<\/a>","tag_info":"Pol\u00edtica","comment_count":"0","jetpack_featured_media_url":"https:\/\/contextoanalisisperiodistico.com\/wp-content\/uploads\/2023\/09\/IMG-20230928-WA0091.jpg","_links":{"self":[{"href":"https:\/\/contextoanalisisperiodistico.com\/index.php\/wp-json\/wp\/v2\/posts\/18824"}],"collection":[{"href":"https:\/\/contextoanalisisperiodistico.com\/index.php\/wp-json\/wp\/v2\/posts"}],"about":[{"href":"https:\/\/contextoanalisisperiodistico.com\/index.php\/wp-json\/wp\/v2\/types\/post"}],"author":[{"embeddable":true,"href":"https:\/\/contextoanalisisperiodistico.com\/index.php\/wp-json\/wp\/v2\/users\/4"}],"replies":[{"embeddable":true,"href":"https:\/\/contextoanalisisperiodistico.com\/index.php\/wp-json\/wp\/v2\/comments?post=18824"}],"version-history":[{"count":1,"href":"https:\/\/contextoanalisisperiodistico.com\/index.php\/wp-json\/wp\/v2\/posts\/18824\/revisions"}],"predecessor-version":[{"id":18830,"href":"https:\/\/contextoanalisisperiodistico.com\/index.php\/wp-json\/wp\/v2\/posts\/18824\/revisions\/18830"}],"wp:featuredmedia":[{"embeddable":true,"href":"https:\/\/contextoanalisisperiodistico.com\/index.php\/wp-json\/wp\/v2\/media\/18825"}],"wp:attachment":[{"href":"https:\/\/contextoanalisisperiodistico.com\/index.php\/wp-json\/wp\/v2\/media?parent=18824"}],"wp:term":[{"taxonomy":"category","embeddable":true,"href":"https:\/\/contextoanalisisperiodistico.com\/index.php\/wp-json\/wp\/v2\/categories?post=18824"},{"taxonomy":"post_tag","embeddable":true,"href":"https:\/\/contextoanalisisperiodistico.com\/index.php\/wp-json\/wp\/v2\/tags?post=18824"}],"curies":[{"name":"wp","href":"https:\/\/api.w.org\/{rel}","templated":true}]}}