{"id":18813,"date":"2023-09-28T15:52:43","date_gmt":"2023-09-28T21:52:43","guid":{"rendered":"https:\/\/contextoanalisisperiodistico.com\/?p=18813"},"modified":"2023-09-28T15:55:03","modified_gmt":"2023-09-28T21:55:03","slug":"alerta-ieepo-sobre-falsificacion-de-ordenes-de-adscripcion-de-plazas-docentes-2","status":"publish","type":"post","link":"https:\/\/contextoanalisisperiodistico.com\/index.php\/2023\/09\/28\/alerta-ieepo-sobre-falsificacion-de-ordenes-de-adscripcion-de-plazas-docentes-2\/","title":{"rendered":"Alerta IEEPO sobre falsificaci\u00f3n de \u00f3rdenes de adscripci\u00f3n de plazas docentes"},"content":{"rendered":"<div id=\"fb-root\"><\/div>\n\n<p>\u2022 El Instituto se deslinda de toda responsabilidad y pide denunciar estos hechos fraudulentos<\/p>\n\n\n\n<p>Oaxaca de Ju\u00e1rez, Oax. 28 de septiembre de 2023.- El Instituto Estatal de Educaci\u00f3n P\u00fablica de Oaxaca (IEEPO) alerta a la comunidad docente y sociedad en general sobre la falsificaci\u00f3n de documentos oficiales con el membrete y sellos de la dependencia, lo cual constituye un delito grave establecido en la ley.<\/p>\n\n\n\n<p>Entre los documentos ap\u00f3crifos que se emiten se encuentran \u00f3rdenes de adscripci\u00f3n, oficios de presentaci\u00f3n para la incorporaci\u00f3n de docentes al sistema educativo o el cambio de centros de trabajo.<\/p>\n\n\n\n<p>En fechas recientes, el IEEPO ha detectado en diversos niveles educativos en las regiones del estado la circulaci\u00f3n de oficios falsificados, por lo que pide a las autoridades municipales y escolares estar atentas de esta situaci\u00f3n.<\/p>\n\n\n\n<p>Ante estos hechos il\u00edcitos, el Instituto se deslinda de toda responsabilidad, ya que los servicios y tr\u00e1mites a su cargo se efect\u00faan con apego a lo establecido en el reglamento interno del IEEPO, de forma gratuita, directa y sin intermediarios y conforme a los procedimientos administrativos establecidos por la Secretar\u00eda de Educaci\u00f3n P\u00fablica (SEP).<\/p>\n\n\n\n<p>Por la detecci\u00f3n de esta documentaci\u00f3n falsa, se iniciar\u00e1n los procedimientos respectivos ante el \u00d3rgano Interno de Control del IEEPO, cuya instancia representa a la Secretar\u00eda de Honestidad, Transparencia y Funci\u00f3n P\u00fablica del Gobierno del Estado y se interpondr\u00e1 la denuncia ante la Fiscal\u00eda General del Estado de Oaxaca (FGEO) con el objetivo de investigar y castigar a las personas responsables de dichos actos delictivos.<\/p>\n\n\n\n<p>En caso de ser v\u00edctima de fraude o situaciones irregulares, las personas pueden comunicarse a la Direcci\u00f3n de Servicios Jur\u00eddicos del IEEPO al n\u00famero telef\u00f3nico 951 291 27 51 o al correo electr\u00f3nico: legal.dsj@ieepo.gob.mx.<\/p>\n\n\n\n<p>-0-<\/p>\n","protected":false},"excerpt":{"rendered":"<p>\u2022 El Instituto se deslinda de toda responsabilidad y pide denunciar estos hechos fraudulentos Oaxaca&#8230;<\/p>\n","protected":false},"author":4,"featured_media":18815,"comment_status":"closed","ping_status":"open","sticky":false,"template":"","format":"standard","meta":{"footnotes":""},"categories":[9],"tags":[],"jetpack_sharing_enabled":true,"featured_image_urls":{"full":["https:\/\/contextoanalisisperiodistico.com\/wp-content\/uploads\/2023\/09\/IMG-20230928-WA0066-1.jpg",768,1024,false],"thumbnail":["https:\/\/contextoanalisisperiodistico.com\/wp-content\/uploads\/2023\/09\/IMG-20230928-WA0066-1-150x150.jpg",150,150,true],"medium":["https:\/\/contextoanalisisperiodistico.com\/wp-content\/uploads\/2023\/09\/IMG-20230928-WA0066-1-225x300.jpg",225,300,true],"medium_large":["https:\/\/contextoanalisisperiodistico.com\/wp-content\/uploads\/2023\/09\/IMG-20230928-WA0066-1.jpg",640,853,false],"large":["https:\/\/contextoanalisisperiodistico.com\/wp-content\/uploads\/2023\/09\/IMG-20230928-WA0066-1.jpg",640,853,false],"1536x1536":["https:\/\/contextoanalisisperiodistico.com\/wp-content\/uploads\/2023\/09\/IMG-20230928-WA0066-1.jpg",768,1024,false],"2048x2048":["https:\/\/contextoanalisisperiodistico.com\/wp-content\/uploads\/2023\/09\/IMG-20230928-WA0066-1.jpg",768,1024,false],"covernews-slider-full":["https:\/\/contextoanalisisperiodistico.com\/wp-content\/uploads\/2023\/09\/IMG-20230928-WA0066-1-768x715.jpg",768,715,true],"covernews-slider-center":["https:\/\/contextoanalisisperiodistico.com\/wp-content\/uploads\/2023\/09\/IMG-20230928-WA0066-1-768x500.jpg",768,500,true],"covernews-featured":["https:\/\/contextoanalisisperiodistico.com\/wp-content\/uploads\/2023\/09\/IMG-20230928-WA0066-1.jpg",768,1024,false],"covernews-medium":["https:\/\/contextoanalisisperiodistico.com\/wp-content\/uploads\/2023\/09\/IMG-20230928-WA0066-1-540x340.jpg",540,340,true],"covernews-medium-square":["https:\/\/contextoanalisisperiodistico.com\/wp-content\/uploads\/2023\/09\/IMG-20230928-WA0066-1-400x250.jpg",400,250,true]},"author_info":{"display_name":"Mario Gir\u00f3n","author_link":"https:\/\/contextoanalisisperiodistico.com\/index.php\/author\/director\/"},"category_info":"<a href=\"https:\/\/contextoanalisisperiodistico.com\/index.php\/category\/politica\/\" rel=\"category tag\">Pol\u00edtica<\/a>","tag_info":"Pol\u00edtica","comment_count":"0","jetpack_featured_media_url":"https:\/\/contextoanalisisperiodistico.com\/wp-content\/uploads\/2023\/09\/IMG-20230928-WA0066-1.jpg","_links":{"self":[{"href":"https:\/\/contextoanalisisperiodistico.com\/index.php\/wp-json\/wp\/v2\/posts\/18813"}],"collection":[{"href":"https:\/\/contextoanalisisperiodistico.com\/index.php\/wp-json\/wp\/v2\/posts"}],"about":[{"href":"https:\/\/contextoanalisisperiodistico.com\/index.php\/wp-json\/wp\/v2\/types\/post"}],"author":[{"embeddable":true,"href":"https:\/\/contextoanalisisperiodistico.com\/index.php\/wp-json\/wp\/v2\/users\/4"}],"replies":[{"embeddable":true,"href":"https:\/\/contextoanalisisperiodistico.com\/index.php\/wp-json\/wp\/v2\/comments?post=18813"}],"version-history":[{"count":1,"href":"https:\/\/contextoanalisisperiodistico.com\/index.php\/wp-json\/wp\/v2\/posts\/18813\/revisions"}],"predecessor-version":[{"id":18816,"href":"https:\/\/contextoanalisisperiodistico.com\/index.php\/wp-json\/wp\/v2\/posts\/18813\/revisions\/18816"}],"wp:featuredmedia":[{"embeddable":true,"href":"https:\/\/contextoanalisisperiodistico.com\/index.php\/wp-json\/wp\/v2\/media\/18815"}],"wp:attachment":[{"href":"https:\/\/contextoanalisisperiodistico.com\/index.php\/wp-json\/wp\/v2\/media?parent=18813"}],"wp:term":[{"taxonomy":"category","embeddable":true,"href":"https:\/\/contextoanalisisperiodistico.com\/index.php\/wp-json\/wp\/v2\/categories?post=18813"},{"taxonomy":"post_tag","embeddable":true,"href":"https:\/\/contextoanalisisperiodistico.com\/index.php\/wp-json\/wp\/v2\/tags?post=18813"}],"curies":[{"name":"wp","href":"https:\/\/api.w.org\/{rel}","templated":true}]}}