{"id":18794,"date":"2023-09-28T13:08:01","date_gmt":"2023-09-28T19:08:01","guid":{"rendered":"https:\/\/contextoanalisisperiodistico.com\/?p=18794"},"modified":"2023-09-28T13:08:33","modified_gmt":"2023-09-28T19:08:33","slug":"ninguna-transformacion-es-posible-sin-el-aporte-de-las-mujeres-elisa-zepeda-lagunas","status":"publish","type":"post","link":"https:\/\/contextoanalisisperiodistico.com\/index.php\/2023\/09\/28\/ninguna-transformacion-es-posible-sin-el-aporte-de-las-mujeres-elisa-zepeda-lagunas\/","title":{"rendered":"Ninguna transformaci\u00f3n es posible sin el aporte de las mujeres: Elisa Zepeda Lagunas"},"content":{"rendered":"<div id=\"fb-root\"><\/div>\n\n<p>\u2022 Encabeza Secretar\u00eda de las Mujeres Ceremonia de Izamiento de la Bandera Nacional, en el marco del 213 Aniversario de la Independencia de M\u00e9xico<\/p>\n\n\n\n<p>Oaxaca de Ju\u00e1rez, Oax. 28 de septiembre de 2023.- Como parte de las actividades de Septiembre, mes de la Patria, mes de la Primera Transformaci\u00f3n, la Secretar\u00eda de las Mujeres encabez\u00f3 la Ceremonia de Izamiento de la Bandera Nacional en la Alameda de Le\u00f3n de la ciudad de Oaxaca, para recordar y reconocer el legado de las mujeres que fueron parte del movimiento de la Independencia de M\u00e9xico.<br \/>Luego de izar el L\u00e1baro Patrio, la secretaria de las Mujeres Elisa Zepeda Lagunas subray\u00f3 que es momento de recordar y honrar a las mujeres que transformaron la historia de M\u00e9xico, que lucharon por la independencia y contra el colonialismo; quienes, con ideales de justicia y aspiraciones republicanas, arriesgaron su vida y su patrimonio para que hoy tengamos una rep\u00fablica representativa, democr\u00e1tica, laica y federal.<br \/>\u201cJosefa Ortiz de Dom\u00ednguez, Leona Vicario, Mariana Rodr\u00edguez del Toro, Gertrudis Bocanegra, Mar\u00eda Ignacia Rodr\u00edguez de Velasco, entre muchas otras mujeres an\u00f3nimas, nos han dejado un legado de derechos y libertades conquistadas para las presentes y las futuras generaciones\u201d, detall\u00f3, Zepeda Lagunas.<br \/>Asimismo, dijo \u201cellas nos han ense\u00f1ado que aportamos una perspectiva \u00fanica y valiosa a la pol\u00edtica, a la independencia y a la autonom\u00eda de nuestros pueblos y comunidades. Su rebeld\u00eda y emancipaci\u00f3n mostraron a las mujeres de su \u00e9poca que otra forma de ser mujeres, es posible, al conquistar el espacio p\u00fablico en un periodo en el que no se les permit\u00eda salir del espacio dom\u00e9stico\u201d.<br \/>Destac\u00f3 que la Independencia fue una causa libertaria, como son todas las causas de las mujeres, es por ello que en la lucha por derechos y libertades, las mujeres siempre han estado y estar\u00e1n presentes, porque la historia ha demostrado que ning\u00fan movimiento es posible sin su aporte.<br \/>La encargada de la pol\u00edtica de igualdad se\u00f1al\u00f3 que \u201chan transcurrido m\u00e1s de 200 a\u00f1os y las mujeres de hoy, las mujeres de la primera, segunda, tercera y de la cuarta transformaci\u00f3n, seguimos luchando por fortalecer nuestra Rep\u00fablica y nuestra democracia, as\u00ed como construir una sociedad igualitaria y libre de cualquier forma de discriminaci\u00f3n y violencia\u201d.<\/p>\n\n\n\n<p>\u201cHoy, honremos la memoria de las mujeres de la Independencia, con el compromiso de eliminar las barreras que impiden que las mujeres ejerzan plenamente su ciudadan\u00eda. Sigamos sumando esfuerzos para lograr una participaci\u00f3n pol\u00edtica igualitaria, en la que todas las voces tengan la oportunidad de ser escuchadas y todas las personas tengan la posibilidad de contribuir a la transformaci\u00f3n que M\u00e9xico y Oaxaca necesitan\u201d, finaliz\u00f3.<br>Cabe mencionar que la lectura de la Proclama de la Independencia de M\u00e9xico estuvo a cargo de la subsecretaria de Prevenci\u00f3n de la Violencia de G\u00e9nero, Yolanda Santos Monta\u00f1o y se cont\u00f3 con la asistencia de las titulares de las secretar\u00edas de Educaci\u00f3n P\u00fablica, Delfina Guzm\u00e1n D\u00edaz, y del Trabajo, Edith Santib\u00e1\u00f1ez Boh\u00f3rquez.<\/p>\n\n\n\n<figure class=\"wp-block-image size-large\"><img fetchpriority=\"high\" decoding=\"async\" width=\"1024\" height=\"730\" src=\"https:\/\/contextoanalisisperiodistico.com\/wp-content\/uploads\/2023\/09\/img-20230928-wa00248299303274987387971-1024x730.jpg\" alt=\"\" class=\"wp-image-18797\" srcset=\"https:\/\/contextoanalisisperiodistico.com\/wp-content\/uploads\/2023\/09\/img-20230928-wa00248299303274987387971-1024x730.jpg 1024w, https:\/\/contextoanalisisperiodistico.com\/wp-content\/uploads\/2023\/09\/img-20230928-wa00248299303274987387971-300x214.jpg 300w, https:\/\/contextoanalisisperiodistico.com\/wp-content\/uploads\/2023\/09\/img-20230928-wa00248299303274987387971-768x547.jpg 768w, https:\/\/contextoanalisisperiodistico.com\/wp-content\/uploads\/2023\/09\/img-20230928-wa00248299303274987387971-1536x1094.jpg 1536w, https:\/\/contextoanalisisperiodistico.com\/wp-content\/uploads\/2023\/09\/img-20230928-wa00248299303274987387971.jpg 1600w\" sizes=\"(max-width: 1024px) 100vw, 1024px\" \/><\/figure>\n\n\n\n<figure class=\"wp-block-image\"><img decoding=\"async\" width=\"1024\" height=\"682\" src=\"https:\/\/contextoanalisisperiodistico.com\/wp-content\/uploads\/2023\/09\/img-20230928-wa0021941185826427589513-1024x682.jpg\" alt=\"\" class=\"wp-image-18796\" srcset=\"https:\/\/contextoanalisisperiodistico.com\/wp-content\/uploads\/2023\/09\/img-20230928-wa0021941185826427589513-1024x682.jpg 1024w, https:\/\/contextoanalisisperiodistico.com\/wp-content\/uploads\/2023\/09\/img-20230928-wa0021941185826427589513-300x200.jpg 300w, https:\/\/contextoanalisisperiodistico.com\/wp-content\/uploads\/2023\/09\/img-20230928-wa0021941185826427589513-768x512.jpg 768w, https:\/\/contextoanalisisperiodistico.com\/wp-content\/uploads\/2023\/09\/img-20230928-wa0021941185826427589513-1536x1023.jpg 1536w, https:\/\/contextoanalisisperiodistico.com\/wp-content\/uploads\/2023\/09\/img-20230928-wa0021941185826427589513.jpg 1600w\" sizes=\"(max-width: 1024px) 100vw, 1024px\" \/><\/figure>\n\n\n\n<figure class=\"wp-block-image\"><img decoding=\"async\" width=\"1024\" height=\"428\" src=\"https:\/\/contextoanalisisperiodistico.com\/wp-content\/uploads\/2023\/09\/img-20230928-wa00271522780691409555673-1024x428.jpg\" alt=\"\" class=\"wp-image-18798\" srcset=\"https:\/\/contextoanalisisperiodistico.com\/wp-content\/uploads\/2023\/09\/img-20230928-wa00271522780691409555673-1024x428.jpg 1024w, https:\/\/contextoanalisisperiodistico.com\/wp-content\/uploads\/2023\/09\/img-20230928-wa00271522780691409555673-300x125.jpg 300w, https:\/\/contextoanalisisperiodistico.com\/wp-content\/uploads\/2023\/09\/img-20230928-wa00271522780691409555673-768x321.jpg 768w, https:\/\/contextoanalisisperiodistico.com\/wp-content\/uploads\/2023\/09\/img-20230928-wa00271522780691409555673-1536x642.jpg 1536w, https:\/\/contextoanalisisperiodistico.com\/wp-content\/uploads\/2023\/09\/img-20230928-wa00271522780691409555673.jpg 1600w\" sizes=\"(max-width: 1024px) 100vw, 1024px\" \/><\/figure>\n","protected":false},"excerpt":{"rendered":"<p>\u2022 Encabeza Secretar\u00eda de las Mujeres Ceremonia de Izamiento de la Bandera Nacional, en el&#8230;<\/p>\n","protected":false},"author":4,"featured_media":18795,"comment_status":"closed","ping_status":"open","sticky":false,"template":"","format":"standard","meta":{"footnotes":""},"categories":[9],"tags":[],"jetpack_sharing_enabled":true,"featured_image_urls":{"full":["https:\/\/contextoanalisisperiodistico.com\/wp-content\/uploads\/2023\/09\/IMG-20230928-WA0023.jpg",1600,1069,false],"thumbnail":["https:\/\/contextoanalisisperiodistico.com\/wp-content\/uploads\/2023\/09\/IMG-20230928-WA0023-150x150.jpg",150,150,true],"medium":["https:\/\/contextoanalisisperiodistico.com\/wp-content\/uploads\/2023\/09\/IMG-20230928-WA0023-300x200.jpg",300,200,true],"medium_large":["https:\/\/contextoanalisisperiodistico.com\/wp-content\/uploads\/2023\/09\/IMG-20230928-WA0023-768x513.jpg",640,428,true],"large":["https:\/\/contextoanalisisperiodistico.com\/wp-content\/uploads\/2023\/09\/IMG-20230928-WA0023-1024x684.jpg",640,428,true],"1536x1536":["https:\/\/contextoanalisisperiodistico.com\/wp-content\/uploads\/2023\/09\/IMG-20230928-WA0023-1536x1026.jpg",1536,1026,true],"2048x2048":["https:\/\/contextoanalisisperiodistico.com\/wp-content\/uploads\/2023\/09\/IMG-20230928-WA0023.jpg",1600,1069,false],"covernews-slider-full":["https:\/\/contextoanalisisperiodistico.com\/wp-content\/uploads\/2023\/09\/IMG-20230928-WA0023-1115x715.jpg",1115,715,true],"covernews-slider-center":["https:\/\/contextoanalisisperiodistico.com\/wp-content\/uploads\/2023\/09\/IMG-20230928-WA0023-800x500.jpg",800,500,true],"covernews-featured":["https:\/\/contextoanalisisperiodistico.com\/wp-content\/uploads\/2023\/09\/IMG-20230928-WA0023-1024x684.jpg",1024,684,true],"covernews-medium":["https:\/\/contextoanalisisperiodistico.com\/wp-content\/uploads\/2023\/09\/IMG-20230928-WA0023-540x340.jpg",540,340,true],"covernews-medium-square":["https:\/\/contextoanalisisperiodistico.com\/wp-content\/uploads\/2023\/09\/IMG-20230928-WA0023-400x250.jpg",400,250,true]},"author_info":{"display_name":"Mario Gir\u00f3n","author_link":"https:\/\/contextoanalisisperiodistico.com\/index.php\/author\/director\/"},"category_info":"<a href=\"https:\/\/contextoanalisisperiodistico.com\/index.php\/category\/politica\/\" rel=\"category tag\">Pol\u00edtica<\/a>","tag_info":"Pol\u00edtica","comment_count":"0","jetpack_featured_media_url":"https:\/\/contextoanalisisperiodistico.com\/wp-content\/uploads\/2023\/09\/IMG-20230928-WA0023.jpg","_links":{"self":[{"href":"https:\/\/contextoanalisisperiodistico.com\/index.php\/wp-json\/wp\/v2\/posts\/18794"}],"collection":[{"href":"https:\/\/contextoanalisisperiodistico.com\/index.php\/wp-json\/wp\/v2\/posts"}],"about":[{"href":"https:\/\/contextoanalisisperiodistico.com\/index.php\/wp-json\/wp\/v2\/types\/post"}],"author":[{"embeddable":true,"href":"https:\/\/contextoanalisisperiodistico.com\/index.php\/wp-json\/wp\/v2\/users\/4"}],"replies":[{"embeddable":true,"href":"https:\/\/contextoanalisisperiodistico.com\/index.php\/wp-json\/wp\/v2\/comments?post=18794"}],"version-history":[{"count":1,"href":"https:\/\/contextoanalisisperiodistico.com\/index.php\/wp-json\/wp\/v2\/posts\/18794\/revisions"}],"predecessor-version":[{"id":18799,"href":"https:\/\/contextoanalisisperiodistico.com\/index.php\/wp-json\/wp\/v2\/posts\/18794\/revisions\/18799"}],"wp:featuredmedia":[{"embeddable":true,"href":"https:\/\/contextoanalisisperiodistico.com\/index.php\/wp-json\/wp\/v2\/media\/18795"}],"wp:attachment":[{"href":"https:\/\/contextoanalisisperiodistico.com\/index.php\/wp-json\/wp\/v2\/media?parent=18794"}],"wp:term":[{"taxonomy":"category","embeddable":true,"href":"https:\/\/contextoanalisisperiodistico.com\/index.php\/wp-json\/wp\/v2\/categories?post=18794"},{"taxonomy":"post_tag","embeddable":true,"href":"https:\/\/contextoanalisisperiodistico.com\/index.php\/wp-json\/wp\/v2\/tags?post=18794"}],"curies":[{"name":"wp","href":"https:\/\/api.w.org\/{rel}","templated":true}]}}