{"id":18793,"date":"2023-09-28T12:01:58","date_gmt":"2023-09-28T18:01:58","guid":{"rendered":"https:\/\/contextoanalisisperiodistico.com\/index.php\/2023\/09\/28\/colores-de-oaxaca-feria-del-emprendimiento-social-y-agencias-municipales\/"},"modified":"2023-09-29T12:57:17","modified_gmt":"2023-09-29T18:57:17","slug":"colores-de-oaxaca-feria-del-emprendimiento-social-y-agencias-municipales","status":"publish","type":"post","link":"https:\/\/contextoanalisisperiodistico.com\/index.php\/2023\/09\/28\/colores-de-oaxaca-feria-del-emprendimiento-social-y-agencias-municipales\/","title":{"rendered":"\u201cColores de Oaxaca\u201d Feria del emprendimiento social y agencias municipales"},"content":{"rendered":"<div id=\"fb-root\"><\/div>\n\n<p>*La cita, vienes y s\u00e1bado en la Plaza de la Danza<\/p>\n\n\n\n<p>Mario GIR\u00d3N<\/p>\n\n\n\n<figure class=\"wp-block-image size-large\"><img fetchpriority=\"high\" decoding=\"async\" width=\"720\" height=\"943\" src=\"https:\/\/contextoanalisisperiodistico.com\/wp-content\/uploads\/2023\/09\/screenshot_20230928_111344_gallery2107011841227841126.jpg\" alt=\"\" class=\"wp-image-18792\" srcset=\"https:\/\/contextoanalisisperiodistico.com\/wp-content\/uploads\/2023\/09\/screenshot_20230928_111344_gallery2107011841227841126.jpg 720w, https:\/\/contextoanalisisperiodistico.com\/wp-content\/uploads\/2023\/09\/screenshot_20230928_111344_gallery2107011841227841126-229x300.jpg 229w\" sizes=\"(max-width: 720px) 100vw, 720px\" \/><\/figure>\n\n\n\n<p>La integraci\u00f3n social, fomento a la cooperaci\u00f3n y fortalecimiento de la econom\u00eda social y solidaria para el crecimiento de Oaxaca de Ju\u00e1rez son objetivos de la Feria del emprendimiento social y agencias municipales \u201cColores de Oaxaca\u201d, en donde 50 expositores tendr\u00e1n la misi\u00f3n de hacer visible todo lo que se produce en cada uno de los 13 territorios principales de la capital del estado, inform\u00f3 el secretario de Desarrollo Econ\u00f3mico, Jos\u00e9 Manuel V\u00e1squez C\u00f3rdova.<\/p>\n\n\n\n<p><br>En conferencia de prensa, acompa\u00f1ado de las agentes municipales: Azucena Hern\u00e1ndez V\u00e1squez, de San Mart\u00edn Mexicapan; Magdalena Silva Luna, de Dolores y una representaci\u00f3n de Candiani, V\u00e1squez C\u00f3rdova agreg\u00f3 que se trata de la iniciativa de las 13 autoridades auxiliares municipales y la cita es para los d\u00edas 29 y 30 de septiembre, en la Plaza de la Danza.<\/p>\n\n\n\n<p><br>Subray\u00f3 que los expositores presentar\u00e1n artesan\u00edas, textiles y art\u00edculos agroindustriales, principalmente.<\/p>\n\n\n\n<p><br>Promotor de pol\u00edticas p\u00fablicas que conviertan en realidad el desarrollo econ\u00f3mico en Oaxaca de Ju\u00e1rez, como lo ha instruido el presidente municipal, Francisco Mart\u00ednez Neri, V\u00e1squez C\u00f3rdova reconoci\u00f3 que comerciantes y emprendedores tienen mucho que ofrecer no solo a capitalinos, tambi\u00e9n a visitantes de la Verde Antequera.<\/p>\n\n\n\n<p><br>\u201cDe repente, la actividad comercial o los extraordinarios ejemplos de emprendimiento se va enfocando principalmente para la zona centro de la ciudad; sin embargo, las agencias tienen una extraordinaria producci\u00f3n por lo que resulta importante darlo a conocer\u201d.<\/p>\n\n\n\n<p><br>Por lo que destac\u00f3, \u201cla idea, es integrar al mayor n\u00famero de expositores en espacios p\u00fablicos capitalinos para que la mayor poblaci\u00f3n posible no solo conozca sino ayudar hacer crecer emprendimientos de mujeres y hombres con residencia en alguna de las 13 agencias de Oaxaca de Ju\u00e1rez\u201d.<\/p>\n\n\n\n<p><br>Insisti\u00f3: \u201cla feria a inaugurarse ma\u00f1ana por el presidente municipal, Francisco Mart\u00ednez Neri, es importante desde el punto de vista integraci\u00f3n social, fomento a la cooperaci\u00f3n y fortalecimiento de la econom\u00eda social y solidaria para el crecimiento de Oaxaca de Ju\u00e1rez\u201d.<\/p>\n","protected":false},"excerpt":{"rendered":"<p>*La cita, vienes y s\u00e1bado en la Plaza de la Danza Mario GIR\u00d3N La integraci\u00f3n&#8230;<\/p>\n","protected":false},"author":4,"featured_media":18791,"comment_status":"closed","ping_status":"open","sticky":false,"template":"","format":"standard","meta":{"footnotes":""},"categories":[9,138],"tags":[],"jetpack_sharing_enabled":true,"featured_image_urls":{"full":["https:\/\/contextoanalisisperiodistico.com\/wp-content\/uploads\/2023\/09\/Screenshot_20230928_110539_Facebook.jpg",720,540,false],"thumbnail":["https:\/\/contextoanalisisperiodistico.com\/wp-content\/uploads\/2023\/09\/Screenshot_20230928_110539_Facebook-150x150.jpg",150,150,true],"medium":["https:\/\/contextoanalisisperiodistico.com\/wp-content\/uploads\/2023\/09\/Screenshot_20230928_110539_Facebook-300x225.jpg",300,225,true],"medium_large":["https:\/\/contextoanalisisperiodistico.com\/wp-content\/uploads\/2023\/09\/Screenshot_20230928_110539_Facebook.jpg",640,480,false],"large":["https:\/\/contextoanalisisperiodistico.com\/wp-content\/uploads\/2023\/09\/Screenshot_20230928_110539_Facebook.jpg",640,480,false],"1536x1536":["https:\/\/contextoanalisisperiodistico.com\/wp-content\/uploads\/2023\/09\/Screenshot_20230928_110539_Facebook.jpg",720,540,false],"2048x2048":["https:\/\/contextoanalisisperiodistico.com\/wp-content\/uploads\/2023\/09\/Screenshot_20230928_110539_Facebook.jpg",720,540,false],"covernews-slider-full":["https:\/\/contextoanalisisperiodistico.com\/wp-content\/uploads\/2023\/09\/Screenshot_20230928_110539_Facebook.jpg",720,540,false],"covernews-slider-center":["https:\/\/contextoanalisisperiodistico.com\/wp-content\/uploads\/2023\/09\/Screenshot_20230928_110539_Facebook-720x500.jpg",720,500,true],"covernews-featured":["https:\/\/contextoanalisisperiodistico.com\/wp-content\/uploads\/2023\/09\/Screenshot_20230928_110539_Facebook.jpg",720,540,false],"covernews-medium":["https:\/\/contextoanalisisperiodistico.com\/wp-content\/uploads\/2023\/09\/Screenshot_20230928_110539_Facebook-540x340.jpg",540,340,true],"covernews-medium-square":["https:\/\/contextoanalisisperiodistico.com\/wp-content\/uploads\/2023\/09\/Screenshot_20230928_110539_Facebook-400x250.jpg",400,250,true]},"author_info":{"display_name":"Mario Gir\u00f3n","author_link":"https:\/\/contextoanalisisperiodistico.com\/index.php\/author\/director\/"},"category_info":"<a href=\"https:\/\/contextoanalisisperiodistico.com\/index.php\/category\/politica\/\" rel=\"category tag\">Pol\u00edtica<\/a> <a href=\"https:\/\/contextoanalisisperiodistico.com\/index.php\/category\/turismo\/\" rel=\"category tag\">Turismo<\/a>","tag_info":"Turismo","comment_count":"0","jetpack_featured_media_url":"https:\/\/contextoanalisisperiodistico.com\/wp-content\/uploads\/2023\/09\/Screenshot_20230928_110539_Facebook.jpg","_links":{"self":[{"href":"https:\/\/contextoanalisisperiodistico.com\/index.php\/wp-json\/wp\/v2\/posts\/18793"}],"collection":[{"href":"https:\/\/contextoanalisisperiodistico.com\/index.php\/wp-json\/wp\/v2\/posts"}],"about":[{"href":"https:\/\/contextoanalisisperiodistico.com\/index.php\/wp-json\/wp\/v2\/types\/post"}],"author":[{"embeddable":true,"href":"https:\/\/contextoanalisisperiodistico.com\/index.php\/wp-json\/wp\/v2\/users\/4"}],"replies":[{"embeddable":true,"href":"https:\/\/contextoanalisisperiodistico.com\/index.php\/wp-json\/wp\/v2\/comments?post=18793"}],"version-history":[{"count":1,"href":"https:\/\/contextoanalisisperiodistico.com\/index.php\/wp-json\/wp\/v2\/posts\/18793\/revisions"}],"predecessor-version":[{"id":18870,"href":"https:\/\/contextoanalisisperiodistico.com\/index.php\/wp-json\/wp\/v2\/posts\/18793\/revisions\/18870"}],"wp:featuredmedia":[{"embeddable":true,"href":"https:\/\/contextoanalisisperiodistico.com\/index.php\/wp-json\/wp\/v2\/media\/18791"}],"wp:attachment":[{"href":"https:\/\/contextoanalisisperiodistico.com\/index.php\/wp-json\/wp\/v2\/media?parent=18793"}],"wp:term":[{"taxonomy":"category","embeddable":true,"href":"https:\/\/contextoanalisisperiodistico.com\/index.php\/wp-json\/wp\/v2\/categories?post=18793"},{"taxonomy":"post_tag","embeddable":true,"href":"https:\/\/contextoanalisisperiodistico.com\/index.php\/wp-json\/wp\/v2\/tags?post=18793"}],"curies":[{"name":"wp","href":"https:\/\/api.w.org\/{rel}","templated":true}]}}