{"id":18784,"date":"2023-09-28T10:40:36","date_gmt":"2023-09-28T16:40:36","guid":{"rendered":"https:\/\/contextoanalisisperiodistico.com\/?p=18784"},"modified":"2023-09-28T10:41:09","modified_gmt":"2023-09-28T16:41:09","slug":"anuncia-seculta-a-las-48-personas-seleccionadas-del-pacmyc-2023","status":"publish","type":"post","link":"https:\/\/contextoanalisisperiodistico.com\/index.php\/2023\/09\/28\/anuncia-seculta-a-las-48-personas-seleccionadas-del-pacmyc-2023\/","title":{"rendered":"Anuncia Seculta a las 48 personas seleccionadas del PACMyC 2023"},"content":{"rendered":"<div id=\"fb-root\"><\/div>\n\n<p>\u2022 La Secretar\u00eda inform\u00f3 que despu\u00e9s de dos a\u00f1os, Oaxaca recibe apoyo de este programa, el cual est\u00e1 orientado a desarrollar la cultura de comunidades y municipios que promuevan y estimulen la participaci\u00f3n de la ciudadan\u00eda local<\/p>\n\n\n\n<p>Oaxaca de Ju\u00e1rez, Oax. 28 de septiembre de 2023.- La Secretar\u00eda de las Culturas y Artes (Seculta) de Oaxaca, a trav\u00e9s de la Direcci\u00f3n de Conservaci\u00f3n y Divulgaci\u00f3n Cultural dio a conocer la lista de proyectos aprobados con financiamiento del Programa de Apoyo a las Culturas Municipales y Comunitarias (PACMyC), en su emisi\u00f3n 2023.<\/p>\n\n\n\n<p>El titular de la Secretar\u00eda, V\u00edctor Cata, agradeci\u00f3 la participaci\u00f3n de los diversos grupos, colectivos, organizaciones de la sociedad civil, as\u00ed como de las y los creadores que presentaron sus propuestas culturales en beneficio de sus comunidades.<\/p>\n\n\n\n<p>Record\u00f3 que, en meses pasados realiz\u00f3 las gestiones necesarias para que a trav\u00e9s de este programa se destinar\u00e1n recursos para Oaxaca despu\u00e9s de dos a\u00f1os en los que no hubo financiamiento para el estado.<\/p>\n\n\n\n<p>\u201cEl PACMyC est\u00e1 orientado a desarrollar la cultura de comunidades y municipios que promuevan y estimulen la participaci\u00f3n de la ciudadan\u00eda local. Celebramos que este 2023, 48 proyectos que representan el esp\u00edritu emprendedor de las y los oaxaque\u00f1os que se dedican al quehacer art\u00edstico, reciban apoyo a trav\u00e9s de \u00e9l\u201d, dijo.<\/p>\n\n\n\n<p>En 1989, la Direcci\u00f3n General de Culturas Populares, Ind\u00edgenas y Urbanas (DGCPIU) impuls\u00f3 este programa como una estrategia dirigida a la recuperaci\u00f3n de la cultura popular, para fortalecer los procesos que sustentan expresiones comunitarias por medio del financiamiento a proyectos que estimulan las iniciativas de la sociedad.<\/p>\n\n\n\n<p>En cada estado se establecen Comisiones de Planeaci\u00f3n y Apoyo a la Creaci\u00f3n Popular (CACREP), \u00f3rganos colegiados conformados por representantes de las autoridades culturales locales y federales, as\u00ed como de la sociedad civil encargada de validar los procesos de trabajo del programa, con lo que se asegura su transparencia.<\/p>\n\n\n\n<p>El funcionario mencion\u00f3 que estos proyectos son seleccionados en procesos estatales de dictamen que se conforman de forma independiente a las instancias convocantes, en los que personas creadoras, acad\u00e9micas y especialistas en cultura popular, conforman un jurado y determinan los proyectos que ser\u00e1n financiados.<\/p>\n\n\n\n<p>Por \u00faltimo, explic\u00f3 que la operaci\u00f3n de este programa se basa en un trabajo con recursos federales, es decir, a trav\u00e9s de Secretar\u00eda de Cultura federal y del Gobierno Estatal, mediante la Secretar\u00eda de las Culturas y Artes.<br \/>-0-<\/p>\n\n\n\n<figure class=\"wp-block-image size-large\"><img fetchpriority=\"high\" decoding=\"async\" width=\"1017\" height=\"1024\" src=\"https:\/\/contextoanalisisperiodistico.com\/wp-content\/uploads\/2023\/09\/img-20230928-wa00174698137375380250896-1017x1024.jpg\" alt=\"\" class=\"wp-image-18788\" srcset=\"https:\/\/contextoanalisisperiodistico.com\/wp-content\/uploads\/2023\/09\/img-20230928-wa00174698137375380250896-1017x1024.jpg 1017w, https:\/\/contextoanalisisperiodistico.com\/wp-content\/uploads\/2023\/09\/img-20230928-wa00174698137375380250896-298x300.jpg 298w, https:\/\/contextoanalisisperiodistico.com\/wp-content\/uploads\/2023\/09\/img-20230928-wa00174698137375380250896-150x150.jpg 150w, https:\/\/contextoanalisisperiodistico.com\/wp-content\/uploads\/2023\/09\/img-20230928-wa00174698137375380250896-768x773.jpg 768w, https:\/\/contextoanalisisperiodistico.com\/wp-content\/uploads\/2023\/09\/img-20230928-wa00174698137375380250896-1525x1536.jpg 1525w, https:\/\/contextoanalisisperiodistico.com\/wp-content\/uploads\/2023\/09\/img-20230928-wa00174698137375380250896-1024x1031.jpg 1024w, https:\/\/contextoanalisisperiodistico.com\/wp-content\/uploads\/2023\/09\/img-20230928-wa00174698137375380250896.jpg 1589w\" sizes=\"(max-width: 1017px) 100vw, 1017px\" \/><\/figure>\n\n\n\n<figure class=\"wp-block-image\"><img decoding=\"async\" width=\"1017\" height=\"1024\" src=\"https:\/\/contextoanalisisperiodistico.com\/wp-content\/uploads\/2023\/09\/img-20230928-wa00183059575603362620452-1017x1024.jpg\" alt=\"\" class=\"wp-image-18789\" srcset=\"https:\/\/contextoanalisisperiodistico.com\/wp-content\/uploads\/2023\/09\/img-20230928-wa00183059575603362620452-1017x1024.jpg 1017w, https:\/\/contextoanalisisperiodistico.com\/wp-content\/uploads\/2023\/09\/img-20230928-wa00183059575603362620452-298x300.jpg 298w, https:\/\/contextoanalisisperiodistico.com\/wp-content\/uploads\/2023\/09\/img-20230928-wa00183059575603362620452-150x150.jpg 150w, https:\/\/contextoanalisisperiodistico.com\/wp-content\/uploads\/2023\/09\/img-20230928-wa00183059575603362620452-768x773.jpg 768w, https:\/\/contextoanalisisperiodistico.com\/wp-content\/uploads\/2023\/09\/img-20230928-wa00183059575603362620452-1525x1536.jpg 1525w, https:\/\/contextoanalisisperiodistico.com\/wp-content\/uploads\/2023\/09\/img-20230928-wa00183059575603362620452-1024x1031.jpg 1024w, https:\/\/contextoanalisisperiodistico.com\/wp-content\/uploads\/2023\/09\/img-20230928-wa00183059575603362620452.jpg 1589w\" sizes=\"(max-width: 1017px) 100vw, 1017px\" \/><\/figure>\n\n\n\n<figure class=\"wp-block-image\"><img decoding=\"async\" width=\"181\" height=\"300\" src=\"https:\/\/contextoanalisisperiodistico.com\/wp-content\/uploads\/2023\/09\/img-20230928-wa00168699982881349584849-181x300.jpg\" alt=\"\" class=\"wp-image-18787\" srcset=\"https:\/\/contextoanalisisperiodistico.com\/wp-content\/uploads\/2023\/09\/img-20230928-wa00168699982881349584849-181x300.jpg 181w, https:\/\/contextoanalisisperiodistico.com\/wp-content\/uploads\/2023\/09\/img-20230928-wa00168699982881349584849.jpg 213w\" sizes=\"(max-width: 181px) 100vw, 181px\" \/><\/figure>\n","protected":false},"excerpt":{"rendered":"<p>\u2022 La Secretar\u00eda inform\u00f3 que despu\u00e9s de dos a\u00f1os, Oaxaca recibe apoyo de este programa,&#8230;<\/p>\n","protected":false},"author":4,"featured_media":18786,"comment_status":"closed","ping_status":"open","sticky":false,"template":"","format":"standard","meta":{"footnotes":""},"categories":[4],"tags":[],"jetpack_sharing_enabled":true,"featured_image_urls":{"full":["https:\/\/contextoanalisisperiodistico.com\/wp-content\/uploads\/2023\/09\/IMG-20230928-WA0015.jpg",1589,1600,false],"thumbnail":["https:\/\/contextoanalisisperiodistico.com\/wp-content\/uploads\/2023\/09\/IMG-20230928-WA0015-150x150.jpg",150,150,true],"medium":["https:\/\/contextoanalisisperiodistico.com\/wp-content\/uploads\/2023\/09\/IMG-20230928-WA0015-298x300.jpg",298,300,true],"medium_large":["https:\/\/contextoanalisisperiodistico.com\/wp-content\/uploads\/2023\/09\/IMG-20230928-WA0015-768x773.jpg",640,644,true],"large":["https:\/\/contextoanalisisperiodistico.com\/wp-content\/uploads\/2023\/09\/IMG-20230928-WA0015-1017x1024.jpg",640,644,true],"1536x1536":["https:\/\/contextoanalisisperiodistico.com\/wp-content\/uploads\/2023\/09\/IMG-20230928-WA0015-1525x1536.jpg",1525,1536,true],"2048x2048":["https:\/\/contextoanalisisperiodistico.com\/wp-content\/uploads\/2023\/09\/IMG-20230928-WA0015.jpg",1589,1600,false],"covernews-slider-full":["https:\/\/contextoanalisisperiodistico.com\/wp-content\/uploads\/2023\/09\/IMG-20230928-WA0015-1115x715.jpg",1115,715,true],"covernews-slider-center":["https:\/\/contextoanalisisperiodistico.com\/wp-content\/uploads\/2023\/09\/IMG-20230928-WA0015-800x500.jpg",800,500,true],"covernews-featured":["https:\/\/contextoanalisisperiodistico.com\/wp-content\/uploads\/2023\/09\/IMG-20230928-WA0015-1024x1031.jpg",1024,1031,true],"covernews-medium":["https:\/\/contextoanalisisperiodistico.com\/wp-content\/uploads\/2023\/09\/IMG-20230928-WA0015-540x340.jpg",540,340,true],"covernews-medium-square":["https:\/\/contextoanalisisperiodistico.com\/wp-content\/uploads\/2023\/09\/IMG-20230928-WA0015-400x250.jpg",400,250,true]},"author_info":{"display_name":"Mario Gir\u00f3n","author_link":"https:\/\/contextoanalisisperiodistico.com\/index.php\/author\/director\/"},"category_info":"<a href=\"https:\/\/contextoanalisisperiodistico.com\/index.php\/category\/cultura\/\" rel=\"category tag\">Cultura<\/a>","tag_info":"Cultura","comment_count":"0","jetpack_featured_media_url":"https:\/\/contextoanalisisperiodistico.com\/wp-content\/uploads\/2023\/09\/IMG-20230928-WA0015.jpg","_links":{"self":[{"href":"https:\/\/contextoanalisisperiodistico.com\/index.php\/wp-json\/wp\/v2\/posts\/18784"}],"collection":[{"href":"https:\/\/contextoanalisisperiodistico.com\/index.php\/wp-json\/wp\/v2\/posts"}],"about":[{"href":"https:\/\/contextoanalisisperiodistico.com\/index.php\/wp-json\/wp\/v2\/types\/post"}],"author":[{"embeddable":true,"href":"https:\/\/contextoanalisisperiodistico.com\/index.php\/wp-json\/wp\/v2\/users\/4"}],"replies":[{"embeddable":true,"href":"https:\/\/contextoanalisisperiodistico.com\/index.php\/wp-json\/wp\/v2\/comments?post=18784"}],"version-history":[{"count":1,"href":"https:\/\/contextoanalisisperiodistico.com\/index.php\/wp-json\/wp\/v2\/posts\/18784\/revisions"}],"predecessor-version":[{"id":18790,"href":"https:\/\/contextoanalisisperiodistico.com\/index.php\/wp-json\/wp\/v2\/posts\/18784\/revisions\/18790"}],"wp:featuredmedia":[{"embeddable":true,"href":"https:\/\/contextoanalisisperiodistico.com\/index.php\/wp-json\/wp\/v2\/media\/18786"}],"wp:attachment":[{"href":"https:\/\/contextoanalisisperiodistico.com\/index.php\/wp-json\/wp\/v2\/media?parent=18784"}],"wp:term":[{"taxonomy":"category","embeddable":true,"href":"https:\/\/contextoanalisisperiodistico.com\/index.php\/wp-json\/wp\/v2\/categories?post=18784"},{"taxonomy":"post_tag","embeddable":true,"href":"https:\/\/contextoanalisisperiodistico.com\/index.php\/wp-json\/wp\/v2\/tags?post=18784"}],"curies":[{"name":"wp","href":"https:\/\/api.w.org\/{rel}","templated":true}]}}