{"id":18779,"date":"2023-09-28T04:03:49","date_gmt":"2023-09-28T10:03:49","guid":{"rendered":"https:\/\/contextoanalisisperiodistico.com\/?p=18779"},"modified":"2023-09-28T04:04:22","modified_gmt":"2023-09-28T10:04:22","slug":"exhorta-sso-a-personas-con-enfermedades-cronicas-a-extremar-medidas-preventivas-contra-dengue","status":"publish","type":"post","link":"https:\/\/contextoanalisisperiodistico.com\/index.php\/2023\/09\/28\/exhorta-sso-a-personas-con-enfermedades-cronicas-a-extremar-medidas-preventivas-contra-dengue\/","title":{"rendered":"Exhorta SSO a personas con enfermedades cr\u00f3nicas a extremar medidas preventivas contra dengue"},"content":{"rendered":"<div id=\"fb-root\"><\/div>\n\n<p>\u2022 En la semana epidemiol\u00f3gica n\u00famero 38, se contabilizan 26 casos nuevos, que suman mil 94 casos confirmados<\/p>\n\n\n\n<p>\u2022 La dependencia hizo un llamado a las autoridades municipales y a la poblaci\u00f3n para no bajar la guardia contra el mosquito<\/p>\n\n\n\n<p>Oaxaca de Ju\u00e1rez, Oax. 27 de septiembre de 2023.- Los Servicios de Salud de Oaxaca (SSO) exhortan a la ciudadan\u00eda a extremar medidas preventivas contra el vector, ya que los s\u00edntomas del dengue pueden agravarse en personas menores de un a\u00f1o y mayores de 65 que tengan enfermedades cr\u00f3nicas.<\/p>\n\n\n\n<p>As\u00ed lo dio a conocer la jefa de la Unidad de Epidemiolog\u00eda de los SSO, Mayliz Esparza Castellanos durante el corte semanal de dengue, en el que indic\u00f3 que durante la semana epidemiol\u00f3gica n\u00famero 38, se registraron mil 94 casos confirmados por laboratorio, de los cuales 26 son casos nuevos.<\/p>\n\n\n\n<p>De acuerdo a su clasificaci\u00f3n, 508 corresponden a Dengue No Grave (DNG), 546 a Dengue Con Signos de Alarma (DCSA), y 40 a Dengue Grave (DG).<\/p>\n\n\n\n<p>La funcionaria mencion\u00f3 que la Jurisdicci\u00f3n Sanitaria de Valles Centrales report\u00f3 765 casos, seguido del Istmo con 97, Tuxtepec con 66, Costa con 71, Mixteca con 66 y Sierra con 29. A nivel nacional, Oaxaca ocupa el sexto lugar.<\/p>\n\n\n\n<p>Cabe destacar que el mayor n\u00famero de casos se concentra en los grupos de edad de 10 a 14 a\u00f1os con 147 casos, de 15 a 19 a\u00f1os con 122, de 25 a 29 a\u00f1os con 115 y 30 a 34 a\u00f1os con 111.<\/p>\n\n\n\n<p>De los 26 pacientes que se reportaron en la \u00faltima semana, 11 pertenecen al sexo femenino y 15 al masculino, se mantienen seis lamentables defunciones acumuladas ocurridas, tres en Valles Centrales, dos en Tuxtepec y una en el Istmo.<\/p>\n\n\n\n<p>Los cinco municipios con mayor n\u00famero de casos son: Oaxaca de Ju\u00e1rez con 340 casos, Santa Cruz Xoxocotl\u00e1n con 129, Huajuapan de Le\u00f3n con 54, San Juan Bautista Tuxtepec con 38 y Santa Luc\u00eda del Camino con 35.<\/p>\n\n\n\n<p>Esparza Castellanos indic\u00f3 que a la fecha se realizaron acciones de control larvario en 440 localidades de 129 municipios, se trabajaron con rociado residual 52 mil 294 espacios, en 362 localidades de 161 municipios y las actividades de termonebulizaci\u00f3n se aplicaron a un total de 75 mil 307 hect\u00e1reas, en 316 localidades de 140 municipios.<\/p>\n\n\n\n<p>La funcionaria hizo un llamado a las autoridades municipales y a la poblaci\u00f3n de no bajar la guardia contra el mosquito, por lo que exhort\u00f3 a mantener limpios los patios y azoteas de los hogares, acci\u00f3n fundamental para tener controlado al zancudo del g\u00e9nero Aedes aegypti y as\u00ed evitar su proliferaci\u00f3n<\/p>\n\n\n\n<p><\/p>\n\n\n\n<figure class=\"wp-block-image size-large\"><img fetchpriority=\"high\" decoding=\"async\" width=\"440\" height=\"1024\" src=\"https:\/\/contextoanalisisperiodistico.com\/wp-content\/uploads\/2023\/09\/img-20230927-wa00582796362897366988308-440x1024.jpg\" alt=\"\" class=\"wp-image-18781\" srcset=\"https:\/\/contextoanalisisperiodistico.com\/wp-content\/uploads\/2023\/09\/img-20230927-wa00582796362897366988308-440x1024.jpg 440w, https:\/\/contextoanalisisperiodistico.com\/wp-content\/uploads\/2023\/09\/img-20230927-wa00582796362897366988308-129x300.jpg 129w, https:\/\/contextoanalisisperiodistico.com\/wp-content\/uploads\/2023\/09\/img-20230927-wa00582796362897366988308-660x1536.jpg 660w, https:\/\/contextoanalisisperiodistico.com\/wp-content\/uploads\/2023\/09\/img-20230927-wa00582796362897366988308.jpg 688w\" sizes=\"(max-width: 440px) 100vw, 440px\" \/><\/figure>\n\n\n\n<figure class=\"wp-block-image\"><img decoding=\"async\" width=\"300\" height=\"300\" src=\"https:\/\/contextoanalisisperiodistico.com\/wp-content\/uploads\/2023\/09\/img-20230927-wa00573622721977094953556-300x300.jpg\" alt=\"\" class=\"wp-image-18782\" srcset=\"https:\/\/contextoanalisisperiodistico.com\/wp-content\/uploads\/2023\/09\/img-20230927-wa00573622721977094953556-300x300.jpg 300w, https:\/\/contextoanalisisperiodistico.com\/wp-content\/uploads\/2023\/09\/img-20230927-wa00573622721977094953556-150x150.jpg 150w, https:\/\/contextoanalisisperiodistico.com\/wp-content\/uploads\/2023\/09\/img-20230927-wa00573622721977094953556-768x768.jpg 768w, https:\/\/contextoanalisisperiodistico.com\/wp-content\/uploads\/2023\/09\/img-20230927-wa00573622721977094953556.jpg 1024w\" sizes=\"(max-width: 300px) 100vw, 300px\" \/><\/figure>\n","protected":false},"excerpt":{"rendered":"<p>\u2022 En la semana epidemiol\u00f3gica n\u00famero 38, se contabilizan 26 casos nuevos, que suman mil&#8230;<\/p>\n","protected":false},"author":4,"featured_media":18780,"comment_status":"closed","ping_status":"open","sticky":false,"template":"","format":"standard","meta":{"footnotes":""},"categories":[92],"tags":[],"jetpack_sharing_enabled":true,"featured_image_urls":{"full":["https:\/\/contextoanalisisperiodistico.com\/wp-content\/uploads\/2023\/09\/IMG-20230927-WA0056.jpg",1024,1024,false],"thumbnail":["https:\/\/contextoanalisisperiodistico.com\/wp-content\/uploads\/2023\/09\/IMG-20230927-WA0056-150x150.jpg",150,150,true],"medium":["https:\/\/contextoanalisisperiodistico.com\/wp-content\/uploads\/2023\/09\/IMG-20230927-WA0056-300x300.jpg",300,300,true],"medium_large":["https:\/\/contextoanalisisperiodistico.com\/wp-content\/uploads\/2023\/09\/IMG-20230927-WA0056-768x768.jpg",640,640,true],"large":["https:\/\/contextoanalisisperiodistico.com\/wp-content\/uploads\/2023\/09\/IMG-20230927-WA0056.jpg",640,640,false],"1536x1536":["https:\/\/contextoanalisisperiodistico.com\/wp-content\/uploads\/2023\/09\/IMG-20230927-WA0056.jpg",1024,1024,false],"2048x2048":["https:\/\/contextoanalisisperiodistico.com\/wp-content\/uploads\/2023\/09\/IMG-20230927-WA0056.jpg",1024,1024,false],"covernews-slider-full":["https:\/\/contextoanalisisperiodistico.com\/wp-content\/uploads\/2023\/09\/IMG-20230927-WA0056-1024x715.jpg",1024,715,true],"covernews-slider-center":["https:\/\/contextoanalisisperiodistico.com\/wp-content\/uploads\/2023\/09\/IMG-20230927-WA0056-800x500.jpg",800,500,true],"covernews-featured":["https:\/\/contextoanalisisperiodistico.com\/wp-content\/uploads\/2023\/09\/IMG-20230927-WA0056.jpg",1024,1024,false],"covernews-medium":["https:\/\/contextoanalisisperiodistico.com\/wp-content\/uploads\/2023\/09\/IMG-20230927-WA0056-540x340.jpg",540,340,true],"covernews-medium-square":["https:\/\/contextoanalisisperiodistico.com\/wp-content\/uploads\/2023\/09\/IMG-20230927-WA0056-400x250.jpg",400,250,true]},"author_info":{"display_name":"Mario Gir\u00f3n","author_link":"https:\/\/contextoanalisisperiodistico.com\/index.php\/author\/director\/"},"category_info":"<a href=\"https:\/\/contextoanalisisperiodistico.com\/index.php\/category\/salud\/\" rel=\"category tag\">Salud<\/a>","tag_info":"Salud","comment_count":"0","jetpack_featured_media_url":"https:\/\/contextoanalisisperiodistico.com\/wp-content\/uploads\/2023\/09\/IMG-20230927-WA0056.jpg","_links":{"self":[{"href":"https:\/\/contextoanalisisperiodistico.com\/index.php\/wp-json\/wp\/v2\/posts\/18779"}],"collection":[{"href":"https:\/\/contextoanalisisperiodistico.com\/index.php\/wp-json\/wp\/v2\/posts"}],"about":[{"href":"https:\/\/contextoanalisisperiodistico.com\/index.php\/wp-json\/wp\/v2\/types\/post"}],"author":[{"embeddable":true,"href":"https:\/\/contextoanalisisperiodistico.com\/index.php\/wp-json\/wp\/v2\/users\/4"}],"replies":[{"embeddable":true,"href":"https:\/\/contextoanalisisperiodistico.com\/index.php\/wp-json\/wp\/v2\/comments?post=18779"}],"version-history":[{"count":1,"href":"https:\/\/contextoanalisisperiodistico.com\/index.php\/wp-json\/wp\/v2\/posts\/18779\/revisions"}],"predecessor-version":[{"id":18783,"href":"https:\/\/contextoanalisisperiodistico.com\/index.php\/wp-json\/wp\/v2\/posts\/18779\/revisions\/18783"}],"wp:featuredmedia":[{"embeddable":true,"href":"https:\/\/contextoanalisisperiodistico.com\/index.php\/wp-json\/wp\/v2\/media\/18780"}],"wp:attachment":[{"href":"https:\/\/contextoanalisisperiodistico.com\/index.php\/wp-json\/wp\/v2\/media?parent=18779"}],"wp:term":[{"taxonomy":"category","embeddable":true,"href":"https:\/\/contextoanalisisperiodistico.com\/index.php\/wp-json\/wp\/v2\/categories?post=18779"},{"taxonomy":"post_tag","embeddable":true,"href":"https:\/\/contextoanalisisperiodistico.com\/index.php\/wp-json\/wp\/v2\/tags?post=18779"}],"curies":[{"name":"wp","href":"https:\/\/api.w.org\/{rel}","templated":true}]}}