{"id":18735,"date":"2023-09-26T21:17:37","date_gmt":"2023-09-27T03:17:37","guid":{"rendered":"https:\/\/contextoanalisisperiodistico.com\/?p=18735"},"modified":"2023-09-26T21:18:09","modified_gmt":"2023-09-27T03:18:09","slug":"avanza-gobierno-estatal-en-la-construccion-de-un-oaxaca-mas-inclusivo","status":"publish","type":"post","link":"https:\/\/contextoanalisisperiodistico.com\/index.php\/2023\/09\/26\/avanza-gobierno-estatal-en-la-construccion-de-un-oaxaca-mas-inclusivo\/","title":{"rendered":"<em>Avanza Gobierno estatal en la construcci\u00f3n de un Oaxaca m\u00e1s inclusivo<\/em>"},"content":{"rendered":"<div id=\"fb-root\"><\/div>\n\n<p>\u2022 El Gobernador Salom\u00f3n Jara encabez\u00f3 la Instalaci\u00f3n Formal y Primera Sesi\u00f3n Ordinaria del Consejo para los Derechos de las Personas con Discapacidad<\/p>\n\n\n\n<p>\u2022 Est\u00e1 conformado por representantes de los Tres Poderes del Estado, \u00f3rganos aut\u00f3nomos, por seis personas de la sociedad civil<\/p>\n\n\n\n<p>Oaxaca de Ju\u00e1rez, Oax. 26 de septiembre de 2023.- Al encabezar la instalaci\u00f3n formal y primera Sesi\u00f3n Ordinaria del Consejo para los Derechos de las Personas con Discapacidad, el Gobernador del Estado Salom\u00f3n Jara Cruz recalc\u00f3 que su gobierno avanza en la construcci\u00f3n de un Oaxaca m\u00e1s inclusivo y respetuoso a los derechos de este importante sector de la sociedad.<\/p>\n\n\n\n<p>En Palacio de Gobierno, el Mandatario estatal dijo que para sumar a este \u00f3rgano m\u00e1s \u00e1reas como el Sistema DIF Estatal, la Secretar\u00eda de las Mujeres, entre otras, a trav\u00e9s de la Secretar\u00eda T\u00e9cnica presentar\u00e1n una propuesta de reforma a la Ley de los Derechos de las Personas con Discapacidad en el Estado.<\/p>\n\n\n\n<p>\u201cLa inclusi\u00f3n de estas instituciones permitir\u00e1 que se aborden otros derechos y se avance en otras agendas, no solo en el rubro de justicia, tambi\u00e9n aquellas instituciones que atienden y brindan acompa\u00f1amiento a v\u00edctimas directas e indirectas, las electorales y de justicia administrativa es importante que se sumen a este pacto por la inclusi\u00f3n\u201d, destac\u00f3 Jara Cruz.<\/p>\n\n\n\n<p>Asimismo, el Jefe del Ejecutivo estatal y Presidente del Consejo reconoci\u00f3 la labor y trabajo de los colectivos de personas con discapacidad por sus aportes y la integraci\u00f3n de m\u00e1s ciudadan\u00eda al di\u00e1logo directo que han mantenido con la Secretar\u00eda de Gobierno (Sego).<\/p>\n\n\n\n<p>\u201cQuiero decirles que este di\u00e1logo ser\u00e1 permanente, que se sientan con la confianza de decirnos qu\u00e9 instituciones est\u00e1n haciendo bien su trabajo y qui\u00e9nes est\u00e1n fallando en la tarea de construir un Oaxaca inclusivo; yo voy a estar muy al pendiente\u201d, acot\u00f3 el Gobernador del Estado.<\/p>\n\n\n\n<p>Por su parte la coordinadora para la Atenci\u00f3n de los Derechos Humanos y secretaria T\u00e9cnica del Consejo Flor Estela Morales Hern\u00e1ndez dijo que, de acuerdo a la Ley de los Derechos de las Personas con Discapacidad en el Estado de Oaxaca, este es el \u00f3rgano permanente de coordinaci\u00f3n interinstitucional que tiene por objeto ser el eje rector y articulador en el dise\u00f1o, implementaci\u00f3n y evaluaci\u00f3n de pol\u00edticas p\u00fablicas, programas y servicios que garanticen a las personas con discapacidad el pleno goce de todos sus derechos.<\/p>\n\n\n\n<p>Las personas de la sociedad civil que forman parte son: Pedro Edgardo Miranda Gij\u00f3n, Tania Soledad P\u00e9rez Robles, Yanideth Rueda V\u00e1squez, Everardo P\u00e9rez Pacheco, Roberto Antonio Salvador y Mar\u00eda del Carmen Mart\u00ednez Mu\u00f1oz.<\/p>\n\n\n\n<p>\u201cEs la primera vez que en el estado de Oaxaca se instala de manera legal y leg\u00edtima el Consejo para los Derechos de las Personas con Discapacidad, me refiero a la legitimidad de este consejo porque para la elecci\u00f3n de las seis personas de la sociedad civil el Gobierno del Estado, a trav\u00e9s de la Coordinaci\u00f3n para la Atenci\u00f3n de los Derechos Humanos, emiti\u00f3 una convocatoria p\u00fablica dise\u00f1ada en formatos accesibles y difundida en lenguas en las ocho regiones del estado\u201d, subray\u00f3.<\/p>\n\n\n\n<p>Firma Jara Cruz, como testigo de honor, el Pacto por la Inclusi\u00f3n<\/p>\n\n\n\n<p>En el marco de la instalaci\u00f3n del Consejo para los Derechos de las Personas con Discapacidad, el titular de la Gubernatura Salom\u00f3n Jara sign\u00f3 el Pacto por la Inclusi\u00f3n, documento que contiene 13 compromisos para lograr el acceso a la justicia de las personas con discapacidad.<\/p>\n\n\n\n<p>Asimismo, busca alentar y comprometer a las instituciones a implementar medidas concretas y establecer est\u00e1ndares para asegurar que las personas con discapacidad puedan ejercer plenamente sus derechos, particularmente en lo que se refiere al derecho de acceso a la justicia y a la informaci\u00f3n.<\/p>\n\n\n\n<p>\u201cNo se trata de una concesi\u00f3n a las personas con discapacidad, este pacto recoge el esp\u00edritu de un gobierno humanista que reconoce la deuda hist\u00f3rica e institucional que se tiene con las personas con discapacidad\u201d, confirm\u00f3 el Gobernador del Estado.<\/p>\n\n\n\n<p>Realiz\u00f3 un llamado a todas las personas y servidores p\u00fablicos a sumar esfuerzos en pro de la agenda de las personas con discapacidad, para que las acciones y pol\u00edticas p\u00fablicas realizadas sean acordes al programa de trabajo y par\u00e1metros del Consejo para las Personas con Discapacidad.<\/p>\n\n\n\n<p><\/p>\n\n\n\n<figure class=\"wp-block-image size-large\"><img fetchpriority=\"high\" decoding=\"async\" width=\"1024\" height=\"682\" src=\"https:\/\/contextoanalisisperiodistico.com\/wp-content\/uploads\/2023\/09\/img-20230926-wa01014487621241484960659-1024x682.jpg\" alt=\"\" class=\"wp-image-18737\" srcset=\"https:\/\/contextoanalisisperiodistico.com\/wp-content\/uploads\/2023\/09\/img-20230926-wa01014487621241484960659-1024x682.jpg 1024w, https:\/\/contextoanalisisperiodistico.com\/wp-content\/uploads\/2023\/09\/img-20230926-wa01014487621241484960659-300x200.jpg 300w, https:\/\/contextoanalisisperiodistico.com\/wp-content\/uploads\/2023\/09\/img-20230926-wa01014487621241484960659-768x512.jpg 768w, https:\/\/contextoanalisisperiodistico.com\/wp-content\/uploads\/2023\/09\/img-20230926-wa01014487621241484960659-1536x1023.jpg 1536w, https:\/\/contextoanalisisperiodistico.com\/wp-content\/uploads\/2023\/09\/img-20230926-wa01014487621241484960659.jpg 1600w\" sizes=\"(max-width: 1024px) 100vw, 1024px\" \/><\/figure>\n\n\n\n<figure class=\"wp-block-image\"><img decoding=\"async\" width=\"1024\" height=\"682\" src=\"https:\/\/contextoanalisisperiodistico.com\/wp-content\/uploads\/2023\/09\/img-20230926-wa01033670355538720829218-1024x682.jpg\" alt=\"\" class=\"wp-image-18738\" srcset=\"https:\/\/contextoanalisisperiodistico.com\/wp-content\/uploads\/2023\/09\/img-20230926-wa01033670355538720829218-1024x682.jpg 1024w, https:\/\/contextoanalisisperiodistico.com\/wp-content\/uploads\/2023\/09\/img-20230926-wa01033670355538720829218-300x200.jpg 300w, https:\/\/contextoanalisisperiodistico.com\/wp-content\/uploads\/2023\/09\/img-20230926-wa01033670355538720829218-768x512.jpg 768w, https:\/\/contextoanalisisperiodistico.com\/wp-content\/uploads\/2023\/09\/img-20230926-wa01033670355538720829218-1536x1023.jpg 1536w, https:\/\/contextoanalisisperiodistico.com\/wp-content\/uploads\/2023\/09\/img-20230926-wa01033670355538720829218.jpg 1600w\" sizes=\"(max-width: 1024px) 100vw, 1024px\" \/><\/figure>\n\n\n\n<figure class=\"wp-block-image\"><img decoding=\"async\" width=\"1024\" height=\"682\" src=\"https:\/\/contextoanalisisperiodistico.com\/wp-content\/uploads\/2023\/09\/img-20230926-wa0102697397157082677016-1024x682.jpg\" alt=\"\" class=\"wp-image-18739\" srcset=\"https:\/\/contextoanalisisperiodistico.com\/wp-content\/uploads\/2023\/09\/img-20230926-wa0102697397157082677016-1024x682.jpg 1024w, https:\/\/contextoanalisisperiodistico.com\/wp-content\/uploads\/2023\/09\/img-20230926-wa0102697397157082677016-300x200.jpg 300w, https:\/\/contextoanalisisperiodistico.com\/wp-content\/uploads\/2023\/09\/img-20230926-wa0102697397157082677016-768x512.jpg 768w, https:\/\/contextoanalisisperiodistico.com\/wp-content\/uploads\/2023\/09\/img-20230926-wa0102697397157082677016-1536x1023.jpg 1536w, https:\/\/contextoanalisisperiodistico.com\/wp-content\/uploads\/2023\/09\/img-20230926-wa0102697397157082677016.jpg 1600w\" sizes=\"(max-width: 1024px) 100vw, 1024px\" \/><\/figure>\n","protected":false},"excerpt":{"rendered":"<p>\u2022 El Gobernador Salom\u00f3n Jara encabez\u00f3 la Instalaci\u00f3n Formal y Primera Sesi\u00f3n Ordinaria del Consejo&#8230;<\/p>\n","protected":false},"author":4,"featured_media":18736,"comment_status":"closed","ping_status":"open","sticky":false,"template":"","format":"standard","meta":{"footnotes":""},"categories":[9],"tags":[],"jetpack_sharing_enabled":true,"featured_image_urls":{"full":["https:\/\/contextoanalisisperiodistico.com\/wp-content\/uploads\/2023\/09\/IMG-20230926-WA0099.jpg",1600,1066,false],"thumbnail":["https:\/\/contextoanalisisperiodistico.com\/wp-content\/uploads\/2023\/09\/IMG-20230926-WA0099-150x150.jpg",150,150,true],"medium":["https:\/\/contextoanalisisperiodistico.com\/wp-content\/uploads\/2023\/09\/IMG-20230926-WA0099-300x200.jpg",300,200,true],"medium_large":["https:\/\/contextoanalisisperiodistico.com\/wp-content\/uploads\/2023\/09\/IMG-20230926-WA0099-768x512.jpg",640,427,true],"large":["https:\/\/contextoanalisisperiodistico.com\/wp-content\/uploads\/2023\/09\/IMG-20230926-WA0099-1024x682.jpg",640,426,true],"1536x1536":["https:\/\/contextoanalisisperiodistico.com\/wp-content\/uploads\/2023\/09\/IMG-20230926-WA0099-1536x1023.jpg",1536,1023,true],"2048x2048":["https:\/\/contextoanalisisperiodistico.com\/wp-content\/uploads\/2023\/09\/IMG-20230926-WA0099.jpg",1600,1066,false],"covernews-slider-full":["https:\/\/contextoanalisisperiodistico.com\/wp-content\/uploads\/2023\/09\/IMG-20230926-WA0099-1115x715.jpg",1115,715,true],"covernews-slider-center":["https:\/\/contextoanalisisperiodistico.com\/wp-content\/uploads\/2023\/09\/IMG-20230926-WA0099-800x500.jpg",800,500,true],"covernews-featured":["https:\/\/contextoanalisisperiodistico.com\/wp-content\/uploads\/2023\/09\/IMG-20230926-WA0099-1024x682.jpg",1024,682,true],"covernews-medium":["https:\/\/contextoanalisisperiodistico.com\/wp-content\/uploads\/2023\/09\/IMG-20230926-WA0099-540x340.jpg",540,340,true],"covernews-medium-square":["https:\/\/contextoanalisisperiodistico.com\/wp-content\/uploads\/2023\/09\/IMG-20230926-WA0099-400x250.jpg",400,250,true]},"author_info":{"display_name":"Mario Gir\u00f3n","author_link":"https:\/\/contextoanalisisperiodistico.com\/index.php\/author\/director\/"},"category_info":"<a href=\"https:\/\/contextoanalisisperiodistico.com\/index.php\/category\/politica\/\" rel=\"category tag\">Pol\u00edtica<\/a>","tag_info":"Pol\u00edtica","comment_count":"0","jetpack_featured_media_url":"https:\/\/contextoanalisisperiodistico.com\/wp-content\/uploads\/2023\/09\/IMG-20230926-WA0099.jpg","_links":{"self":[{"href":"https:\/\/contextoanalisisperiodistico.com\/index.php\/wp-json\/wp\/v2\/posts\/18735"}],"collection":[{"href":"https:\/\/contextoanalisisperiodistico.com\/index.php\/wp-json\/wp\/v2\/posts"}],"about":[{"href":"https:\/\/contextoanalisisperiodistico.com\/index.php\/wp-json\/wp\/v2\/types\/post"}],"author":[{"embeddable":true,"href":"https:\/\/contextoanalisisperiodistico.com\/index.php\/wp-json\/wp\/v2\/users\/4"}],"replies":[{"embeddable":true,"href":"https:\/\/contextoanalisisperiodistico.com\/index.php\/wp-json\/wp\/v2\/comments?post=18735"}],"version-history":[{"count":1,"href":"https:\/\/contextoanalisisperiodistico.com\/index.php\/wp-json\/wp\/v2\/posts\/18735\/revisions"}],"predecessor-version":[{"id":18740,"href":"https:\/\/contextoanalisisperiodistico.com\/index.php\/wp-json\/wp\/v2\/posts\/18735\/revisions\/18740"}],"wp:featuredmedia":[{"embeddable":true,"href":"https:\/\/contextoanalisisperiodistico.com\/index.php\/wp-json\/wp\/v2\/media\/18736"}],"wp:attachment":[{"href":"https:\/\/contextoanalisisperiodistico.com\/index.php\/wp-json\/wp\/v2\/media?parent=18735"}],"wp:term":[{"taxonomy":"category","embeddable":true,"href":"https:\/\/contextoanalisisperiodistico.com\/index.php\/wp-json\/wp\/v2\/categories?post=18735"},{"taxonomy":"post_tag","embeddable":true,"href":"https:\/\/contextoanalisisperiodistico.com\/index.php\/wp-json\/wp\/v2\/tags?post=18735"}],"curies":[{"name":"wp","href":"https:\/\/api.w.org\/{rel}","templated":true}]}}