{"id":18730,"date":"2023-09-26T19:32:34","date_gmt":"2023-09-27T01:32:34","guid":{"rendered":"https:\/\/contextoanalisisperiodistico.com\/index.php\/2023\/09\/26\/gestiona-martinez-neri-en-congreso-de-la-union-recursos-para-mantener-bajo-control-traslado-final-de-los-rsu\/"},"modified":"2023-09-26T19:32:34","modified_gmt":"2023-09-27T01:32:34","slug":"gestiona-martinez-neri-en-congreso-de-la-union-recursos-para-mantener-bajo-control-traslado-final-de-los-rsu","status":"publish","type":"post","link":"https:\/\/contextoanalisisperiodistico.com\/index.php\/2023\/09\/26\/gestiona-martinez-neri-en-congreso-de-la-union-recursos-para-mantener-bajo-control-traslado-final-de-los-rsu\/","title":{"rendered":"Gestiona Mart\u00ednez Neri en  Congreso de la Uni\u00f3n recursos para mantener  bajo control traslado final de los RSU"},"content":{"rendered":"<div id=\"fb-root\"><\/div>\n\n<p>El presidente municipal de Oaxaca de Ju\u00e1rez, Francisco Mart\u00ednez Neri, se reuni\u00f3 en la C\u00e1mara de Diputados, del H. Congreso de la Uni\u00f3n, con el diputado Erasmo Gonz\u00e1lez Robledo, presidente de la Comisi\u00f3n de Presupuesto y Cuenta P\u00fablica, y el diputado Carol Antonio Altamirano, miembro de esta comisi\u00f3n, para gestionar recursos econ\u00f3micos que permitan continuar haciendo frente a la contingencia causada por el traslado y disposici\u00f3n final de los Residuos S\u00f3lidos Urbanos (RSU), que a casi un a\u00f1o ha solventado presupuestalmente el municipio capitalino con recursos propios.<\/p>\n\n\n\n<p>La gesti\u00f3n tiene como prop\u00f3sito continuar garantizando el servicio de recolecci\u00f3n de RSU a la ciudadan\u00eda de la demarcaci\u00f3n municipal, atendiendo la contingencia sin endeudar al municipio.<\/p>\n","protected":false},"excerpt":{"rendered":"<p>El presidente municipal de Oaxaca de Ju\u00e1rez, Francisco Mart\u00ednez Neri, se reuni\u00f3 en la C\u00e1mara&#8230;<\/p>\n","protected":false},"author":4,"featured_media":18729,"comment_status":"","ping_status":"open","sticky":false,"template":"","format":"standard","meta":{"footnotes":""},"categories":[9],"tags":[],"jetpack_sharing_enabled":true,"featured_image_urls":{"full":["https:\/\/contextoanalisisperiodistico.com\/wp-content\/uploads\/2023\/09\/IMG-20230926-WA0091.jpg",1024,768,false],"thumbnail":["https:\/\/contextoanalisisperiodistico.com\/wp-content\/uploads\/2023\/09\/IMG-20230926-WA0091-150x150.jpg",150,150,true],"medium":["https:\/\/contextoanalisisperiodistico.com\/wp-content\/uploads\/2023\/09\/IMG-20230926-WA0091-300x225.jpg",300,225,true],"medium_large":["https:\/\/contextoanalisisperiodistico.com\/wp-content\/uploads\/2023\/09\/IMG-20230926-WA0091-768x576.jpg",640,480,true],"large":["https:\/\/contextoanalisisperiodistico.com\/wp-content\/uploads\/2023\/09\/IMG-20230926-WA0091.jpg",640,480,false],"1536x1536":["https:\/\/contextoanalisisperiodistico.com\/wp-content\/uploads\/2023\/09\/IMG-20230926-WA0091.jpg",1024,768,false],"2048x2048":["https:\/\/contextoanalisisperiodistico.com\/wp-content\/uploads\/2023\/09\/IMG-20230926-WA0091.jpg",1024,768,false],"covernews-slider-full":["https:\/\/contextoanalisisperiodistico.com\/wp-content\/uploads\/2023\/09\/IMG-20230926-WA0091-1024x715.jpg",1024,715,true],"covernews-slider-center":["https:\/\/contextoanalisisperiodistico.com\/wp-content\/uploads\/2023\/09\/IMG-20230926-WA0091-800x500.jpg",800,500,true],"covernews-featured":["https:\/\/contextoanalisisperiodistico.com\/wp-content\/uploads\/2023\/09\/IMG-20230926-WA0091.jpg",1024,768,false],"covernews-medium":["https:\/\/contextoanalisisperiodistico.com\/wp-content\/uploads\/2023\/09\/IMG-20230926-WA0091-540x340.jpg",540,340,true],"covernews-medium-square":["https:\/\/contextoanalisisperiodistico.com\/wp-content\/uploads\/2023\/09\/IMG-20230926-WA0091-400x250.jpg",400,250,true]},"author_info":{"display_name":"Mario Gir\u00f3n","author_link":"https:\/\/contextoanalisisperiodistico.com\/index.php\/author\/director\/"},"category_info":"<a href=\"https:\/\/contextoanalisisperiodistico.com\/index.php\/category\/politica\/\" rel=\"category tag\">Pol\u00edtica<\/a>","tag_info":"Pol\u00edtica","comment_count":"0","jetpack_featured_media_url":"https:\/\/contextoanalisisperiodistico.com\/wp-content\/uploads\/2023\/09\/IMG-20230926-WA0091.jpg","_links":{"self":[{"href":"https:\/\/contextoanalisisperiodistico.com\/index.php\/wp-json\/wp\/v2\/posts\/18730"}],"collection":[{"href":"https:\/\/contextoanalisisperiodistico.com\/index.php\/wp-json\/wp\/v2\/posts"}],"about":[{"href":"https:\/\/contextoanalisisperiodistico.com\/index.php\/wp-json\/wp\/v2\/types\/post"}],"author":[{"embeddable":true,"href":"https:\/\/contextoanalisisperiodistico.com\/index.php\/wp-json\/wp\/v2\/users\/4"}],"replies":[{"embeddable":true,"href":"https:\/\/contextoanalisisperiodistico.com\/index.php\/wp-json\/wp\/v2\/comments?post=18730"}],"version-history":[{"count":0,"href":"https:\/\/contextoanalisisperiodistico.com\/index.php\/wp-json\/wp\/v2\/posts\/18730\/revisions"}],"wp:featuredmedia":[{"embeddable":true,"href":"https:\/\/contextoanalisisperiodistico.com\/index.php\/wp-json\/wp\/v2\/media\/18729"}],"wp:attachment":[{"href":"https:\/\/contextoanalisisperiodistico.com\/index.php\/wp-json\/wp\/v2\/media?parent=18730"}],"wp:term":[{"taxonomy":"category","embeddable":true,"href":"https:\/\/contextoanalisisperiodistico.com\/index.php\/wp-json\/wp\/v2\/categories?post=18730"},{"taxonomy":"post_tag","embeddable":true,"href":"https:\/\/contextoanalisisperiodistico.com\/index.php\/wp-json\/wp\/v2\/tags?post=18730"}],"curies":[{"name":"wp","href":"https:\/\/api.w.org\/{rel}","templated":true}]}}