{"id":18719,"date":"2023-09-26T18:43:33","date_gmt":"2023-09-27T00:43:33","guid":{"rendered":"https:\/\/contextoanalisisperiodistico.com\/?p=18719"},"modified":"2023-09-26T18:45:02","modified_gmt":"2023-09-27T00:45:02","slug":"gobiernos-federal-y-estatal-rebasados-por-fenomeno-migratorio-no-funcionan-puntos-de-revision-pan-oaxaca","status":"publish","type":"post","link":"https:\/\/contextoanalisisperiodistico.com\/index.php\/2023\/09\/26\/gobiernos-federal-y-estatal-rebasados-por-fenomeno-migratorio-no-funcionan-puntos-de-revision-pan-oaxaca\/","title":{"rendered":"Gobiernos federal y estatal rebasados por fen\u00f3meno migratorio: PAN Oaxaca"},"content":{"rendered":"<div id=\"fb-root\"><\/div>\n\n<p>&nbsp;Comunicado: <\/p>\n\n\n\n<figure class=\"wp-block-image size-large\"><img fetchpriority=\"high\" decoding=\"async\" width=\"1024\" height=\"768\" src=\"https:\/\/contextoanalisisperiodistico.com\/wp-content\/uploads\/2023\/09\/img-20230926-wa00827939739587296824935.jpg\" alt=\"\" class=\"wp-image-18721\" srcset=\"https:\/\/contextoanalisisperiodistico.com\/wp-content\/uploads\/2023\/09\/img-20230926-wa00827939739587296824935.jpg 1024w, https:\/\/contextoanalisisperiodistico.com\/wp-content\/uploads\/2023\/09\/img-20230926-wa00827939739587296824935-300x225.jpg 300w, https:\/\/contextoanalisisperiodistico.com\/wp-content\/uploads\/2023\/09\/img-20230926-wa00827939739587296824935-768x576.jpg 768w\" sizes=\"(max-width: 1024px) 100vw, 1024px\" \/><\/figure>\n\n\n\n<p><strong>*La pol\u00edtica migratoria de AMLO y Salom\u00f3n Jara es absolutamente fallida: Perla Woolrich<\/strong><\/p>\n\n\n\n<p><strong>*Organizaciones sociales beneficiadas por el gobierno estatal, pertenecen a los mismos dirigentes de Morena que hoy son funcionarios: Gerardo Henestroza, secretario de elecciones<\/strong><\/p>\n\n\n\n<p>&nbsp;<\/p>\n\n\n\n<p>Los gobiernos federal y estatal est\u00e1n rebasados ante la llegada diaria de oleadas de miles de migrantes en territorio nacional, de manera que de poco o nada sirven sus 46 puntos de \u201crescate\u201d anunciados oficialmente en Oaxaca, o sus albergues donde los migrantes terminan por irse ante la falta de alimentos, agua y en general ayuda humanitaria, basta con ver parques, jardines y camellones en la capital para darse cuenta que la pol\u00edtica migratoria es fallida, se\u00f1al\u00f3 la dirigente estatal del PAN, Perla Woolrich Fern\u00e1ndez.<\/p>\n\n\n\n<p>&nbsp;<\/p>\n\n\n\n<p>Dijo que los migrantes llevan meses llegando a la capital, y fue hasta que la ciudadan\u00eda bloque\u00f3 Perif\u00e9rico como protesta por el hacinamiento y la falta de sanitarios que las autoridades municipales y estatales decidieron tomar medidas que igualmente ser\u00edan acciones fracasadas, pues a las horas el albergue instalado en un templo cat\u00f3lico para desalojar a los migrantes y sus familias tuvo que cerrarse ante la falta de alimentos para distribu\u00edrselos.<\/p>\n\n\n\n<p>&nbsp;<\/p>\n\n\n\n<p>Expuso que el Ejecutivo Federal s\u00f3lo abri\u00f3 la puerta a la migraci\u00f3n sin tomar en cuenta que no hab\u00eda condiciones para brindar ayuda humanitaria, dejando a la ciudadan\u00eda y a los migrantes a merced de la delincuencia organizada, que son en realidad quienes gobiernan, solo hay que ver los videos en comunidades de Chiapas donde a bordo de camionetas se adue\u00f1\u00f3 de pueblos enteros.<\/p>\n\n\n\n<p>&nbsp;<\/p>\n\n\n\n<p>En su conferencia semanal \u201cLa Hora del PAN y el caf\u00e9, con Perla Woolrich\u201d, la jurista deplor\u00f3 que entre la delincuencia organizada, la corrupci\u00f3n de este r\u00e9gimen federal y su falta de rumbo econ\u00f3mico y social, \u201cvamos a terminar como las familias migrantes subi\u00e9ndonos a los trenes para irnos de nuestra tierra en busca de ayuda en otros pa\u00edses\u201d.<\/p>\n\n\n\n<p>&nbsp;<\/p>\n\n\n\n<p><strong>Gobierno morenista beneficiar\u00e1 a las organizaciones sociales que dirigen solamente sus aliados y funcionarios y legisladores: Gerardo Henestroza<\/strong><\/p>\n\n\n\n<p>&nbsp;<\/p>\n\n\n\n<p>En su oportunidad, el secretario de elecciones del CDE del PAN-Oaxaca, Gerardo Henestroza, denunci\u00f3 que el Gobierno estatal de Morena, \u201cpeor que los anteriores, con descarado cinismo\u201d incluy\u00f3 como beneficiarias a organizaciones sociales que dirigen o est\u00e1n vinculadas a legisladores, funcionarios y afines al partido oficial, pese a las aseveraciones del gobernador Salom\u00f3n Jara de que no habr\u00eda intermediarios, ni \u201capoyos\u201d a ninguna organizaci\u00f3n.<\/p>\n\n\n\n<p>&nbsp;<\/p>\n\n\n\n<p>El ex diputado record\u00f3 que mientras en el presupuesto 2023 se reducen dos mil millones de pesos al sector de la salud estatal, suman casi 3 mil millones de pesos el presupuesto destinado a las organizaciones sociales.<\/p>\n\n\n\n<p>&nbsp;<\/p>\n\n\n\n<p>Manifest\u00f3 que entre las organizaciones que est\u00e1n incluidas entre las beneficiadas se encuentran: la Asamblea de los Pueblos Ind\u00edgenas y del Partido Unidad Popular (API-PUP); Consejo para el Desarrollo de los Pueblos de Oaxaca (CDEPO); la Coordinadora Democr\u00e1tica de Pueblos, que dirige Roberto L\u00f3pez Rosado; el Consejo Estatal Campesino de Oaxaca, Emiliano Zapata (CECOEZ), que dirige Manuel Garc\u00eda Corpus, asesor de los servicios de salud; Coordinadora Nacional Plan de Ayala, que dirige Daniel Ju\u00e1rez; SUMATE de Daniel Ju\u00e1rez, ambos hermanos y primos del actual secretario de gobierno, Jes\u00fas Romero; COCEI, a la que representan tanto Alberto Reyna Figueroa, Leopoldo de Gyves actual embajador de M\u00e9xico en Venezuela; La Coalici\u00f3n de Organizaciones Democr\u00e1ticas Urbanas y Campesinas (CODUC) y RECOS, vinculada a la legisladora local Eva Diego y al legislador Sergio L\u00f3pez; COMUNA ligada al encargado de la jefatura de gabinete, Flavio Sosa; DECIDE de Emilio de Gyves; El campo es de todos, que representa Karina Bar\u00f3n, entre otras.<\/p>\n\n\n\n<p>&nbsp;<\/p>\n\n\n\n<p>Finalmente, en la conferencia de medios, la dirigente estatal del partido albiazul inform\u00f3 que el representante del PAN ante el IEEPCO, Alejandro Facio present\u00f3 un recurso para impugnar los lineamientos de acciones afirmativas para el pr\u00f3ximo proceso electoral ya que vulneran los criterios de proporcionalidad, equidad y por consiguiente los derechos electorales de la ciudadan\u00eda.<\/p>\n\n\n\n<p>&nbsp;<\/p>\n\n\n\n<p>&nbsp;<\/p>\n\n\n\n<p>&nbsp;<\/p>\n\n\n\n<p>&nbsp;<\/p>\n\n\n\n<p>&nbsp;<\/p>\n\n\n\n<p>&nbsp;<\/p>\n\n\n\n<p>&nbsp;<\/p>\n","protected":false},"excerpt":{"rendered":"<p>&nbsp;Comunicado: *La pol\u00edtica migratoria de AMLO y Salom\u00f3n Jara es absolutamente fallida: Perla Woolrich *Organizaciones&#8230;<\/p>\n","protected":false},"author":4,"featured_media":18720,"comment_status":"closed","ping_status":"open","sticky":false,"template":"","format":"standard","meta":{"footnotes":""},"categories":[9],"tags":[],"jetpack_sharing_enabled":true,"featured_image_urls":{"full":["https:\/\/contextoanalisisperiodistico.com\/wp-content\/uploads\/2023\/09\/IMG-20230926-WA0080.jpg",1024,768,false],"thumbnail":["https:\/\/contextoanalisisperiodistico.com\/wp-content\/uploads\/2023\/09\/IMG-20230926-WA0080-150x150.jpg",150,150,true],"medium":["https:\/\/contextoanalisisperiodistico.com\/wp-content\/uploads\/2023\/09\/IMG-20230926-WA0080-300x225.jpg",300,225,true],"medium_large":["https:\/\/contextoanalisisperiodistico.com\/wp-content\/uploads\/2023\/09\/IMG-20230926-WA0080-768x576.jpg",640,480,true],"large":["https:\/\/contextoanalisisperiodistico.com\/wp-content\/uploads\/2023\/09\/IMG-20230926-WA0080.jpg",640,480,false],"1536x1536":["https:\/\/contextoanalisisperiodistico.com\/wp-content\/uploads\/2023\/09\/IMG-20230926-WA0080.jpg",1024,768,false],"2048x2048":["https:\/\/contextoanalisisperiodistico.com\/wp-content\/uploads\/2023\/09\/IMG-20230926-WA0080.jpg",1024,768,false],"covernews-slider-full":["https:\/\/contextoanalisisperiodistico.com\/wp-content\/uploads\/2023\/09\/IMG-20230926-WA0080-1024x715.jpg",1024,715,true],"covernews-slider-center":["https:\/\/contextoanalisisperiodistico.com\/wp-content\/uploads\/2023\/09\/IMG-20230926-WA0080-800x500.jpg",800,500,true],"covernews-featured":["https:\/\/contextoanalisisperiodistico.com\/wp-content\/uploads\/2023\/09\/IMG-20230926-WA0080.jpg",1024,768,false],"covernews-medium":["https:\/\/contextoanalisisperiodistico.com\/wp-content\/uploads\/2023\/09\/IMG-20230926-WA0080-540x340.jpg",540,340,true],"covernews-medium-square":["https:\/\/contextoanalisisperiodistico.com\/wp-content\/uploads\/2023\/09\/IMG-20230926-WA0080-400x250.jpg",400,250,true]},"author_info":{"display_name":"Mario Gir\u00f3n","author_link":"https:\/\/contextoanalisisperiodistico.com\/index.php\/author\/director\/"},"category_info":"<a href=\"https:\/\/contextoanalisisperiodistico.com\/index.php\/category\/politica\/\" rel=\"category tag\">Pol\u00edtica<\/a>","tag_info":"Pol\u00edtica","comment_count":"0","jetpack_featured_media_url":"https:\/\/contextoanalisisperiodistico.com\/wp-content\/uploads\/2023\/09\/IMG-20230926-WA0080.jpg","_links":{"self":[{"href":"https:\/\/contextoanalisisperiodistico.com\/index.php\/wp-json\/wp\/v2\/posts\/18719"}],"collection":[{"href":"https:\/\/contextoanalisisperiodistico.com\/index.php\/wp-json\/wp\/v2\/posts"}],"about":[{"href":"https:\/\/contextoanalisisperiodistico.com\/index.php\/wp-json\/wp\/v2\/types\/post"}],"author":[{"embeddable":true,"href":"https:\/\/contextoanalisisperiodistico.com\/index.php\/wp-json\/wp\/v2\/users\/4"}],"replies":[{"embeddable":true,"href":"https:\/\/contextoanalisisperiodistico.com\/index.php\/wp-json\/wp\/v2\/comments?post=18719"}],"version-history":[{"count":2,"href":"https:\/\/contextoanalisisperiodistico.com\/index.php\/wp-json\/wp\/v2\/posts\/18719\/revisions"}],"predecessor-version":[{"id":18723,"href":"https:\/\/contextoanalisisperiodistico.com\/index.php\/wp-json\/wp\/v2\/posts\/18719\/revisions\/18723"}],"wp:featuredmedia":[{"embeddable":true,"href":"https:\/\/contextoanalisisperiodistico.com\/index.php\/wp-json\/wp\/v2\/media\/18720"}],"wp:attachment":[{"href":"https:\/\/contextoanalisisperiodistico.com\/index.php\/wp-json\/wp\/v2\/media?parent=18719"}],"wp:term":[{"taxonomy":"category","embeddable":true,"href":"https:\/\/contextoanalisisperiodistico.com\/index.php\/wp-json\/wp\/v2\/categories?post=18719"},{"taxonomy":"post_tag","embeddable":true,"href":"https:\/\/contextoanalisisperiodistico.com\/index.php\/wp-json\/wp\/v2\/tags?post=18719"}],"curies":[{"name":"wp","href":"https:\/\/api.w.org\/{rel}","templated":true}]}}