{"id":18715,"date":"2023-09-26T16:29:23","date_gmt":"2023-09-26T22:29:23","guid":{"rendered":"https:\/\/contextoanalisisperiodistico.com\/?p=18715"},"modified":"2023-09-26T16:29:54","modified_gmt":"2023-09-26T22:29:54","slug":"brindan-mas-de-30-servicios-en-la-region-mixteca-con-jornada-de-paz-y-justicia","status":"publish","type":"post","link":"https:\/\/contextoanalisisperiodistico.com\/index.php\/2023\/09\/26\/brindan-mas-de-30-servicios-en-la-region-mixteca-con-jornada-de-paz-y-justicia\/","title":{"rendered":"Brindan m\u00e1s de 30 servicios en la regi\u00f3n Mixteca con Jornada de Paz y Justicia"},"content":{"rendered":"<div id=\"fb-root\"><\/div>\n\n<p>\u2022 Esta actividad inici\u00f3 su recorrido en Santiago Juxtlahuaca y continuar\u00e1 en los municipios de la Heroica Ciudad de Tlaxiaco, Villa de Tamazul\u00e1pam del Progreso y Asunci\u00f3n Nochixtl\u00e1n<\/p>\n\n\n\n<p>Oaxaca de Ju\u00e1rez, Oax. 26 de septiembre de 2023.- El Gobierno de Oaxaca a trav\u00e9s del Secretariado Ejecutivo del Sistema Estatal de Seguridad P\u00fablica (SESESP) dio inicio a la Jornada de Paz y Justicia para Mujeres, Adolescentes y Ni\u00f1as, en el municipio de Santiago Juxtlahuaca, en el que a trav\u00e9s de m\u00e1s de 30 instituciones brindan servicios en materia de prevenci\u00f3n, justicia, bienestar, autonom\u00eda econ\u00f3mica, entre otras.<\/p>\n\n\n\n<p>En el acto inaugural, la titular del SESESP, Karina Bar\u00f3n Ortiz anunci\u00f3 que estas jornadas acercan a las mujeres, adolescentes y ni\u00f1as orientaci\u00f3n psicol\u00f3gica y jur\u00eddica, medios de denuncia y herramientas para prevenir la violencia, programas para fortalecer a las mujeres con capacitaci\u00f3n, bolsa de trabajo, cr\u00e9ditos y mucho m\u00e1s, e incluso un m\u00f3dulo para la reeducaci\u00f3n de los hombres.<\/p>\n\n\n\n<p>\u201cEl Gobierno Estatal ha alineado su estrategia de seguridad a la del Presidente de la Rep\u00fablica Mexicana Andr\u00e9s Manuel L\u00f3pez Obrador, en el que lo m\u00e1s importante es atender las causas de la violencia, que muchas veces surge en contextos de desigualdad y pobreza\u201d, dijo.<\/p>\n\n\n\n<p>En este sentido, invit\u00f3 a la ciudadan\u00eda de la regi\u00f3n a difundir y acceder a los servicios que la Jornada ofrecer\u00e1 en este y otros municipios como la Heroica Ciudad de Tlaxiaco, Villa de Tamazul\u00e1pam del Progreso y Asunci\u00f3n Nochixtl\u00e1n del 26 al 28 de septiembre, respectivamente.<\/p>\n\n\n\n<p>Algunas de las dependencias que participan en esta actividad son las siguientes: las Secretar\u00edas de Gobierno (Sego), de Seguridad y Protecci\u00f3n Ciudadana (SSPC), de las Mujeres (SM), de las Culturas y Artes (Seculta); los Servicios de Salud del Estado de Oaxaca (SSO), la Fiscal\u00eda General del Estado de Oaxaca (FGEO), el Sistema Estatal para el Desarrollo Integral de la Familia (DIF), el Instituto del Deporte, entre otras.<\/p>\n\n\n\n<p>Con estas acciones, la SESESP garantiza una atenci\u00f3n y seguimiento oportuno para evitar la violencia y revictimizaci\u00f3n de las mujeres.<\/p>\n\n\n\n<p>-0-<\/p>\n\n\n\n<figure class=\"wp-block-image size-large\"><img fetchpriority=\"high\" decoding=\"async\" width=\"1024\" height=\"682\" src=\"https:\/\/contextoanalisisperiodistico.com\/wp-content\/uploads\/2023\/09\/img-20230926-wa00697601134899536325860-1024x682.jpg\" alt=\"\" class=\"wp-image-18717\" srcset=\"https:\/\/contextoanalisisperiodistico.com\/wp-content\/uploads\/2023\/09\/img-20230926-wa00697601134899536325860-1024x682.jpg 1024w, https:\/\/contextoanalisisperiodistico.com\/wp-content\/uploads\/2023\/09\/img-20230926-wa00697601134899536325860-300x200.jpg 300w, https:\/\/contextoanalisisperiodistico.com\/wp-content\/uploads\/2023\/09\/img-20230926-wa00697601134899536325860-768x512.jpg 768w, https:\/\/contextoanalisisperiodistico.com\/wp-content\/uploads\/2023\/09\/img-20230926-wa00697601134899536325860-1536x1023.jpg 1536w, https:\/\/contextoanalisisperiodistico.com\/wp-content\/uploads\/2023\/09\/img-20230926-wa00697601134899536325860.jpg 1600w\" sizes=\"(max-width: 1024px) 100vw, 1024px\" \/><\/figure>\n","protected":false},"excerpt":{"rendered":"<p>\u2022 Esta actividad inici\u00f3 su recorrido en Santiago Juxtlahuaca y continuar\u00e1 en los municipios de&#8230;<\/p>\n","protected":false},"author":4,"featured_media":18716,"comment_status":"closed","ping_status":"open","sticky":false,"template":"","format":"standard","meta":{"footnotes":""},"categories":[7],"tags":[],"jetpack_sharing_enabled":true,"featured_image_urls":{"full":["https:\/\/contextoanalisisperiodistico.com\/wp-content\/uploads\/2023\/09\/IMG-20230926-WA0070.jpg",1600,1066,false],"thumbnail":["https:\/\/contextoanalisisperiodistico.com\/wp-content\/uploads\/2023\/09\/IMG-20230926-WA0070-150x150.jpg",150,150,true],"medium":["https:\/\/contextoanalisisperiodistico.com\/wp-content\/uploads\/2023\/09\/IMG-20230926-WA0070-300x200.jpg",300,200,true],"medium_large":["https:\/\/contextoanalisisperiodistico.com\/wp-content\/uploads\/2023\/09\/IMG-20230926-WA0070-768x512.jpg",640,427,true],"large":["https:\/\/contextoanalisisperiodistico.com\/wp-content\/uploads\/2023\/09\/IMG-20230926-WA0070-1024x682.jpg",640,426,true],"1536x1536":["https:\/\/contextoanalisisperiodistico.com\/wp-content\/uploads\/2023\/09\/IMG-20230926-WA0070-1536x1023.jpg",1536,1023,true],"2048x2048":["https:\/\/contextoanalisisperiodistico.com\/wp-content\/uploads\/2023\/09\/IMG-20230926-WA0070.jpg",1600,1066,false],"covernews-slider-full":["https:\/\/contextoanalisisperiodistico.com\/wp-content\/uploads\/2023\/09\/IMG-20230926-WA0070-1115x715.jpg",1115,715,true],"covernews-slider-center":["https:\/\/contextoanalisisperiodistico.com\/wp-content\/uploads\/2023\/09\/IMG-20230926-WA0070-800x500.jpg",800,500,true],"covernews-featured":["https:\/\/contextoanalisisperiodistico.com\/wp-content\/uploads\/2023\/09\/IMG-20230926-WA0070-1024x682.jpg",1024,682,true],"covernews-medium":["https:\/\/contextoanalisisperiodistico.com\/wp-content\/uploads\/2023\/09\/IMG-20230926-WA0070-540x340.jpg",540,340,true],"covernews-medium-square":["https:\/\/contextoanalisisperiodistico.com\/wp-content\/uploads\/2023\/09\/IMG-20230926-WA0070-400x250.jpg",400,250,true]},"author_info":{"display_name":"Mario Gir\u00f3n","author_link":"https:\/\/contextoanalisisperiodistico.com\/index.php\/author\/director\/"},"category_info":"<a href=\"https:\/\/contextoanalisisperiodistico.com\/index.php\/category\/municipios\/\" rel=\"category tag\">Municipios<\/a>","tag_info":"Municipios","comment_count":"0","jetpack_featured_media_url":"https:\/\/contextoanalisisperiodistico.com\/wp-content\/uploads\/2023\/09\/IMG-20230926-WA0070.jpg","_links":{"self":[{"href":"https:\/\/contextoanalisisperiodistico.com\/index.php\/wp-json\/wp\/v2\/posts\/18715"}],"collection":[{"href":"https:\/\/contextoanalisisperiodistico.com\/index.php\/wp-json\/wp\/v2\/posts"}],"about":[{"href":"https:\/\/contextoanalisisperiodistico.com\/index.php\/wp-json\/wp\/v2\/types\/post"}],"author":[{"embeddable":true,"href":"https:\/\/contextoanalisisperiodistico.com\/index.php\/wp-json\/wp\/v2\/users\/4"}],"replies":[{"embeddable":true,"href":"https:\/\/contextoanalisisperiodistico.com\/index.php\/wp-json\/wp\/v2\/comments?post=18715"}],"version-history":[{"count":1,"href":"https:\/\/contextoanalisisperiodistico.com\/index.php\/wp-json\/wp\/v2\/posts\/18715\/revisions"}],"predecessor-version":[{"id":18718,"href":"https:\/\/contextoanalisisperiodistico.com\/index.php\/wp-json\/wp\/v2\/posts\/18715\/revisions\/18718"}],"wp:featuredmedia":[{"embeddable":true,"href":"https:\/\/contextoanalisisperiodistico.com\/index.php\/wp-json\/wp\/v2\/media\/18716"}],"wp:attachment":[{"href":"https:\/\/contextoanalisisperiodistico.com\/index.php\/wp-json\/wp\/v2\/media?parent=18715"}],"wp:term":[{"taxonomy":"category","embeddable":true,"href":"https:\/\/contextoanalisisperiodistico.com\/index.php\/wp-json\/wp\/v2\/categories?post=18715"},{"taxonomy":"post_tag","embeddable":true,"href":"https:\/\/contextoanalisisperiodistico.com\/index.php\/wp-json\/wp\/v2\/tags?post=18715"}],"curies":[{"name":"wp","href":"https:\/\/api.w.org\/{rel}","templated":true}]}}