{"id":18700,"date":"2023-09-26T15:59:48","date_gmt":"2023-09-26T21:59:48","guid":{"rendered":"https:\/\/contextoanalisisperiodistico.com\/?p=18700"},"modified":"2023-09-26T16:00:34","modified_gmt":"2023-09-26T22:00:34","slug":"recibe-secretaria-de-movilidad-solicitudes-de-aumento-a-la-tarifa-del-transporte-publico","status":"publish","type":"post","link":"https:\/\/contextoanalisisperiodistico.com\/index.php\/2023\/09\/26\/recibe-secretaria-de-movilidad-solicitudes-de-aumento-a-la-tarifa-del-transporte-publico\/","title":{"rendered":"Recibe Secretar\u00eda de Movilidad solicitudes de aumento a la tarifa del transporte p\u00fablico"},"content":{"rendered":"<div id=\"fb-root\"><\/div>\n\n<p>\u2022 Adelanta que 70% de la flota vehicular incumple con requerimientos m\u00ednimos de vigencia<\/p>\n\n\n\n<p>\u2022 Empresas concesionarias que presentaron solicitudes para aumento de tarifa, solo cumplen el 40% de los requisitos<\/p>\n\n\n\n<p>\u2022 Hasta que est\u00e9n en orden, se podr\u00e1 iniciar con el proceso de revisi\u00f3n de un posible aumento de tarifa<\/p>\n\n\n\n<p>Oaxaca de Ju\u00e1rez, Oax. 26 de septiembre de 2023.- El Gobierno del Estado a trav\u00e9s de la Secretar\u00eda de Movilidad (Semovi) recibi\u00f3 de parte de empresas concesionarias del transporte p\u00fablico solicitudes de aumento a la tarifa de este servicio.<\/p>\n\n\n\n<p>En este sentido, la titular de la Semovi Claudina de Gyves Mendoza inform\u00f3 que hasta esta fecha no se ha autorizado el incremento solicitado en ninguna parte de la entidad.<\/p>\n\n\n\n<p>Explic\u00f3 que se da seguimiento a las solicitudes para la realizaci\u00f3n del Estudio T\u00e9cnico de Factibilidad para la Revisi\u00f3n y\/o Actualizaci\u00f3n de Tarifa presentadas por cuatro empresas que operan 78 rutas en la zona metropolitana de la capital oaxaque\u00f1a con mil 200 unidades en operaci\u00f3n.<\/p>\n\n\n\n<p>Sin embargo, solo se cumplen con el 40 por ciento de los requisitos establecidos por la Semovi, por lo que inst\u00f3 a las empresas apegarse con las normas establecidas en la Ley de Movilidad para el Estado de Oaxaca.<\/p>\n\n\n\n<p>Explic\u00f3 que parte de los requisitos que a\u00fan no se han cumplido son las revisiones f\u00edsico-mec\u00e1nicas que deben tener las unidades, as\u00ed como las capacitaciones a las personas operadoras.<\/p>\n\n\n\n<p>Adem\u00e1s, que al menos, 70 por ciento de la flota de transporte p\u00fablico no cumple con los m\u00ednimos de vigencia, por lo que se tendr\u00e1 que trabajar con las empresas correspondientes para poner al d\u00eda sus unidades.<\/p>\n\n\n\n<p>La Secretaria afirm\u00f3 que en el an\u00e1lisis de la solicitud se buscar\u00e1 no afectar la econom\u00eda de la poblaci\u00f3n oaxaque\u00f1a y que se realice mediante un proceso transparente y con apego a la normatividad.<\/p>\n\n\n\n<p>La Secretar\u00eda de Movilidad implement\u00f3 el programa de Pr\u00f3rrogas a veh\u00edculos concesionados, que autoriza la continuidad de la prestaci\u00f3n del servicio p\u00fablico a modelos de unidades, en ese sentido se beneficia a las cuatro empresas de la zona metropolitana, para que 96 de ellas que vencen en 2023 y 75 que vencer\u00e1n en el 2024 sigan circulando.<\/p>\n\n\n\n<p>Dio a conocer que Oaxaca es una de las entidades que m\u00e1s gasto promedio tiene en materia de transporte p\u00fablico por arriba de la media nacional, por lo que se tendr\u00eda que analizar la situaci\u00f3n de manera detenida.<\/p>\n\n\n\n<p>\u201cOaxaca se encuentra entre las cinco entidades donde la poblaci\u00f3n gasta m\u00e1s de 35.80 pesos diarios en promedio en transporte p\u00fablico cuando la media nacional es de 32 pesos y el gasto por transporte m\u00e1s bajo lo tiene la Ciudad de M\u00e9xico con 17.30 pesos\u201d, finaliz\u00f3.<br \/>-0-<\/p>\n","protected":false},"excerpt":{"rendered":"<p>\u2022 Adelanta que 70% de la flota vehicular incumple con requerimientos m\u00ednimos de vigencia \u2022&#8230;<\/p>\n","protected":false},"author":4,"featured_media":18701,"comment_status":"closed","ping_status":"open","sticky":false,"template":"","format":"standard","meta":{"footnotes":""},"categories":[9],"tags":[],"jetpack_sharing_enabled":true,"featured_image_urls":{"full":["https:\/\/contextoanalisisperiodistico.com\/wp-content\/uploads\/2023\/09\/IMG-20230926-WA0052.jpg",1600,1503,false],"thumbnail":["https:\/\/contextoanalisisperiodistico.com\/wp-content\/uploads\/2023\/09\/IMG-20230926-WA0052-150x150.jpg",150,150,true],"medium":["https:\/\/contextoanalisisperiodistico.com\/wp-content\/uploads\/2023\/09\/IMG-20230926-WA0052-300x282.jpg",300,282,true],"medium_large":["https:\/\/contextoanalisisperiodistico.com\/wp-content\/uploads\/2023\/09\/IMG-20230926-WA0052-768x721.jpg",640,601,true],"large":["https:\/\/contextoanalisisperiodistico.com\/wp-content\/uploads\/2023\/09\/IMG-20230926-WA0052-1024x962.jpg",640,601,true],"1536x1536":["https:\/\/contextoanalisisperiodistico.com\/wp-content\/uploads\/2023\/09\/IMG-20230926-WA0052-1536x1443.jpg",1536,1443,true],"2048x2048":["https:\/\/contextoanalisisperiodistico.com\/wp-content\/uploads\/2023\/09\/IMG-20230926-WA0052.jpg",1600,1503,false],"covernews-slider-full":["https:\/\/contextoanalisisperiodistico.com\/wp-content\/uploads\/2023\/09\/IMG-20230926-WA0052-1115x715.jpg",1115,715,true],"covernews-slider-center":["https:\/\/contextoanalisisperiodistico.com\/wp-content\/uploads\/2023\/09\/IMG-20230926-WA0052-800x500.jpg",800,500,true],"covernews-featured":["https:\/\/contextoanalisisperiodistico.com\/wp-content\/uploads\/2023\/09\/IMG-20230926-WA0052-1024x962.jpg",1024,962,true],"covernews-medium":["https:\/\/contextoanalisisperiodistico.com\/wp-content\/uploads\/2023\/09\/IMG-20230926-WA0052-540x340.jpg",540,340,true],"covernews-medium-square":["https:\/\/contextoanalisisperiodistico.com\/wp-content\/uploads\/2023\/09\/IMG-20230926-WA0052-400x250.jpg",400,250,true]},"author_info":{"display_name":"Mario Gir\u00f3n","author_link":"https:\/\/contextoanalisisperiodistico.com\/index.php\/author\/director\/"},"category_info":"<a href=\"https:\/\/contextoanalisisperiodistico.com\/index.php\/category\/politica\/\" rel=\"category tag\">Pol\u00edtica<\/a>","tag_info":"Pol\u00edtica","comment_count":"0","jetpack_featured_media_url":"https:\/\/contextoanalisisperiodistico.com\/wp-content\/uploads\/2023\/09\/IMG-20230926-WA0052.jpg","_links":{"self":[{"href":"https:\/\/contextoanalisisperiodistico.com\/index.php\/wp-json\/wp\/v2\/posts\/18700"}],"collection":[{"href":"https:\/\/contextoanalisisperiodistico.com\/index.php\/wp-json\/wp\/v2\/posts"}],"about":[{"href":"https:\/\/contextoanalisisperiodistico.com\/index.php\/wp-json\/wp\/v2\/types\/post"}],"author":[{"embeddable":true,"href":"https:\/\/contextoanalisisperiodistico.com\/index.php\/wp-json\/wp\/v2\/users\/4"}],"replies":[{"embeddable":true,"href":"https:\/\/contextoanalisisperiodistico.com\/index.php\/wp-json\/wp\/v2\/comments?post=18700"}],"version-history":[{"count":1,"href":"https:\/\/contextoanalisisperiodistico.com\/index.php\/wp-json\/wp\/v2\/posts\/18700\/revisions"}],"predecessor-version":[{"id":18702,"href":"https:\/\/contextoanalisisperiodistico.com\/index.php\/wp-json\/wp\/v2\/posts\/18700\/revisions\/18702"}],"wp:featuredmedia":[{"embeddable":true,"href":"https:\/\/contextoanalisisperiodistico.com\/index.php\/wp-json\/wp\/v2\/media\/18701"}],"wp:attachment":[{"href":"https:\/\/contextoanalisisperiodistico.com\/index.php\/wp-json\/wp\/v2\/media?parent=18700"}],"wp:term":[{"taxonomy":"category","embeddable":true,"href":"https:\/\/contextoanalisisperiodistico.com\/index.php\/wp-json\/wp\/v2\/categories?post=18700"},{"taxonomy":"post_tag","embeddable":true,"href":"https:\/\/contextoanalisisperiodistico.com\/index.php\/wp-json\/wp\/v2\/tags?post=18700"}],"curies":[{"name":"wp","href":"https:\/\/api.w.org\/{rel}","templated":true}]}}