{"id":1869,"date":"2022-04-05T14:23:40","date_gmt":"2022-04-05T19:23:40","guid":{"rendered":"http:\/\/contextoanalisisperiodistico.com.mx\/2022\/04\/05\/tengo-el-mal-de-ti-presenta-el-escritor-fernando-alberto-cruz-macias\/"},"modified":"2022-04-05T14:23:40","modified_gmt":"2022-04-05T19:23:40","slug":"tengo-el-mal-de-ti-presenta-el-escritor-fernando-alberto-cruz-macias","status":"publish","type":"post","link":"https:\/\/contextoanalisisperiodistico.com\/index.php\/2022\/04\/05\/tengo-el-mal-de-ti-presenta-el-escritor-fernando-alberto-cruz-macias\/","title":{"rendered":"\u201cTengo el Mal de T\u00ed\u201d, presenta el escritor Fernando Alberto Cruz Mac\u00edas"},"content":{"rendered":"<div id=\"fb-root\"><\/div>\n\n<p>Mario GIR\u00d3N<br>Nada detiene la evoluci\u00f3n literaria del escritor oaxaque\u00f1o Fernando Alberto Cruz Mac\u00edas. \u201cTengo el Mal de T\u00ed\u201d; se trata de la segunda obra que ayer, nos present\u00f3 en sociedad, el tambi\u00e9n coleccionista de arte, sue\u00f1os y experiencias.<br>Nacido en 1982, Cruz Mac\u00edas, el talentoso joven creativo literario, a trav\u00e9s de una nueva obra y la combinaci\u00f3n de palabras exactas de contenido, nos lleva a un breve recorrido por diferentes historias y vivencias.<br>La lectura de su obra nos gu\u00eda por senderos de cantos al amor y al desamor. Pero tambi\u00e9n, nos orilla a reflexionar e indagar en nuestras propias experiencias sumergi\u00e9ndonos en las emociones humanas m\u00e1s primitivas y, a su vez, m\u00e1s sublimes.\u00a0<br>\u201cTengo el Mal de T\u00ed\u201d. Amor, encuentro, distancia. Cicatrices que plasma el autor; heridas y experiencias que se manifiestan de lo imaginario a lo real y, a su vez, de lo on\u00edrico a lo l\u00edrico, en un inefable recorrido po\u00e9tico.<br>\u201cTengo el Mal de T\u00cd\u201d<br>\u2026\u201dno es amor.<br>Es el mal que tengo de t\u00ed<br>y que no me deja respirar;<br>que no me deja vivir a trav\u00e9s de t\u00ed.<br>Poseerte, una proeza<br>Incre\u00edble.<br>Pero conforme me conoces,<br>veo el Ed\u00e9n.<br>Solo misericordia solicito a<br>los guerreros de Dios,<br>al verte descender de las<br>nubes en mis sue\u00f1os,<br>ya que ante todos tengo,<br>el mal de t\u00ed\u201d.<br>La nueva obra literaria de Cruz Mac\u00edas se compone de dos cap\u00edtulos: El primero consagrado a las \u201cMusas\u201d y el siguiente a los \u201cDemonios\u201d.<br>En la primera parte escribe de c\u00f3mo olvidarte; de la distancia y el cruel destino en esta vida; de la importancia del c\u00f3mo me miras; de cu\u00e1ndo su mundo se derrumba; sigue tu camino; el tiempo que los hizo separase; amarse sin l\u00edmite; el tengo en mal de t\u00ed; valle de l\u00e1grimas; costumbres lejanas; me lastimaste y lo sabes; la mentira que maquillabas con sensualidad; flor del mal; arrepentimiento y enga\u00f1o; la muerte del amor. Hasta al cap\u00edtulo de los Demonios, en donde predomina:<br>Misterios; juglares de la noche; suspenso en las sombras minutos antes del alba; profanan lo sagrado sin demostrar emoci\u00f3n; \u00e1ngeles de la noche; l\u00e1grimas de sangre sobre fr\u00edas mejillas; hambre; triunfal su entrada en el valle de las sombras; la muerte I, sin dolor ni pena recorre todos los caminos; la muerte, una m\u00e1scara de guerra; luminiscencia; fuegos fatuos alrededor de un bosque brumoso; los \u00e1rboles que vigilan; bromas inocentes y juegos infantiles; condenados a una vida eterna sin llanto ni alegr\u00eda; lleg\u00f3 la hora de partir.<br>Vale la pena invertir los mejores minutos del d\u00eda y leer la obra literaria \u201cTengo el Mal de T\u00ed\u201d, de Fernando Alberto Cruz Mac\u00edas.<\/p>\n\n\n\n<figure class=\"wp-block-video\"><video controls src=\"https:\/\/contextoinformacionyanalisisperiodistico.files.wordpress.com\/2022\/04\/vid-20220405-wa0023.mp4\"><\/video><\/figure>\n\n\n\n<figure class=\"wp-block-video\"><video controls src=\"https:\/\/contextoinformacionyanalisisperiodistico.files.wordpress.com\/2022\/04\/20220404_112347_990x480.mp4\"><\/video><\/figure>\n\n\n\n<figure class=\"wp-block-video\"><video controls src=\"https:\/\/contextoinformacionyanalisisperiodistico.files.wordpress.com\/2022\/04\/20220404_111633_556x270.mp4\"><\/video><\/figure>\n\n\n\n<figure class=\"wp-block-video\"><video controls src=\"https:\/\/contextoinformacionyanalisisperiodistico.files.wordpress.com\/2022\/04\/20220404_112558_742x360.mp4\"><\/video><\/figure>\n\n\n\n<figure class=\"wp-block-video\"><video controls src=\"https:\/\/contextoinformacionyanalisisperiodistico.files.wordpress.com\/2022\/04\/vid_20220404_113138.mp4\"><\/video><\/figure>\n","protected":false},"excerpt":{"rendered":"<p>Mario GIR\u00d3NNada detiene la evoluci\u00f3n literaria del escritor oaxaque\u00f1o Fernando Alberto Cruz Mac\u00edas. \u201cTengo el&#8230;<\/p>\n","protected":false},"author":2,"featured_media":1863,"comment_status":"open","ping_status":"open","sticky":false,"template":"","format":"standard","meta":{"footnotes":""},"categories":[3,4],"tags":[],"jetpack_sharing_enabled":true,"featured_image_urls":{"full":"","thumbnail":"","medium":"","medium_large":"","large":"","1536x1536":"","2048x2048":"","covernews-slider-full":"","covernews-slider-center":"","covernews-featured":"","covernews-medium":"","covernews-medium-square":""},"author_info":{"display_name":"Miguel","author_link":"https:\/\/contextoanalisisperiodistico.com\/index.php\/author\/editor\/"},"category_info":"<a href=\"https:\/\/contextoanalisisperiodistico.com\/index.php\/category\/ciudad\/\" rel=\"category tag\">Ciudad<\/a> <a href=\"https:\/\/contextoanalisisperiodistico.com\/index.php\/category\/cultura\/\" rel=\"category tag\">Cultura<\/a>","tag_info":"Cultura","comment_count":"0","jetpack_featured_media_url":"","_links":{"self":[{"href":"https:\/\/contextoanalisisperiodistico.com\/index.php\/wp-json\/wp\/v2\/posts\/1869"}],"collection":[{"href":"https:\/\/contextoanalisisperiodistico.com\/index.php\/wp-json\/wp\/v2\/posts"}],"about":[{"href":"https:\/\/contextoanalisisperiodistico.com\/index.php\/wp-json\/wp\/v2\/types\/post"}],"author":[{"embeddable":true,"href":"https:\/\/contextoanalisisperiodistico.com\/index.php\/wp-json\/wp\/v2\/users\/2"}],"replies":[{"embeddable":true,"href":"https:\/\/contextoanalisisperiodistico.com\/index.php\/wp-json\/wp\/v2\/comments?post=1869"}],"version-history":[{"count":0,"href":"https:\/\/contextoanalisisperiodistico.com\/index.php\/wp-json\/wp\/v2\/posts\/1869\/revisions"}],"wp:featuredmedia":[{"embeddable":true,"href":"https:\/\/contextoanalisisperiodistico.com\/index.php\/wp-json\/"}],"wp:attachment":[{"href":"https:\/\/contextoanalisisperiodistico.com\/index.php\/wp-json\/wp\/v2\/media?parent=1869"}],"wp:term":[{"taxonomy":"category","embeddable":true,"href":"https:\/\/contextoanalisisperiodistico.com\/index.php\/wp-json\/wp\/v2\/categories?post=1869"},{"taxonomy":"post_tag","embeddable":true,"href":"https:\/\/contextoanalisisperiodistico.com\/index.php\/wp-json\/wp\/v2\/tags?post=1869"}],"curies":[{"name":"wp","href":"https:\/\/api.w.org\/{rel}","templated":true}]}}