{"id":18662,"date":"2023-09-25T17:55:46","date_gmt":"2023-09-25T23:55:46","guid":{"rendered":"https:\/\/contextoanalisisperiodistico.com\/?p=18662"},"modified":"2023-09-25T17:56:19","modified_gmt":"2023-09-25T23:56:19","slug":"emprende-dif-oaxaca-acciones-para-prevenir-la-violencia-en-contra-de-las-ninas-adolescentes-y-mujeres","status":"publish","type":"post","link":"https:\/\/contextoanalisisperiodistico.com\/index.php\/2023\/09\/25\/emprende-dif-oaxaca-acciones-para-prevenir-la-violencia-en-contra-de-las-ninas-adolescentes-y-mujeres\/","title":{"rendered":"<em>Emprende DIF Oaxaca acciones para prevenir la violencia en contra de las ni\u00f1as, adolescentes y mujeres<\/em>"},"content":{"rendered":"<div id=\"fb-root\"><\/div>\n\n<p>\u2022 El 25 de cada mes, el personal del organismo accede a capacitaciones para prevenir cualquier tipo de violencia en contra de las mujeres<\/p>\n\n\n\n<p>Oaxaca de Ju\u00e1rez, Oax. 25 de septiembre de 2023.- En el marco de la conmemoraci\u00f3n del D\u00eda Naranja, el Sistema para el Desarrollo Integral de la Familia (DIF) Oaxaca asume el compromiso de realizar acciones que prevengan cualquier tipo de violencia en contra de las ni\u00f1as, adolescentes y mujeres del estado.<\/p>\n\n\n\n<p>A trav\u00e9s de la campa\u00f1a, Juntas transformamos, Juntas somos m\u00e1s fuertes, el personal del organismo estatal participa en pl\u00e1ticas y talleres que se realizan cada 25 de mes como parte de las acciones concretas para promover y fomentar la cultura de la no violencia en la entidad oaxaque\u00f1a.<\/p>\n\n\n\n<p>Durante el inicio del taller G\u00e9nero y Masculinidades a cargo del consultor en el tema de Masculinidad y Violencia de G\u00e9nero, Esteban Schmidt Bello, la subdirectora del Sistema DIF Oaxaca, Hilda P\u00e9rez Luis, destac\u00f3 que por indicaci\u00f3n de la Presidenta Honoraria del organismo Irma Bola\u00f1os Quijano, buscan sensibilizar al personal directivo y operativo en temas enfocados al g\u00e9nero y prevenci\u00f3n de la violencia en cualquiera de sus formas.<\/p>\n\n\n\n<p>Con ello dijo, no solo se les dota de los conocimientos sino de las herramientas que les permita mejorar su atenci\u00f3n a las personas que visitan el organismo y para replicarlos en cualquier \u00e1mbito en el que participen, ya sea familiar o social.<\/p>\n\n\n\n<p>\u201cNos unimos para alzar nuestras voces y reafirmar nuestro compromiso con la erradicaci\u00f3n de la violencia de g\u00e9nero, impulsando acciones encaminadas a educar, sensibilizar y abogar por un futuro m\u00e1s seguro y equitativo en el que todas las ni\u00f1as, adolescentes y mujeres podamos vivir libres de miedo\u201d, enfatiz\u00f3.<\/p>\n\n\n\n<p>P\u00e9rez Luis continu\u00f3, \u201cjuntas tenemos el poder de transformar nuestra sociedad, en una que celebre la igualdad, el respeto y la dignidad de cada persona. Juntas podemos erradicar la violencia de nuestras vidas y de nuestras comunidades. Juntas, somos fuertes\u201d.<\/p>\n\n\n\n<p>Como parte de este taller, Schmidt Bello explic\u00f3 a las y los asistentes de una manera din\u00e1mica acerca de la diferencia que existe entre el sexo y el g\u00e9nero, ya que a partir de entender ambos conceptos, se puede identificar que el primero se refiere a la cuesti\u00f3n biol\u00f3gica de los seres humanos y no podemos cambiarla.<\/p>\n\n\n\n<p>Mientras que el segundo se construye a partir de lo socialmente correcto, es decir, los estereotipos sociales que poco a poco deben modificarse para generar cambios a partir de lo que se le ense\u00f1a a las ni\u00f1as sobre su rol dentro de la sociedad.<\/p>\n\n\n\n<p>Como parte del resultado, las y los servidores p\u00fablicos coincidieron en la importancia de estar en capacitaci\u00f3n constante para mejorar la prestaci\u00f3n del servicio a la poblaci\u00f3n, as\u00ed como la necesidad de conocer lo que piensan las mujeres y hombres a partir de lo que es socialmente correcto para mejorar la convivencia, en la que el respeto y la comunicaci\u00f3n sean los valores que marquen la diferencia para vivir en una sociedad m\u00e1s arm\u00f3nica.<br \/>-0-<\/p>\n\n\n\n<figure class=\"wp-block-image size-large\"><img fetchpriority=\"high\" decoding=\"async\" width=\"1024\" height=\"682\" src=\"https:\/\/contextoanalisisperiodistico.com\/wp-content\/uploads\/2023\/09\/img-20230925-wa00661658811917750762924-1024x682.jpg\" alt=\"\" class=\"wp-image-18664\" srcset=\"https:\/\/contextoanalisisperiodistico.com\/wp-content\/uploads\/2023\/09\/img-20230925-wa00661658811917750762924-1024x682.jpg 1024w, https:\/\/contextoanalisisperiodistico.com\/wp-content\/uploads\/2023\/09\/img-20230925-wa00661658811917750762924-300x200.jpg 300w, https:\/\/contextoanalisisperiodistico.com\/wp-content\/uploads\/2023\/09\/img-20230925-wa00661658811917750762924-768x512.jpg 768w, https:\/\/contextoanalisisperiodistico.com\/wp-content\/uploads\/2023\/09\/img-20230925-wa00661658811917750762924-1536x1023.jpg 1536w, https:\/\/contextoanalisisperiodistico.com\/wp-content\/uploads\/2023\/09\/img-20230925-wa00661658811917750762924.jpg 1600w\" sizes=\"(max-width: 1024px) 100vw, 1024px\" \/><\/figure>\n\n\n\n<figure class=\"wp-block-image\"><img decoding=\"async\" width=\"1024\" height=\"682\" src=\"https:\/\/contextoanalisisperiodistico.com\/wp-content\/uploads\/2023\/09\/img-20230925-wa00641169108706732251226-1024x682.jpg\" alt=\"\" class=\"wp-image-18665\" srcset=\"https:\/\/contextoanalisisperiodistico.com\/wp-content\/uploads\/2023\/09\/img-20230925-wa00641169108706732251226-1024x682.jpg 1024w, https:\/\/contextoanalisisperiodistico.com\/wp-content\/uploads\/2023\/09\/img-20230925-wa00641169108706732251226-300x200.jpg 300w, https:\/\/contextoanalisisperiodistico.com\/wp-content\/uploads\/2023\/09\/img-20230925-wa00641169108706732251226-768x512.jpg 768w, https:\/\/contextoanalisisperiodistico.com\/wp-content\/uploads\/2023\/09\/img-20230925-wa00641169108706732251226-1536x1023.jpg 1536w, https:\/\/contextoanalisisperiodistico.com\/wp-content\/uploads\/2023\/09\/img-20230925-wa00641169108706732251226.jpg 1600w\" sizes=\"(max-width: 1024px) 100vw, 1024px\" \/><\/figure>\n","protected":false},"excerpt":{"rendered":"<p>\u2022 El 25 de cada mes, el personal del organismo accede a capacitaciones para prevenir&#8230;<\/p>\n","protected":false},"author":4,"featured_media":18663,"comment_status":"closed","ping_status":"open","sticky":false,"template":"","format":"standard","meta":{"footnotes":""},"categories":[3],"tags":[],"jetpack_sharing_enabled":true,"featured_image_urls":{"full":["https:\/\/contextoanalisisperiodistico.com\/wp-content\/uploads\/2023\/09\/IMG-20230925-WA0062.jpg",1280,852,false],"thumbnail":["https:\/\/contextoanalisisperiodistico.com\/wp-content\/uploads\/2023\/09\/IMG-20230925-WA0062-150x150.jpg",150,150,true],"medium":["https:\/\/contextoanalisisperiodistico.com\/wp-content\/uploads\/2023\/09\/IMG-20230925-WA0062-300x200.jpg",300,200,true],"medium_large":["https:\/\/contextoanalisisperiodistico.com\/wp-content\/uploads\/2023\/09\/IMG-20230925-WA0062-768x511.jpg",640,426,true],"large":["https:\/\/contextoanalisisperiodistico.com\/wp-content\/uploads\/2023\/09\/IMG-20230925-WA0062-1024x682.jpg",640,426,true],"1536x1536":["https:\/\/contextoanalisisperiodistico.com\/wp-content\/uploads\/2023\/09\/IMG-20230925-WA0062.jpg",1280,852,false],"2048x2048":["https:\/\/contextoanalisisperiodistico.com\/wp-content\/uploads\/2023\/09\/IMG-20230925-WA0062.jpg",1280,852,false],"covernews-slider-full":["https:\/\/contextoanalisisperiodistico.com\/wp-content\/uploads\/2023\/09\/IMG-20230925-WA0062-1115x715.jpg",1115,715,true],"covernews-slider-center":["https:\/\/contextoanalisisperiodistico.com\/wp-content\/uploads\/2023\/09\/IMG-20230925-WA0062-800x500.jpg",800,500,true],"covernews-featured":["https:\/\/contextoanalisisperiodistico.com\/wp-content\/uploads\/2023\/09\/IMG-20230925-WA0062-1024x682.jpg",1024,682,true],"covernews-medium":["https:\/\/contextoanalisisperiodistico.com\/wp-content\/uploads\/2023\/09\/IMG-20230925-WA0062-540x340.jpg",540,340,true],"covernews-medium-square":["https:\/\/contextoanalisisperiodistico.com\/wp-content\/uploads\/2023\/09\/IMG-20230925-WA0062-400x250.jpg",400,250,true]},"author_info":{"display_name":"Mario Gir\u00f3n","author_link":"https:\/\/contextoanalisisperiodistico.com\/index.php\/author\/director\/"},"category_info":"<a href=\"https:\/\/contextoanalisisperiodistico.com\/index.php\/category\/ciudad\/\" rel=\"category tag\">Ciudad<\/a>","tag_info":"Ciudad","comment_count":"0","jetpack_featured_media_url":"https:\/\/contextoanalisisperiodistico.com\/wp-content\/uploads\/2023\/09\/IMG-20230925-WA0062.jpg","_links":{"self":[{"href":"https:\/\/contextoanalisisperiodistico.com\/index.php\/wp-json\/wp\/v2\/posts\/18662"}],"collection":[{"href":"https:\/\/contextoanalisisperiodistico.com\/index.php\/wp-json\/wp\/v2\/posts"}],"about":[{"href":"https:\/\/contextoanalisisperiodistico.com\/index.php\/wp-json\/wp\/v2\/types\/post"}],"author":[{"embeddable":true,"href":"https:\/\/contextoanalisisperiodistico.com\/index.php\/wp-json\/wp\/v2\/users\/4"}],"replies":[{"embeddable":true,"href":"https:\/\/contextoanalisisperiodistico.com\/index.php\/wp-json\/wp\/v2\/comments?post=18662"}],"version-history":[{"count":1,"href":"https:\/\/contextoanalisisperiodistico.com\/index.php\/wp-json\/wp\/v2\/posts\/18662\/revisions"}],"predecessor-version":[{"id":18666,"href":"https:\/\/contextoanalisisperiodistico.com\/index.php\/wp-json\/wp\/v2\/posts\/18662\/revisions\/18666"}],"wp:featuredmedia":[{"embeddable":true,"href":"https:\/\/contextoanalisisperiodistico.com\/index.php\/wp-json\/wp\/v2\/media\/18663"}],"wp:attachment":[{"href":"https:\/\/contextoanalisisperiodistico.com\/index.php\/wp-json\/wp\/v2\/media?parent=18662"}],"wp:term":[{"taxonomy":"category","embeddable":true,"href":"https:\/\/contextoanalisisperiodistico.com\/index.php\/wp-json\/wp\/v2\/categories?post=18662"},{"taxonomy":"post_tag","embeddable":true,"href":"https:\/\/contextoanalisisperiodistico.com\/index.php\/wp-json\/wp\/v2\/tags?post=18662"}],"curies":[{"name":"wp","href":"https:\/\/api.w.org\/{rel}","templated":true}]}}