{"id":18654,"date":"2023-09-25T16:21:55","date_gmt":"2023-09-25T22:21:55","guid":{"rendered":"https:\/\/contextoanalisisperiodistico.com\/?p=18654"},"modified":"2023-09-25T16:23:38","modified_gmt":"2023-09-25T22:23:38","slug":"promueven-capacitacion-de-estudiantes-con-el-programa-subete-a-la-nube-de-google-cloud","status":"publish","type":"post","link":"https:\/\/contextoanalisisperiodistico.com\/index.php\/2023\/09\/25\/promueven-capacitacion-de-estudiantes-con-el-programa-subete-a-la-nube-de-google-cloud\/","title":{"rendered":"Capacitan estudiantes con programa S\u00fabete a la nube de Google Cloud"},"content":{"rendered":"<div id=\"fb-root\"><\/div>\n\n<p>\u2022 Personal directivo de la CGEMSySCyT se reuni\u00f3 con representantes de Google Cloud y del Banco Interamericano de Desarrollo (BID) para apoyar la formaci\u00f3n tecnol\u00f3gica de estudiantes universitarios de Oaxaca<\/p>\n\n\n\n<p>Oaxaca de Ju\u00e1rez, Oax. 25 de septiembre de 2023.- Personal directivo de la Coordinaci\u00f3n General de Educaci\u00f3n Media Superior y Superior, Ciencia y Tecnolog\u00eda (CGEMSySCyT) se reuni\u00f3 con el representante de Google Cloud Manuel Tierno para impulsar entre estudiantes de nivel superior de Oaxaca el programa S\u00fabete a la Nube con Google Cloud.<\/p>\n\n\n\n<p>Este programa est\u00e1 dise\u00f1ado para capacitar a estudiantes en el pa\u00eds, especialmente en los estados del sur-sureste y tiene como objetivo prepararles para que adquieran t\u00e9cnicas digitales que les permitan mejorar sus oportunidades de empleabilidad en sectores altamente din\u00e1micos e innovadores con financiamiento del Banco Interamericano de Desarrollo (BID).<\/p>\n\n\n\n<p>El titular de la CGEMSySCyT Alcide Garc\u00eda Guzm\u00e1n inform\u00f3 que se busca generar innovaci\u00f3n y el uso de herramientas que impulsen el desarrollo de estudiantes universitarios de la entidad mediante la colaboraci\u00f3n con sectores clave de la tecnolog\u00eda en el mundo digital.<\/p>\n\n\n\n<p>Mediante este programa se ofrece preparaci\u00f3n en computaci\u00f3n en la nube, big data, aprendizaje autom\u00e1tico, y su aplicaci\u00f3n dentro de esta plataforma, explic\u00f3 Manuel Tierno, miembro del equipo de Google Cloud.<\/p>\n\n\n\n<p>En la reuni\u00f3n se compartieron ideas e intercambiaron diversas iniciativas que pueden aprovechar las oportunidades que brinda Google para beneficiar a docentes y estudiantes de la entidad en cualquiera de sus diferentes niveles de estudio.<\/p>\n\n\n\n<p>La colaboraci\u00f3n entre la CGEMSySCyT y Google Cloud busca tambi\u00e9n impulsar el desarrollo econ\u00f3mico a trav\u00e9s del talento local y la promoci\u00f3n de la transformaci\u00f3n digital para que la comunidad estudiantil puedan contar con herramientas que les permitan adquirir habilidades tecnol\u00f3gicas de vanguardia.<\/p>\n\n\n\n<p>En la reuni\u00f3n se destac\u00f3 que esta instituci\u00f3n cumple su compromiso con el estudiantado y seguir\u00e1 trabajando con socios estrat\u00e9gicos para fortalecer la educaci\u00f3n y el desarrollo.<\/p>\n\n\n\n<p>En este encuentro participaron la directora de Educaci\u00f3n Superior, Alejandra V\u00e1zquez; el director de Educaci\u00f3n Media Superior, Isa\u00edas Jim\u00e9nez y el director de Programaci\u00f3n y Evaluaci\u00f3n, Abel Guzm\u00e1n.<br \/>0-<\/p>\n\n\n\n<figure class=\"wp-block-image size-large\"><img fetchpriority=\"high\" decoding=\"async\" width=\"1024\" height=\"768\" src=\"https:\/\/contextoanalisisperiodistico.com\/wp-content\/uploads\/2023\/09\/img-20230925-wa00517538127677474591474-1024x768.jpg\" alt=\"\" class=\"wp-image-18656\" srcset=\"https:\/\/contextoanalisisperiodistico.com\/wp-content\/uploads\/2023\/09\/img-20230925-wa00517538127677474591474-1024x768.jpg 1024w, https:\/\/contextoanalisisperiodistico.com\/wp-content\/uploads\/2023\/09\/img-20230925-wa00517538127677474591474-300x225.jpg 300w, https:\/\/contextoanalisisperiodistico.com\/wp-content\/uploads\/2023\/09\/img-20230925-wa00517538127677474591474-768x576.jpg 768w, https:\/\/contextoanalisisperiodistico.com\/wp-content\/uploads\/2023\/09\/img-20230925-wa00517538127677474591474-1536x1152.jpg 1536w, https:\/\/contextoanalisisperiodistico.com\/wp-content\/uploads\/2023\/09\/img-20230925-wa00517538127677474591474.jpg 1600w\" sizes=\"(max-width: 1024px) 100vw, 1024px\" \/><\/figure>\n","protected":false},"excerpt":{"rendered":"<p>\u2022 Personal directivo de la CGEMSySCyT se reuni\u00f3 con representantes de Google Cloud y del&#8230;<\/p>\n","protected":false},"author":4,"featured_media":18655,"comment_status":"closed","ping_status":"open","sticky":false,"template":"","format":"standard","meta":{"footnotes":""},"categories":[3],"tags":[],"jetpack_sharing_enabled":true,"featured_image_urls":{"full":["https:\/\/contextoanalisisperiodistico.com\/wp-content\/uploads\/2023\/09\/IMG-20230925-WA0050.jpg",1600,732,false],"thumbnail":["https:\/\/contextoanalisisperiodistico.com\/wp-content\/uploads\/2023\/09\/IMG-20230925-WA0050-150x150.jpg",150,150,true],"medium":["https:\/\/contextoanalisisperiodistico.com\/wp-content\/uploads\/2023\/09\/IMG-20230925-WA0050-300x137.jpg",300,137,true],"medium_large":["https:\/\/contextoanalisisperiodistico.com\/wp-content\/uploads\/2023\/09\/IMG-20230925-WA0050-768x351.jpg",640,293,true],"large":["https:\/\/contextoanalisisperiodistico.com\/wp-content\/uploads\/2023\/09\/IMG-20230925-WA0050-1024x468.jpg",640,293,true],"1536x1536":["https:\/\/contextoanalisisperiodistico.com\/wp-content\/uploads\/2023\/09\/IMG-20230925-WA0050-1536x703.jpg",1536,703,true],"2048x2048":["https:\/\/contextoanalisisperiodistico.com\/wp-content\/uploads\/2023\/09\/IMG-20230925-WA0050.jpg",1600,732,false],"covernews-slider-full":["https:\/\/contextoanalisisperiodistico.com\/wp-content\/uploads\/2023\/09\/IMG-20230925-WA0050-1115x715.jpg",1115,715,true],"covernews-slider-center":["https:\/\/contextoanalisisperiodistico.com\/wp-content\/uploads\/2023\/09\/IMG-20230925-WA0050-800x500.jpg",800,500,true],"covernews-featured":["https:\/\/contextoanalisisperiodistico.com\/wp-content\/uploads\/2023\/09\/IMG-20230925-WA0050-1024x468.jpg",1024,468,true],"covernews-medium":["https:\/\/contextoanalisisperiodistico.com\/wp-content\/uploads\/2023\/09\/IMG-20230925-WA0050-540x340.jpg",540,340,true],"covernews-medium-square":["https:\/\/contextoanalisisperiodistico.com\/wp-content\/uploads\/2023\/09\/IMG-20230925-WA0050-400x250.jpg",400,250,true]},"author_info":{"display_name":"Mario Gir\u00f3n","author_link":"https:\/\/contextoanalisisperiodistico.com\/index.php\/author\/director\/"},"category_info":"<a href=\"https:\/\/contextoanalisisperiodistico.com\/index.php\/category\/ciudad\/\" rel=\"category tag\">Ciudad<\/a>","tag_info":"Ciudad","comment_count":"0","jetpack_featured_media_url":"https:\/\/contextoanalisisperiodistico.com\/wp-content\/uploads\/2023\/09\/IMG-20230925-WA0050.jpg","_links":{"self":[{"href":"https:\/\/contextoanalisisperiodistico.com\/index.php\/wp-json\/wp\/v2\/posts\/18654"}],"collection":[{"href":"https:\/\/contextoanalisisperiodistico.com\/index.php\/wp-json\/wp\/v2\/posts"}],"about":[{"href":"https:\/\/contextoanalisisperiodistico.com\/index.php\/wp-json\/wp\/v2\/types\/post"}],"author":[{"embeddable":true,"href":"https:\/\/contextoanalisisperiodistico.com\/index.php\/wp-json\/wp\/v2\/users\/4"}],"replies":[{"embeddable":true,"href":"https:\/\/contextoanalisisperiodistico.com\/index.php\/wp-json\/wp\/v2\/comments?post=18654"}],"version-history":[{"count":2,"href":"https:\/\/contextoanalisisperiodistico.com\/index.php\/wp-json\/wp\/v2\/posts\/18654\/revisions"}],"predecessor-version":[{"id":18658,"href":"https:\/\/contextoanalisisperiodistico.com\/index.php\/wp-json\/wp\/v2\/posts\/18654\/revisions\/18658"}],"wp:featuredmedia":[{"embeddable":true,"href":"https:\/\/contextoanalisisperiodistico.com\/index.php\/wp-json\/wp\/v2\/media\/18655"}],"wp:attachment":[{"href":"https:\/\/contextoanalisisperiodistico.com\/index.php\/wp-json\/wp\/v2\/media?parent=18654"}],"wp:term":[{"taxonomy":"category","embeddable":true,"href":"https:\/\/contextoanalisisperiodistico.com\/index.php\/wp-json\/wp\/v2\/categories?post=18654"},{"taxonomy":"post_tag","embeddable":true,"href":"https:\/\/contextoanalisisperiodistico.com\/index.php\/wp-json\/wp\/v2\/tags?post=18654"}],"curies":[{"name":"wp","href":"https:\/\/api.w.org\/{rel}","templated":true}]}}