{"id":18647,"date":"2023-09-25T13:29:00","date_gmt":"2023-09-25T19:29:00","guid":{"rendered":"https:\/\/contextoanalisisperiodistico.com\/?p=18647"},"modified":"2023-09-25T13:35:11","modified_gmt":"2023-09-25T19:35:11","slug":"inician-preparativos-para-la-tradicional-noche-de-rabanos","status":"publish","type":"post","link":"https:\/\/contextoanalisisperiodistico.com\/index.php\/2023\/09\/25\/inician-preparativos-para-la-tradicional-noche-de-rabanos\/","title":{"rendered":"Inician preparativos para la Tradicional \u00abNoche de R\u00e1banos\u00bb"},"content":{"rendered":"<div id=\"fb-root\"><\/div>\n\n<p>\u2022 Siembran las semillas de los tub\u00e9rculos que ser\u00e1n convertidos en obras de arte por hortelanas y hortelanos.<\/p>\n\n\n\n<p>\u2022 El pueblo oaxaque\u00f1o mantiene viva esta tradici\u00f3n que ha sido declarada \u00abpatrimonio cultural del estado de Oaxaca\u201d, y que la noche del pr\u00f3ximo 23 de diciembre, cumple 126 a\u00f1os de realizarse.<\/p>\n\n\n\n<p>Oaxaca de Ju\u00e1rez, Oax a 25 de septiembre de 2023.- En un esfuerzo por continuar enriqueciendo y preservando las tradiciones \u00fanicas que caracterizan a Oaxaca de Ju\u00e1rez, el presidente municipal, Francisco Mart\u00ednez Neri, junto con la Directora General de la Comisi\u00f3n Estatal Forestal, Magdalena Coello Castillo, y el secretario Fomento Tur\u00edstico, \u00c1ngel Norberto Osorio Morales, se unieron para dar inicio a los preparativos de la \u00abNoche de R\u00e1banos\u00bb, un evento que ha sido declarado Patrimonio Cultural del Estado de Oaxaca.<\/p>\n\n\n\n<p>Este a\u00f1o la \u00abNoche de R\u00e1banos\u00bb celebra su edici\u00f3n n\u00famero 126, consolid\u00e1ndose como una de las tradiciones emblem\u00e1ticas en la cultura oaxaque\u00f1a a nivel nacional. La siembra de r\u00e1banos es una etapa crucial que marca el inicio de los preparativos para este evento esperado por miles de personas. En esta ocasi\u00f3n se sembrar\u00e1n 10 libras de r\u00e1banos Bartender y 5 libras de r\u00e1banos Champion.<\/p>\n\n\n\n<p>De esta forma, la \u00abNoche de R\u00e1banos\u00bb es una celebraci\u00f3n que destaca por su creatividad y dedicaci\u00f3n al ser esculpidas figuras y escenas distintas con las manos de hortelanas y hortelanos, creando verdaderas obras de arte. Cada a\u00f1o, miles de visitantes y locales se congregan en el Z\u00f3calo de la ciudad de Oaxaca para admirar estos impresionantes trabajos.<\/p>\n\n\n\n<p>La edici\u00f3n 126 de la \u00abNoche de R\u00e1banos\u00bb se anticipa como un evento excepcional que, una vez m\u00e1s, atraer\u00e1 la atenci\u00f3n de locales y visitantes, y consolidar\u00e1 a Oaxaca de Ju\u00e1rez como un epicentro de riqueza cultural y creatividad. De esta forma, el gobierno municipal contin\u00faa trabajando en la promoci\u00f3n y preservaci\u00f3n de las tradiciones y valores culturales que hacen de Oaxaca de Ju\u00e1rez un lugar \u00fanico en el mundo.<\/p>\n\n\n\n<figure class=\"wp-block-image size-large\"><img fetchpriority=\"high\" decoding=\"async\" width=\"1024\" height=\"684\" src=\"https:\/\/contextoanalisisperiodistico.com\/wp-content\/uploads\/2023\/09\/img-20230925-wa00311895255182753298896-1024x684.jpg\" alt=\"\" class=\"wp-image-18652\" srcset=\"https:\/\/contextoanalisisperiodistico.com\/wp-content\/uploads\/2023\/09\/img-20230925-wa00311895255182753298896-1024x684.jpg 1024w, https:\/\/contextoanalisisperiodistico.com\/wp-content\/uploads\/2023\/09\/img-20230925-wa00311895255182753298896-300x200.jpg 300w, https:\/\/contextoanalisisperiodistico.com\/wp-content\/uploads\/2023\/09\/img-20230925-wa00311895255182753298896-768x513.jpg 768w, https:\/\/contextoanalisisperiodistico.com\/wp-content\/uploads\/2023\/09\/img-20230925-wa00311895255182753298896-1536x1026.jpg 1536w, https:\/\/contextoanalisisperiodistico.com\/wp-content\/uploads\/2023\/09\/img-20230925-wa00311895255182753298896.jpg 1600w\" sizes=\"(max-width: 1024px) 100vw, 1024px\" \/><\/figure>\n\n\n\n<figure class=\"wp-block-image\"><img decoding=\"async\" width=\"1024\" height=\"684\" src=\"https:\/\/contextoanalisisperiodistico.com\/wp-content\/uploads\/2023\/09\/img-20230925-wa0033521079850086418011-1024x684.jpg\" alt=\"\" class=\"wp-image-18651\" srcset=\"https:\/\/contextoanalisisperiodistico.com\/wp-content\/uploads\/2023\/09\/img-20230925-wa0033521079850086418011-1024x684.jpg 1024w, https:\/\/contextoanalisisperiodistico.com\/wp-content\/uploads\/2023\/09\/img-20230925-wa0033521079850086418011-300x200.jpg 300w, https:\/\/contextoanalisisperiodistico.com\/wp-content\/uploads\/2023\/09\/img-20230925-wa0033521079850086418011-768x513.jpg 768w, https:\/\/contextoanalisisperiodistico.com\/wp-content\/uploads\/2023\/09\/img-20230925-wa0033521079850086418011-1536x1026.jpg 1536w, https:\/\/contextoanalisisperiodistico.com\/wp-content\/uploads\/2023\/09\/img-20230925-wa0033521079850086418011.jpg 1600w\" sizes=\"(max-width: 1024px) 100vw, 1024px\" \/><\/figure>\n\n\n\n<figure class=\"wp-block-image\"><img decoding=\"async\" width=\"1024\" height=\"684\" src=\"https:\/\/contextoanalisisperiodistico.com\/wp-content\/uploads\/2023\/09\/img-20230925-wa00321736462158367288046-1024x684.jpg\" alt=\"\" class=\"wp-image-18649\" srcset=\"https:\/\/contextoanalisisperiodistico.com\/wp-content\/uploads\/2023\/09\/img-20230925-wa00321736462158367288046-1024x684.jpg 1024w, https:\/\/contextoanalisisperiodistico.com\/wp-content\/uploads\/2023\/09\/img-20230925-wa00321736462158367288046-300x200.jpg 300w, https:\/\/contextoanalisisperiodistico.com\/wp-content\/uploads\/2023\/09\/img-20230925-wa00321736462158367288046-768x513.jpg 768w, https:\/\/contextoanalisisperiodistico.com\/wp-content\/uploads\/2023\/09\/img-20230925-wa00321736462158367288046-1536x1026.jpg 1536w, https:\/\/contextoanalisisperiodistico.com\/wp-content\/uploads\/2023\/09\/img-20230925-wa00321736462158367288046.jpg 1600w\" sizes=\"(max-width: 1024px) 100vw, 1024px\" \/><\/figure>\n\n\n\n<figure class=\"wp-block-image\"><img loading=\"lazy\" decoding=\"async\" width=\"684\" height=\"1024\" src=\"https:\/\/contextoanalisisperiodistico.com\/wp-content\/uploads\/2023\/09\/img-20230925-wa00345981341354040257721-684x1024.jpg\" alt=\"\" class=\"wp-image-18650\" srcset=\"https:\/\/contextoanalisisperiodistico.com\/wp-content\/uploads\/2023\/09\/img-20230925-wa00345981341354040257721-684x1024.jpg 684w, https:\/\/contextoanalisisperiodistico.com\/wp-content\/uploads\/2023\/09\/img-20230925-wa00345981341354040257721-200x300.jpg 200w, https:\/\/contextoanalisisperiodistico.com\/wp-content\/uploads\/2023\/09\/img-20230925-wa00345981341354040257721-768x1149.jpg 768w, https:\/\/contextoanalisisperiodistico.com\/wp-content\/uploads\/2023\/09\/img-20230925-wa00345981341354040257721-1026x1536.jpg 1026w, https:\/\/contextoanalisisperiodistico.com\/wp-content\/uploads\/2023\/09\/img-20230925-wa00345981341354040257721-1024x1533.jpg 1024w, https:\/\/contextoanalisisperiodistico.com\/wp-content\/uploads\/2023\/09\/img-20230925-wa00345981341354040257721.jpg 1069w\" sizes=\"(max-width: 684px) 100vw, 684px\" \/><\/figure>\n","protected":false},"excerpt":{"rendered":"<p>\u2022 Siembran las semillas de los tub\u00e9rculos que ser\u00e1n convertidos en obras de arte por&#8230;<\/p>\n","protected":false},"author":4,"featured_media":18648,"comment_status":"closed","ping_status":"open","sticky":false,"template":"","format":"standard","meta":{"footnotes":""},"categories":[9],"tags":[],"jetpack_sharing_enabled":true,"featured_image_urls":{"full":["https:\/\/contextoanalisisperiodistico.com\/wp-content\/uploads\/2023\/09\/IMG-20230925-WA0035.jpg",1600,1069,false],"thumbnail":["https:\/\/contextoanalisisperiodistico.com\/wp-content\/uploads\/2023\/09\/IMG-20230925-WA0035-150x150.jpg",150,150,true],"medium":["https:\/\/contextoanalisisperiodistico.com\/wp-content\/uploads\/2023\/09\/IMG-20230925-WA0035-300x200.jpg",300,200,true],"medium_large":["https:\/\/contextoanalisisperiodistico.com\/wp-content\/uploads\/2023\/09\/IMG-20230925-WA0035-768x513.jpg",640,428,true],"large":["https:\/\/contextoanalisisperiodistico.com\/wp-content\/uploads\/2023\/09\/IMG-20230925-WA0035-1024x684.jpg",640,428,true],"1536x1536":["https:\/\/contextoanalisisperiodistico.com\/wp-content\/uploads\/2023\/09\/IMG-20230925-WA0035-1536x1026.jpg",1536,1026,true],"2048x2048":["https:\/\/contextoanalisisperiodistico.com\/wp-content\/uploads\/2023\/09\/IMG-20230925-WA0035.jpg",1600,1069,false],"covernews-slider-full":["https:\/\/contextoanalisisperiodistico.com\/wp-content\/uploads\/2023\/09\/IMG-20230925-WA0035-1115x715.jpg",1115,715,true],"covernews-slider-center":["https:\/\/contextoanalisisperiodistico.com\/wp-content\/uploads\/2023\/09\/IMG-20230925-WA0035-800x500.jpg",800,500,true],"covernews-featured":["https:\/\/contextoanalisisperiodistico.com\/wp-content\/uploads\/2023\/09\/IMG-20230925-WA0035-1024x684.jpg",1024,684,true],"covernews-medium":["https:\/\/contextoanalisisperiodistico.com\/wp-content\/uploads\/2023\/09\/IMG-20230925-WA0035-540x340.jpg",540,340,true],"covernews-medium-square":["https:\/\/contextoanalisisperiodistico.com\/wp-content\/uploads\/2023\/09\/IMG-20230925-WA0035-400x250.jpg",400,250,true]},"author_info":{"display_name":"Mario Gir\u00f3n","author_link":"https:\/\/contextoanalisisperiodistico.com\/index.php\/author\/director\/"},"category_info":"<a href=\"https:\/\/contextoanalisisperiodistico.com\/index.php\/category\/politica\/\" rel=\"category tag\">Pol\u00edtica<\/a>","tag_info":"Pol\u00edtica","comment_count":"0","jetpack_featured_media_url":"https:\/\/contextoanalisisperiodistico.com\/wp-content\/uploads\/2023\/09\/IMG-20230925-WA0035.jpg","_links":{"self":[{"href":"https:\/\/contextoanalisisperiodistico.com\/index.php\/wp-json\/wp\/v2\/posts\/18647"}],"collection":[{"href":"https:\/\/contextoanalisisperiodistico.com\/index.php\/wp-json\/wp\/v2\/posts"}],"about":[{"href":"https:\/\/contextoanalisisperiodistico.com\/index.php\/wp-json\/wp\/v2\/types\/post"}],"author":[{"embeddable":true,"href":"https:\/\/contextoanalisisperiodistico.com\/index.php\/wp-json\/wp\/v2\/users\/4"}],"replies":[{"embeddable":true,"href":"https:\/\/contextoanalisisperiodistico.com\/index.php\/wp-json\/wp\/v2\/comments?post=18647"}],"version-history":[{"count":1,"href":"https:\/\/contextoanalisisperiodistico.com\/index.php\/wp-json\/wp\/v2\/posts\/18647\/revisions"}],"predecessor-version":[{"id":18653,"href":"https:\/\/contextoanalisisperiodistico.com\/index.php\/wp-json\/wp\/v2\/posts\/18647\/revisions\/18653"}],"wp:featuredmedia":[{"embeddable":true,"href":"https:\/\/contextoanalisisperiodistico.com\/index.php\/wp-json\/wp\/v2\/media\/18648"}],"wp:attachment":[{"href":"https:\/\/contextoanalisisperiodistico.com\/index.php\/wp-json\/wp\/v2\/media?parent=18647"}],"wp:term":[{"taxonomy":"category","embeddable":true,"href":"https:\/\/contextoanalisisperiodistico.com\/index.php\/wp-json\/wp\/v2\/categories?post=18647"},{"taxonomy":"post_tag","embeddable":true,"href":"https:\/\/contextoanalisisperiodistico.com\/index.php\/wp-json\/wp\/v2\/tags?post=18647"}],"curies":[{"name":"wp","href":"https:\/\/api.w.org\/{rel}","templated":true}]}}