{"id":18619,"date":"2023-09-10T17:03:11","date_gmt":"2023-09-10T23:03:11","guid":{"rendered":"https:\/\/contextoanalisisperiodistico.com\/?p=18619"},"modified":"2023-09-10T17:03:40","modified_gmt":"2023-09-10T23:03:40","slug":"acerca-sedeco-sus-servicios-del-gabinete-economico-a-huajuapan-de-leon","status":"publish","type":"post","link":"https:\/\/contextoanalisisperiodistico.com\/index.php\/2023\/09\/10\/acerca-sedeco-sus-servicios-del-gabinete-economico-a-huajuapan-de-leon\/","title":{"rendered":"Acerca Sedeco sus servicios del gabinete econ\u00f3mico a Huajuapan de Le\u00f3n"},"content":{"rendered":"<div id=\"fb-root\"><\/div>\n\n<p>\u2022 A trav\u00e9s del foro Oaxaca Impulsa se da a conocer el acompa\u00f1amiento permanente a micro, peque\u00f1as y medianas empresas para incentivar su crecimiento y desarrollo<\/p>\n\n\n\n<p><br>Huajuapan de Le\u00f3n, Oax. 10 de septiembre de 2023.- La Secretar\u00eda de Desarrollo Econ\u00f3mico (Sedeco) del Gobierno del Estado contin\u00faa acercando los servicios del gabinete econ\u00f3mico a las ocho regiones de la entidad, en esta ocasi\u00f3n al municipio de Huajuapan de Le\u00f3n, en la regi\u00f3n Mixteca.<\/p>\n\n\n\n<p>El titular de la Sedeco, Ra\u00fal Ruiz Robles, enfatiz\u00f3 que a trav\u00e9s del foro Oaxaca Impulsa se dan a conocer los diversos servicios que ofrece la dependencia sin costo alguno, as\u00ed como un acompa\u00f1amiento permanente que se brinda a las micro, peque\u00f1as y medianas empresas de todo el estado para incentivar su crecimiento y desarrollo.<\/p>\n\n\n\n<p>\u201cHuajuapan de Le\u00f3n es un centro econ\u00f3mico importante en la regi\u00f3n Mixteca en el que convive su cultura, tradiciones y recursos naturales. Desde la Secretar\u00eda a mi cargo buscamos que esta relaci\u00f3n entre la actividad econ\u00f3mica, cultural y de biodiversidad, se aproveche al m\u00e1ximo para que el desarrollo econ\u00f3mico sea en beneficio de sus habitantes\u201d, precis\u00f3 Ruiz Robles.<\/p>\n\n\n\n<p>El foro incluy\u00f3 charlas, asesor\u00edas para registro de marca, diagn\u00f3stico empresarial, mesas de negocios, capacitaciones para mejorar en los negocios y conferencias.<\/p>\n\n\n\n<p>Asimismo, se llev\u00f3 a cabo el taller Acercando la econom\u00eda social al territorio, impartido por el coordinador operativo del Laboratorio de Innovaci\u00f3n Econ\u00f3mica y Social de la Universidad Iberoamericana de Puebla, Francisco Javier Luengas.<\/p>\n\n\n\n<p>Adem\u00e1s, se impartieron los talleres Fotograf\u00eda de producto con celular; Acercando la econom\u00eda social al territorio; Marketing digital para micro y peque\u00f1as empresas, y Empaquetado correcto para arribo seguro.<\/p>\n\n\n\n<p>El Foro Oaxaca Impulsa se llev\u00f3 a cabo en las instalaciones de la Universidad Tecnol\u00f3gico de la Mixteca donde estudiantes expusieron proyectos y formaron parte de los diferentes m\u00f3dulos ofertados. La siguiente edici\u00f3n ser\u00e1 el 22 de septiembre en los municipios de San Pedro y San Pablo Ayutla.<\/p>\n\n\n\n<figure class=\"wp-block-image size-large\"><img fetchpriority=\"high\" decoding=\"async\" width=\"970\" height=\"684\" src=\"https:\/\/contextoanalisisperiodistico.com\/wp-content\/uploads\/2023\/09\/img-20230910-wa00504326747337590016253.jpg\" alt=\"\" class=\"wp-image-18622\" srcset=\"https:\/\/contextoanalisisperiodistico.com\/wp-content\/uploads\/2023\/09\/img-20230910-wa00504326747337590016253.jpg 970w, https:\/\/contextoanalisisperiodistico.com\/wp-content\/uploads\/2023\/09\/img-20230910-wa00504326747337590016253-300x212.jpg 300w, https:\/\/contextoanalisisperiodistico.com\/wp-content\/uploads\/2023\/09\/img-20230910-wa00504326747337590016253-768x542.jpg 768w\" sizes=\"(max-width: 970px) 100vw, 970px\" \/><\/figure>\n\n\n\n<figure class=\"wp-block-image\"><img decoding=\"async\" width=\"300\" height=\"200\" src=\"https:\/\/contextoanalisisperiodistico.com\/wp-content\/uploads\/2023\/09\/img-20230910-wa00513255126687280826798-300x200.jpg\" alt=\"\" class=\"wp-image-18621\" srcset=\"https:\/\/contextoanalisisperiodistico.com\/wp-content\/uploads\/2023\/09\/img-20230910-wa00513255126687280826798-300x200.jpg 300w, https:\/\/contextoanalisisperiodistico.com\/wp-content\/uploads\/2023\/09\/img-20230910-wa00513255126687280826798-768x511.jpg 768w, https:\/\/contextoanalisisperiodistico.com\/wp-content\/uploads\/2023\/09\/img-20230910-wa00513255126687280826798.jpg 970w\" sizes=\"(max-width: 300px) 100vw, 300px\" \/><\/figure>\n","protected":false},"excerpt":{"rendered":"<p>\u2022 A trav\u00e9s del foro Oaxaca Impulsa se da a conocer el acompa\u00f1amiento permanente a&#8230;<\/p>\n","protected":false},"author":4,"featured_media":18620,"comment_status":"closed","ping_status":"open","sticky":false,"template":"","format":"standard","meta":{"footnotes":""},"categories":[7],"tags":[],"jetpack_sharing_enabled":true,"featured_image_urls":{"full":["https:\/\/contextoanalisisperiodistico.com\/wp-content\/uploads\/2023\/09\/IMG-20230910-WA0049.jpg",970,624,false],"thumbnail":["https:\/\/contextoanalisisperiodistico.com\/wp-content\/uploads\/2023\/09\/IMG-20230910-WA0049-150x150.jpg",150,150,true],"medium":["https:\/\/contextoanalisisperiodistico.com\/wp-content\/uploads\/2023\/09\/IMG-20230910-WA0049-300x193.jpg",300,193,true],"medium_large":["https:\/\/contextoanalisisperiodistico.com\/wp-content\/uploads\/2023\/09\/IMG-20230910-WA0049-768x494.jpg",640,412,true],"large":["https:\/\/contextoanalisisperiodistico.com\/wp-content\/uploads\/2023\/09\/IMG-20230910-WA0049.jpg",640,412,false],"1536x1536":["https:\/\/contextoanalisisperiodistico.com\/wp-content\/uploads\/2023\/09\/IMG-20230910-WA0049.jpg",970,624,false],"2048x2048":["https:\/\/contextoanalisisperiodistico.com\/wp-content\/uploads\/2023\/09\/IMG-20230910-WA0049.jpg",970,624,false],"covernews-slider-full":["https:\/\/contextoanalisisperiodistico.com\/wp-content\/uploads\/2023\/09\/IMG-20230910-WA0049.jpg",970,624,false],"covernews-slider-center":["https:\/\/contextoanalisisperiodistico.com\/wp-content\/uploads\/2023\/09\/IMG-20230910-WA0049-800x500.jpg",800,500,true],"covernews-featured":["https:\/\/contextoanalisisperiodistico.com\/wp-content\/uploads\/2023\/09\/IMG-20230910-WA0049.jpg",970,624,false],"covernews-medium":["https:\/\/contextoanalisisperiodistico.com\/wp-content\/uploads\/2023\/09\/IMG-20230910-WA0049-540x340.jpg",540,340,true],"covernews-medium-square":["https:\/\/contextoanalisisperiodistico.com\/wp-content\/uploads\/2023\/09\/IMG-20230910-WA0049-400x250.jpg",400,250,true]},"author_info":{"display_name":"Mario Gir\u00f3n","author_link":"https:\/\/contextoanalisisperiodistico.com\/index.php\/author\/director\/"},"category_info":"<a href=\"https:\/\/contextoanalisisperiodistico.com\/index.php\/category\/municipios\/\" rel=\"category tag\">Municipios<\/a>","tag_info":"Municipios","comment_count":"0","jetpack_featured_media_url":"https:\/\/contextoanalisisperiodistico.com\/wp-content\/uploads\/2023\/09\/IMG-20230910-WA0049.jpg","_links":{"self":[{"href":"https:\/\/contextoanalisisperiodistico.com\/index.php\/wp-json\/wp\/v2\/posts\/18619"}],"collection":[{"href":"https:\/\/contextoanalisisperiodistico.com\/index.php\/wp-json\/wp\/v2\/posts"}],"about":[{"href":"https:\/\/contextoanalisisperiodistico.com\/index.php\/wp-json\/wp\/v2\/types\/post"}],"author":[{"embeddable":true,"href":"https:\/\/contextoanalisisperiodistico.com\/index.php\/wp-json\/wp\/v2\/users\/4"}],"replies":[{"embeddable":true,"href":"https:\/\/contextoanalisisperiodistico.com\/index.php\/wp-json\/wp\/v2\/comments?post=18619"}],"version-history":[{"count":1,"href":"https:\/\/contextoanalisisperiodistico.com\/index.php\/wp-json\/wp\/v2\/posts\/18619\/revisions"}],"predecessor-version":[{"id":18623,"href":"https:\/\/contextoanalisisperiodistico.com\/index.php\/wp-json\/wp\/v2\/posts\/18619\/revisions\/18623"}],"wp:featuredmedia":[{"embeddable":true,"href":"https:\/\/contextoanalisisperiodistico.com\/index.php\/wp-json\/wp\/v2\/media\/18620"}],"wp:attachment":[{"href":"https:\/\/contextoanalisisperiodistico.com\/index.php\/wp-json\/wp\/v2\/media?parent=18619"}],"wp:term":[{"taxonomy":"category","embeddable":true,"href":"https:\/\/contextoanalisisperiodistico.com\/index.php\/wp-json\/wp\/v2\/categories?post=18619"},{"taxonomy":"post_tag","embeddable":true,"href":"https:\/\/contextoanalisisperiodistico.com\/index.php\/wp-json\/wp\/v2\/tags?post=18619"}],"curies":[{"name":"wp","href":"https:\/\/api.w.org\/{rel}","templated":true}]}}