{"id":18556,"date":"2023-09-09T13:26:18","date_gmt":"2023-09-09T19:26:18","guid":{"rendered":"https:\/\/contextoanalisisperiodistico.com\/?p=18556"},"modified":"2023-09-09T13:26:49","modified_gmt":"2023-09-09T19:26:49","slug":"atiende-y-equipa-ieepo-a-jardin-de-ninos-de-tlaxiaco-afectado-por-fuertes-lluvias-2","status":"publish","type":"post","link":"https:\/\/contextoanalisisperiodistico.com\/index.php\/2023\/09\/09\/atiende-y-equipa-ieepo-a-jardin-de-ninos-de-tlaxiaco-afectado-por-fuertes-lluvias-2\/","title":{"rendered":"Atiende y equipa IEEPO a jard\u00edn de ni\u00f1os de Tlaxiaco afectado por fuertes lluvias"},"content":{"rendered":"<div id=\"fb-root\"><\/div>\n\n<p>\u2022 Se entreg\u00f3 nuevo mobiliario y equipo para sustituir el que result\u00f3 da\u00f1ado por inundaci\u00f3n en el Jard\u00edn de Ni\u00f1os Ovidio Decroly<\/p>\n\n\n\n<figure class=\"wp-block-image size-large\"><img fetchpriority=\"high\" decoding=\"async\" width=\"1024\" height=\"768\" src=\"https:\/\/contextoanalisisperiodistico.com\/wp-content\/uploads\/2023\/09\/img-20230909-wa00311080810670988220681.jpg\" alt=\"\" class=\"wp-image-18558\" srcset=\"https:\/\/contextoanalisisperiodistico.com\/wp-content\/uploads\/2023\/09\/img-20230909-wa00311080810670988220681.jpg 1024w, https:\/\/contextoanalisisperiodistico.com\/wp-content\/uploads\/2023\/09\/img-20230909-wa00311080810670988220681-300x225.jpg 300w, https:\/\/contextoanalisisperiodistico.com\/wp-content\/uploads\/2023\/09\/img-20230909-wa00311080810670988220681-768x576.jpg 768w\" sizes=\"(max-width: 1024px) 100vw, 1024px\" \/><\/figure>\n\n\n\n<figure class=\"wp-block-image\"><img decoding=\"async\" width=\"300\" height=\"201\" src=\"https:\/\/contextoanalisisperiodistico.com\/wp-content\/uploads\/2023\/09\/img-20230909-wa00263784248774014945689-300x201.jpg\" alt=\"\" class=\"wp-image-18559\" srcset=\"https:\/\/contextoanalisisperiodistico.com\/wp-content\/uploads\/2023\/09\/img-20230909-wa00263784248774014945689-300x201.jpg 300w, https:\/\/contextoanalisisperiodistico.com\/wp-content\/uploads\/2023\/09\/img-20230909-wa00263784248774014945689-768x514.jpg 768w, https:\/\/contextoanalisisperiodistico.com\/wp-content\/uploads\/2023\/09\/img-20230909-wa00263784248774014945689.jpg 1024w\" sizes=\"(max-width: 300px) 100vw, 300px\" \/><\/figure>\n\n\n\n<figure class=\"wp-block-image\"><img decoding=\"async\" width=\"300\" height=\"225\" src=\"https:\/\/contextoanalisisperiodistico.com\/wp-content\/uploads\/2023\/09\/img-20230909-wa00276645434417329635936-300x225.jpg\" alt=\"\" class=\"wp-image-18560\" srcset=\"https:\/\/contextoanalisisperiodistico.com\/wp-content\/uploads\/2023\/09\/img-20230909-wa00276645434417329635936-300x225.jpg 300w, https:\/\/contextoanalisisperiodistico.com\/wp-content\/uploads\/2023\/09\/img-20230909-wa00276645434417329635936-768x576.jpg 768w, https:\/\/contextoanalisisperiodistico.com\/wp-content\/uploads\/2023\/09\/img-20230909-wa00276645434417329635936.jpg 1024w\" sizes=\"(max-width: 300px) 100vw, 300px\" \/><\/figure>\n\n\n\n<figure class=\"wp-block-image\"><img loading=\"lazy\" decoding=\"async\" width=\"300\" height=\"254\" src=\"https:\/\/contextoanalisisperiodistico.com\/wp-content\/uploads\/2023\/09\/img-20230909-wa0029357649193317451517-300x254.jpg\" alt=\"\" class=\"wp-image-18562\" srcset=\"https:\/\/contextoanalisisperiodistico.com\/wp-content\/uploads\/2023\/09\/img-20230909-wa0029357649193317451517-300x254.jpg 300w, https:\/\/contextoanalisisperiodistico.com\/wp-content\/uploads\/2023\/09\/img-20230909-wa0029357649193317451517-768x650.jpg 768w, https:\/\/contextoanalisisperiodistico.com\/wp-content\/uploads\/2023\/09\/img-20230909-wa0029357649193317451517.jpg 1024w\" sizes=\"(max-width: 300px) 100vw, 300px\" \/><\/figure>\n\n\n\n<figure class=\"wp-block-image\"><img loading=\"lazy\" decoding=\"async\" width=\"300\" height=\"225\" src=\"https:\/\/contextoanalisisperiodistico.com\/wp-content\/uploads\/2023\/09\/img-20230909-wa00283034685529821757233-300x225.jpg\" alt=\"\" class=\"wp-image-18561\" srcset=\"https:\/\/contextoanalisisperiodistico.com\/wp-content\/uploads\/2023\/09\/img-20230909-wa00283034685529821757233-300x225.jpg 300w, https:\/\/contextoanalisisperiodistico.com\/wp-content\/uploads\/2023\/09\/img-20230909-wa00283034685529821757233-768x576.jpg 768w, https:\/\/contextoanalisisperiodistico.com\/wp-content\/uploads\/2023\/09\/img-20230909-wa00283034685529821757233.jpg 1024w\" sizes=\"(max-width: 300px) 100vw, 300px\" \/><\/figure>\n\n\n\n<p>Heroica Ciudad de Tlaxiaco, Oax. 9 de septiembre de 2023.- Ante la inundaci\u00f3n y severas afectaciones que causaron las fuertes lluvias en el jard\u00edn de ni\u00f1os Ovidio Decroly de este municipio, el Instituto Estatal de Educaci\u00f3n P\u00fablica de Oaxaca (IEEPO) brind\u00f3 la atenci\u00f3n requerida y entreg\u00f3 de inmediato un lote de mobiliario, equipo y material did\u00e1ctico nuevo para sustituir al que result\u00f3 da\u00f1ado.<\/p>\n\n\n\n<p>El director general del IEEPO Emilio Montero P\u00e9rez cumpli\u00f3 la instrucci\u00f3n del Gobernador del Estado Salom\u00f3n Jara Cruz para resolver esta situaci\u00f3n que afectaba a las ni\u00f1as y ni\u00f1os de la instituci\u00f3n de este municipio de la regi\u00f3n Mixteca.<br \/>En un recorrido por el plantel escuch\u00f3 y atendi\u00f3 los planteamientos de autoridades municipales, personal directivo y docente, madres y padres de familia, y habitantes del lugar.<\/p>\n\n\n\n<p>El IEEPO realiz\u00f3 el traslado y entrega a la instituci\u00f3n educativa de 32 mesas y 128 sillas para preescolar, cuatro mesas con sus sillas para docentes, ocho pizarrones, igual n\u00famero de anaqueles y botes de pintura, un archivero, una bocina y una bandera con sus implementos, as\u00ed como material de oficina con cinco millares de hojas blancas, 500 folders, 10 paquetes de marcadores y de borradores para pizarr\u00f3n blanco.<\/p>\n\n\n\n<p>Tambi\u00e9n entreg\u00f3 al jard\u00edn de ni\u00f1os paquetes de material de aseo, 12 litros de cloro, 12 litros de limpiador multiuso, 10 kilogramos de detergente, franela y jerga.<\/p>\n\n\n\n<p>Personal del Instituto brind\u00f3 el apoyo necesario en esta situaci\u00f3n, se supervisaron las afectaciones en el plantel y se sumaron a los trabajos de limpieza para sacar el agua y lodo de los salones de clases del plantel ubicado en el n\u00facleo rural Ricardo Flores Mag\u00f3n, las cuales se realizaron con ayuda de la poblaci\u00f3n, docentes, elementos de la Guardia Nacional y del Ej\u00e9rcito Mexicano que aplicaron en la zona el Plan DN III-E.<\/p>\n\n\n\n<p>Destacaron que el IEEPO cumple las instrucciones del Gobernador Salom\u00f3n Jara Cruz para atender las necesidades m\u00e1s apremiantes de los pueblos y comunidades, especialmente en situaciones de afectaci\u00f3n a las escuelas por fen\u00f3menos meteorol\u00f3gicos, por lo que tambi\u00e9n se trabaja en la implementaci\u00f3n de medidas preventivas para asegurar la integridad f\u00edsica de la comunidad escolar.<\/p>\n","protected":false},"excerpt":{"rendered":"<p>\u2022 Se entreg\u00f3 nuevo mobiliario y equipo para sustituir el que result\u00f3 da\u00f1ado por inundaci\u00f3n&#8230;<\/p>\n","protected":false},"author":4,"featured_media":18557,"comment_status":"closed","ping_status":"open","sticky":false,"template":"","format":"standard","meta":{"footnotes":""},"categories":[9],"tags":[],"jetpack_sharing_enabled":true,"featured_image_urls":{"full":["https:\/\/contextoanalisisperiodistico.com\/wp-content\/uploads\/2023\/09\/IMG-20230909-WA0030.jpg",1024,575,false],"thumbnail":["https:\/\/contextoanalisisperiodistico.com\/wp-content\/uploads\/2023\/09\/IMG-20230909-WA0030-150x150.jpg",150,150,true],"medium":["https:\/\/contextoanalisisperiodistico.com\/wp-content\/uploads\/2023\/09\/IMG-20230909-WA0030-300x168.jpg",300,168,true],"medium_large":["https:\/\/contextoanalisisperiodistico.com\/wp-content\/uploads\/2023\/09\/IMG-20230909-WA0030-768x431.jpg",640,359,true],"large":["https:\/\/contextoanalisisperiodistico.com\/wp-content\/uploads\/2023\/09\/IMG-20230909-WA0030.jpg",640,359,false],"1536x1536":["https:\/\/contextoanalisisperiodistico.com\/wp-content\/uploads\/2023\/09\/IMG-20230909-WA0030.jpg",1024,575,false],"2048x2048":["https:\/\/contextoanalisisperiodistico.com\/wp-content\/uploads\/2023\/09\/IMG-20230909-WA0030.jpg",1024,575,false],"covernews-slider-full":["https:\/\/contextoanalisisperiodistico.com\/wp-content\/uploads\/2023\/09\/IMG-20230909-WA0030.jpg",1024,575,false],"covernews-slider-center":["https:\/\/contextoanalisisperiodistico.com\/wp-content\/uploads\/2023\/09\/IMG-20230909-WA0030-800x500.jpg",800,500,true],"covernews-featured":["https:\/\/contextoanalisisperiodistico.com\/wp-content\/uploads\/2023\/09\/IMG-20230909-WA0030.jpg",1024,575,false],"covernews-medium":["https:\/\/contextoanalisisperiodistico.com\/wp-content\/uploads\/2023\/09\/IMG-20230909-WA0030-540x340.jpg",540,340,true],"covernews-medium-square":["https:\/\/contextoanalisisperiodistico.com\/wp-content\/uploads\/2023\/09\/IMG-20230909-WA0030-400x250.jpg",400,250,true]},"author_info":{"display_name":"Mario Gir\u00f3n","author_link":"https:\/\/contextoanalisisperiodistico.com\/index.php\/author\/director\/"},"category_info":"<a href=\"https:\/\/contextoanalisisperiodistico.com\/index.php\/category\/politica\/\" rel=\"category tag\">Pol\u00edtica<\/a>","tag_info":"Pol\u00edtica","comment_count":"0","jetpack_featured_media_url":"https:\/\/contextoanalisisperiodistico.com\/wp-content\/uploads\/2023\/09\/IMG-20230909-WA0030.jpg","_links":{"self":[{"href":"https:\/\/contextoanalisisperiodistico.com\/index.php\/wp-json\/wp\/v2\/posts\/18556"}],"collection":[{"href":"https:\/\/contextoanalisisperiodistico.com\/index.php\/wp-json\/wp\/v2\/posts"}],"about":[{"href":"https:\/\/contextoanalisisperiodistico.com\/index.php\/wp-json\/wp\/v2\/types\/post"}],"author":[{"embeddable":true,"href":"https:\/\/contextoanalisisperiodistico.com\/index.php\/wp-json\/wp\/v2\/users\/4"}],"replies":[{"embeddable":true,"href":"https:\/\/contextoanalisisperiodistico.com\/index.php\/wp-json\/wp\/v2\/comments?post=18556"}],"version-history":[{"count":1,"href":"https:\/\/contextoanalisisperiodistico.com\/index.php\/wp-json\/wp\/v2\/posts\/18556\/revisions"}],"predecessor-version":[{"id":18563,"href":"https:\/\/contextoanalisisperiodistico.com\/index.php\/wp-json\/wp\/v2\/posts\/18556\/revisions\/18563"}],"wp:featuredmedia":[{"embeddable":true,"href":"https:\/\/contextoanalisisperiodistico.com\/index.php\/wp-json\/wp\/v2\/media\/18557"}],"wp:attachment":[{"href":"https:\/\/contextoanalisisperiodistico.com\/index.php\/wp-json\/wp\/v2\/media?parent=18556"}],"wp:term":[{"taxonomy":"category","embeddable":true,"href":"https:\/\/contextoanalisisperiodistico.com\/index.php\/wp-json\/wp\/v2\/categories?post=18556"},{"taxonomy":"post_tag","embeddable":true,"href":"https:\/\/contextoanalisisperiodistico.com\/index.php\/wp-json\/wp\/v2\/tags?post=18556"}],"curies":[{"name":"wp","href":"https:\/\/api.w.org\/{rel}","templated":true}]}}